{"id":28474,"date":"2025-03-16T20:11:26","date_gmt":"2025-03-16T17:11:26","guid":{"rendered":"https:\/\/marmarayerelhizmet.com\/?p=28474"},"modified":"2025-03-16T20:11:26","modified_gmt":"2025-03-16T17:11:26","slug":"baskan-akindan-bin-133-muhtara-tesekkur","status":"publish","type":"post","link":"https:\/\/marmarayerelhizmet.com\/index.php\/2025\/03\/16\/baskan-akindan-bin-133-muhtara-tesekkur\/","title":{"rendered":"Ba\u015fkan Ak\u0131n\u2019dan Bin 133 Muhtara Te\u015fekk\u00fcr"},"content":{"rendered":"<p><strong><span style=\"font-family: arial, helvetica, sans-serif; font-size: 14px;\">Bal\u0131kesir B\u00fcy\u00fck\u015fehir Belediye Ba\u015fkan\u0131 Ahmet Ak\u0131n, iftar program\u0131nda muhtarlarla bir araya geldi. Muhtarlar\u0131n, vatanda\u015fa en yak\u0131n idari birimler oldu\u011funu ifade eden Ak\u0131n, \u201cSize \u00e7ok te\u015fekk\u00fcr ediyorum, g\u00f6reve gelmemizin ard\u0131ndan siz k\u0131ymetli muhtarlar\u0131m\u0131z bizi hi\u00e7 yaln\u0131z b\u0131rakmad\u0131n\u0131z, y\u00fcr\u00fcd\u00fc\u011f\u00fcm\u00fcz yolda yaren oldunuz, karde\u015f oldunuz, tek y\u00fcrek oldunuz.&#8221; dedi.<\/span><\/strong><\/p>\n<p><span style=\"font-family: arial, helvetica, sans-serif; font-size: 14px;\">Bal\u0131kesir B\u00fcy\u00fck\u015fehir Belediye Ba\u015fkan\u0131 Ahmet Ak\u0131n, Bal\u0131kesir B\u00fcy\u00fck\u015fehir Belediyesi\u2019nin 20 il\u00e7edeki toplam 1133 muhtar i\u00e7in d\u00fczenledi\u011fi iftar program\u0131na kat\u0131ld\u0131. Tuna Plaza\u2019da d\u00fczenlenen iftar program\u0131na Ba\u015fkan Ak\u0131n\u2019\u0131n yan\u0131 s\u0131ra; CHP Bal\u0131kesir Milletvekili Serkan Sar\u0131, CHP Bal\u0131kesir \u0130l Ba\u015fkan\u0131 Erden K\u00f6yba\u015f\u0131, BBB Muhtarl\u0131k \u0130\u015fleri Dairesi Ba\u015fkan\u0131 Erkan Uzun ve muhtarlar kat\u0131ld\u0131. Ramazan Ay\u0131\u2019n\u0131n payla\u015fman\u0131n, sevginin ve bereketin ay\u0131 oldu\u011funu s\u00f6yleyen Bal\u0131kesir B\u00fcy\u00fck\u015fehir Belediye Ba\u015fkan\u0131 Ahmet Ak\u0131n, Ramazan Ay\u0131\u2019nda muhtarlarla bir arada olmaktan b\u00fcy\u00fck mutluluk duydu\u011funu s\u00f6yledi. Y\u00f6netim anlay\u0131\u015f\u0131nda asla ayr\u0131mc\u0131l\u0131\u011fa yer olmad\u0131\u011f\u0131n\u0131 belirten Ak\u0131n, belediyecilikte partizanl\u0131k yapmad\u0131klar\u0131n\u0131 s\u00f6yledi.<\/span><\/p>\n<p><strong><span style=\"font-family: arial, helvetica, sans-serif; font-size: 14px;\">AKIN\u2019DAN MUHTARLARA TE\u015eEKK\u00dcR<br \/>\n<\/span><\/strong><span style=\"font-family: arial, helvetica, sans-serif; font-size: 14px;\">Muhtarlar\u0131n demokrasinin temeli ve \u00e7\u0131k\u0131\u015f noktas\u0131 olarak millete hizmet etti\u011fini ifade eden Ak\u0131n, \u201cVatanda\u015flar\u0131m\u0131z\u0131n sesi ve kula\u011f\u0131s\u0131n\u0131z. Her zaman s\u00f6yledi\u011fim gibi, buras\u0131 koca bir \u015fehir&#8230; Yakla\u015f\u0131k 1,5 milyon n\u00fcfusu var. Her \u015feyi bizim bilmemiz ya da g\u00f6rmemiz m\u00fcmk\u00fcn de\u011fil. \u0130\u015fte bu noktada sizlere ihtiyac\u0131m\u0131z var. Size \u00e7ok te\u015fekk\u00fcr ediyorum, g\u00f6reve gelmemizin ard\u0131ndan siz k\u0131ymetli muhtarlar\u0131m\u0131z bizi hi\u00e7 yaln\u0131z b\u0131rakmad\u0131n\u0131z, y\u00fcr\u00fcd\u00fc\u011f\u00fcm\u00fcz yolda yaren oldunuz, karde\u015f oldunuz, tek y\u00fcrek oldunuz. Bizler de se\u00e7imlerden \u00f6nce s\u00f6z verdi\u011fimiz gibi \u00e7al\u0131\u015fmalar\u0131m\u0131za kimseyi ay\u0131rmadan, adil bir \u015fekilde en \u00e7ok oy veren b\u00f6lgelerden de\u011fil, en fazla ihtiyac\u0131 olan b\u00f6lgelerden ba\u015flayarak devam ediyoruz.&#8221; \u015feklinde konu\u015ftu.<\/span><\/p>\n<p><strong><span style=\"font-family: arial, helvetica, sans-serif; font-size: 14px;\">\u201cYAPILMAYAN YOL BIRAKMAYACA\u011eIZ&#8221;<br \/>\n<\/span><\/strong><span style=\"font-family: arial, helvetica, sans-serif; font-size: 14px;\">G\u00f6reve geldikten sonra Muhtarl\u0131k \u0130\u015fleri Dairesi Ba\u015fkanl\u0131\u011f\u0131yla birlikte s\u0131k s\u0131k muhtarlarla g\u00f6r\u00fc\u015fmeler ger\u00e7ekle\u015ftirdiklerini aktaran Ak\u0131n, Bal\u0131kesir\u2019in y\u0131llarca ihmal edilmi\u015f sorunlar\u0131na de\u011findi. Gelinen y\u00fczy\u0131lda hala yol, su ve altyap\u0131 sorunlar\u0131n\u0131n konu\u015fuldu\u011funu belirten Ak\u0131n, konu\u015fmas\u0131na s\u00f6yle devam etti: \u201cSorunlar\u0131 \u00e7\u00f6zmek i\u00e7in gece g\u00fcnd\u00fcz \u00e7al\u0131\u015f\u0131yoruz. 1 Nisan\u2019dan bu yana 260 km asfalt yapt\u0131k. Verdi\u011fimiz her s\u00f6z\u00fcn arkas\u0131nday\u0131z. Memleketimizde yap\u0131lmayan yol b\u0131rakmayaca\u011f\u0131z. 6 adet asfalt makinemizi teslim ald\u0131k. 360 km yeni hat ve 1,5 milyar liradan fazla yat\u0131r\u0131m ile Edremit\u2019in 20 y\u0131ll\u0131k su sorununu, Ayval\u0131k\u2019\u0131n altyap\u0131 ve su sorununu bitiriyoruz, Erdek ve Band\u0131rma\u2019daki At\u0131ksu Ar\u0131tma Tesisleri tamamlanmak \u00fczere devam ediyoruz. Yeni d\u00f6nemde Merkez\u2019den K\u00f6rfez\u2019e t\u00fcm altyap\u0131ya ne\u015fter vuraca\u011f\u0131z. Altyap\u0131s\u0131 olmayan bir \u015fehri b\u00fcy\u00fctmek imk\u00e2ns\u0131z. \u00c7o\u011fu k\u0131rsalda olmak \u00fczere 38 yeni otob\u00fcs hatt\u0131 a\u00e7t\u0131k. 14 yeni otob\u00fcs ald\u0131k, daha da almaya devam ediyoruz. 600 \u00f6\u011frenciye servis otob\u00fcs\u00fc tahsis ettik. Zengin topraklar\u0131n \u00e7ift\u00e7ilerini fakir b\u0131rakmamak i\u00e7in T\u00fcrkiye\u2019ye \u00f6rnek olacak Tar\u0131mda Bal\u0131kesir Modelini hayata ge\u00e7irdik.&#8221; \u015feklinde konu\u015ftu.<\/span><\/p>\n<p><strong><span style=\"font-family: arial, helvetica, sans-serif; font-size: 14px;\">\u201cMUHTARLARLA B\u0130RL\u0130KTE BA\u015eARACA\u011eIZ&#8221;<br \/>\n<\/span><\/strong><span style=\"font-family: arial, helvetica, sans-serif; font-size: 14px;\">Yak\u0131n Kart, Kent Lokantas\u0131, Emekli Kahveleri, Ask\u0131da Fatura ile Bal\u0131kesir\u2019de \u00f6rnek bir halk\u00e7\u0131 belediyecilik uygulad\u0131klar\u0131na vurgu yapan Ak\u0131n, \u201cBen inan\u0131yorum ki, \u00e7al\u0131\u015fmalar\u0131m\u0131z sonucunda Bal\u0131kesir; \u0130stanbul ve \u0130zmir aras\u0131nda s\u0131k\u0131\u015f\u0131p kalmayacak, T\u00fcrkiye\u2019nin y\u00fckselen ve parlayan y\u0131ld\u0131z\u0131 olacak. Buna y\u00fcrekten inan\u0131yorum ve bunu sizlerle birlikte ba\u015faraca\u011f\u0131z.&#8221; dedi. Bal\u0131kesir\u2019in T\u00fcrkiye\u2019nin parlayan y\u0131ld\u0131z\u0131 olma yolunda emin ad\u0131mlarla ilerledi\u011fini belirten Ak\u0131n, \u201cMuhtarlar\u0131m\u0131z, vatanda\u015f\u0131m\u0131za en yak\u0131n idari birimlerdir. Temsil etti\u011finiz g\u00fcc\u00fc, T\u00fcrkiye Cumhuriyeti M\u00fchr\u00fc\u2019nden alan en \u00f6nemli \u00e7\u00f6z\u00fcm merkezimizsiniz. B\u00fcy\u00fck \u00d6nder Mustafa Kemal Atat\u00fcrk\u2019\u00fcn de dedi\u011fi gibi \u2018Muhtar, demokrasinin temel ta\u015f\u0131d\u0131r.\u2019 Bu y\u00fczden bir kez daha burada sizlere s\u00f6z veriyorum: Bal\u0131kesir\u2019de kimse yata\u011fa a\u00e7 girmeyecek. Apartman\u0131n\u0131zda, semtinizde, mahallenizde a\u00e7 ve a\u00e7\u0131kta kalan kim varsa bizlere bildirin. Bu bir vebaldir. Bu sorunu \u00e7\u00f6zmek hepimizin g\u00f6revi. \u00a0Bizler, Bal\u0131kesir B\u00fcy\u00fck\u015fehir Belediyesi olarak bug\u00fcne dek oldu\u011fu gibi bundan sonra da sizin yan\u0131n\u0131zda olmaya, sizlerle beraber il\u00e7emize ve kentimize hizmet etmeye, sizlerin derdinizle dertlenip sevincinizle sevinmeye devam edece\u011fiz.&#8221; ifadelerini kulland\u0131.<\/span><\/p>\n<div class=\"row\">\n<div id=\"\" class=\"col-lg-3 col-md-4 col-sm-12 p-1\"><\/div>\n<\/div>\n","protected":false},"excerpt":{"rendered":"<p>Bal\u0131kesir B\u00fcy\u00fck\u015fehir Belediye Ba\u015fkan\u0131 Ahmet Ak\u0131n, iftar program\u0131nda muhtarlarla bir araya geldi. Muhtarlar\u0131n, vatanda\u015fa en yak\u0131n idari birimler oldu\u011funu ifade<\/p>\n","protected":false},"author":3,"featured_media":28475,"comment_status":"open","ping_status":"open","sticky":false,"template":"","format":"standard","meta":{"colormag_page_container_layout":"default_layout","colormag_page_sidebar_layout":"default_layout","footnotes":""},"categories":[1,5,8],"tags":[],"class_list":["post-28474","post","type-post","status-publish","format-standard","has-post-thumbnail","hentry","category-genel","category-gundem","category-siyaset"],"_links":{"self":[{"href":"https:\/\/marmarayerelhizmet.com\/index.php\/wp-json\/wp\/v2\/posts\/28474","targetHints":{"allow":["GET"]}}],"collection":[{"href":"https:\/\/marmarayerelhizmet.com\/index.php\/wp-json\/wp\/v2\/posts"}],"about":[{"href":"https:\/\/marmarayerelhizmet.com\/index.php\/wp-json\/wp\/v2\/types\/post"}],"author":[{"embeddable":true,"href":"https:\/\/marmarayerelhizmet.com\/index.php\/wp-json\/wp\/v2\/users\/3"}],"replies":[{"embeddable":true,"href":"https:\/\/marmarayerelhizmet.com\/index.php\/wp-json\/wp\/v2\/comments?post=28474"}],"version-history":[{"count":0,"href":"https:\/\/marmarayerelhizmet.com\/index.php\/wp-json\/wp\/v2\/posts\/28474\/revisions"}],"wp:featuredmedia":[{"embeddable":true,"href":"https:\/\/marmarayerelhizmet.com\/index.php\/wp-json\/wp\/v2\/media\/28475"}],"wp:attachment":[{"href":"https:\/\/marmarayerelhizmet.com\/index.php\/wp-json\/wp\/v2\/media?parent=28474"}],"wp:term":[{"taxonomy":"category","embeddable":true,"href":"https:\/\/marmarayerelhizmet.com\/index.php\/wp-json\/wp\/v2\/categories?post=28474"},{"taxonomy":"post_tag","embeddable":true,"href":"https:\/\/marmarayerelhizmet.com\/index.php\/wp-json\/wp\/v2\/tags?post=28474"}],"curies":[{"name":"wp","href":"https:\/\/api.w.org\/{rel}","templated":true}]}}