{"id":28467,"date":"2025-03-16T20:08:43","date_gmt":"2025-03-16T17:08:43","guid":{"rendered":"https:\/\/marmarayerelhizmet.com\/?p=28467"},"modified":"2025-03-16T20:08:43","modified_gmt":"2025-03-16T17:08:43","slug":"28467","status":"publish","type":"post","link":"https:\/\/marmarayerelhizmet.com\/index.php\/2025\/03\/16\/28467\/","title":{"rendered":""},"content":{"rendered":"<p><strong><span style=\"font-family: arial, helvetica, sans-serif; font-size: 14px;\">AK Parti Bal\u0131kesir \u0130l Ba\u015fkanl\u0131\u011f\u0131, Ramazan ay\u0131n\u0131n manevi atmosferinde birlik ve beraberli\u011fi peki\u015ftirmek amac\u0131yla Bal\u0131kesir\u2019in en i\u015flek noktalar\u0131ndan biri olan Milli Kuvvetler Caddesi\u2019nde 9 bin ki\u015filik iftar program\u0131 d\u00fczenledi.<\/span><\/strong><\/p>\n<p><span style=\"font-family: arial, helvetica, sans-serif; font-size: 14px;\">\u0130ftar \u00f6ncesinde AK Parti Genel Ba\u015fkan Yard\u0131mc\u0131s\u0131 ve D\u0131\u015f \u0130li\u015fkiler Ba\u015fkan\u0131 Zafer S\u0131rakaya, AK Parti \u0130l Ba\u015fkanl\u0131\u011f\u0131\u2019nda \u0130l Ba\u015fkan\u0131 Mehmet Aydemir taraf\u0131ndan kar\u015f\u0131land\u0131. Program kapsam\u0131nda, Bal\u0131kesir\u2019in de\u011ferleriyle bir araya gelinerek \u015eehit Orhan B\u00fcy\u00fck\u00e7ayl\u0131\u2019n\u0131n ailesi, Gazi Er Nurhan Teke ve ailesi ile \u00d6nceki D\u00f6nem \u0130l Gen\u00e7lik Kollar\u0131 Ba\u015fkan\u0131 merhum H\u00fcseyin Murat Uysal\u2019\u0131n e\u015fi ziyaret edildi.<br \/>\n<\/span><span style=\"font-family: arial, helvetica, sans-serif; font-size: 14px;\">Ramazan ay\u0131n\u0131n payla\u015fma ruhunu ya\u015fatmak ad\u0131na Gar Meydan\u0131\u2019nda &#8220;\u0130ftara 5 Kala&#8221; program\u0131 d\u00fczenlenerek trafikte iftara yeti\u015fmeye \u00e7al\u0131\u015fan vatanda\u015flara iftariyelik ikram edildi. Ard\u0131ndan Milli Kuvvetler Caddesi\u2019nde kurulan dev iftar sofras\u0131nda binlerce ki\u015fi ayn\u0131 sofrada bulu\u015ftu.<br \/>\n<\/span><span style=\"font-family: arial, helvetica, sans-serif; font-size: 14px;\">\u0130ftar\u0131n ard\u0131ndan Za\u011fnos Pa\u015fa Camii\u2019nde teravih namaz\u0131 eda edilirken, \u00e7\u0131k\u0131\u015fta vatanda\u015flara sahlep ikram edildi.<br \/>\n<\/span><span style=\"font-family: arial, helvetica, sans-serif; font-size: 14px;\">AK Parti Bal\u0131kesir \u0130l Ba\u015fkan\u0131 Mehmet Aydemir, yapt\u0131\u011f\u0131 a\u00e7\u0131klamada Ramazan ay\u0131n\u0131n ruhuna uygun olarak vatanda\u015flarla bir araya gelmenin ve dayan\u0131\u015fmay\u0131 g\u00fc\u00e7lendirmenin \u00f6nemine vurgu yaparak, &#8220;Bu m\u00fcbarek ayda sofram\u0131z\u0131 ve g\u00f6nl\u00fcm\u00fcz\u00fc halk\u0131m\u0131zla payla\u015fman\u0131n mutlulu\u011funu ya\u015f\u0131yoruz. Ramazan ay\u0131, sadece oru\u00e7 tutmak de\u011fil, ayn\u0131 zamanda g\u00f6n\u00fclleri birle\u015ftirmek, karde\u015fli\u011fimizi peki\u015ftirmek ve sofralar\u0131m\u0131z\u0131 payla\u015fmak demektir. Bug\u00fcn burada, Bal\u0131kesir\u2019imizin kalbinde, binlerce hem\u015fehrimizle ayn\u0131 sofraya oturman\u0131n mutlulu\u011funu ya\u015fad\u0131k. AK Parti olarak bizler, milletimizle i\u00e7 i\u00e7e olmay\u0131, onlar\u0131n dertleriyle dertlenmeyi ve sevin\u00e7lerini payla\u015fmay\u0131 her zaman en b\u00fcy\u00fck sorumlulu\u011fumuz olarak g\u00f6rd\u00fck. Ramazan vesilesiyle d\u00fczenledi\u011fimiz bu iftar program\u0131 da, bu anlay\u0131\u015f\u0131m\u0131z\u0131n bir yans\u0131mas\u0131d\u0131r. Bu ak\u015fam bir kez daha g\u00f6rd\u00fck ki, Bal\u0131kesir her zaman oldu\u011fu gibi karde\u015flik ruhunu koruyor ve b\u00fcy\u00fck bir aile olman\u0131n bilinciyle hareket ediyor. Bizler, birlik ve beraberlik i\u00e7inde daha g\u00fc\u00e7l\u00fc bir T\u00fcrkiye i\u00e7in \u00e7al\u0131\u015fmaya devam edece\u011fiz. Bu g\u00fczel ak\u015famda bizlerle olan, dualar\u0131n\u0131 ve sofralar\u0131n\u0131 payla\u015fan t\u00fcm vatanda\u015flar\u0131m\u0131za g\u00f6n\u00fclden te\u015fekk\u00fcr ediyorum. Rabbim, birlik ve beraberli\u011fimizi daim eylesin. Birlik ve beraberlik i\u00e7erisinde Bal\u0131kesir i\u00e7in \u00e7al\u0131\u015fmaya devam edece\u011fiz&#8221; dedi.<br \/>\n<\/span><span style=\"font-family: arial, helvetica, sans-serif; font-size: 14px;\">\u0130ftar program\u0131na AK Parti Genel Ba\u015fkan Yard\u0131mc\u0131s\u0131 ve D\u0131\u015f \u0130li\u015fkiler Ba\u015fkan\u0131 Zafer S\u0131rakaya, AK Parti Genel Ba\u015fkan Yard\u0131mc\u0131s\u0131 ve Bal\u0131kesir Milletvekili Belgin Uygur, Milletvekilleri Mustafa Canbey ve Ali Taylan \u00d6ztaylan da kat\u0131l\u0131m sa\u011flad\u0131. \u0130HA<\/span><\/p>\n","protected":false},"excerpt":{"rendered":"<p>AK Parti Bal\u0131kesir \u0130l Ba\u015fkanl\u0131\u011f\u0131, Ramazan ay\u0131n\u0131n manevi atmosferinde birlik ve beraberli\u011fi peki\u015ftirmek amac\u0131yla Bal\u0131kesir\u2019in en i\u015flek noktalar\u0131ndan biri olan<\/p>\n","protected":false},"author":3,"featured_media":28468,"comment_status":"open","ping_status":"open","sticky":false,"template":"","format":"standard","meta":{"colormag_page_container_layout":"default_layout","colormag_page_sidebar_layout":"default_layout","footnotes":""},"categories":[1,5,8],"tags":[],"class_list":["post-28467","post","type-post","status-publish","format-standard","has-post-thumbnail","hentry","category-genel","category-gundem","category-siyaset"],"_links":{"self":[{"href":"https:\/\/marmarayerelhizmet.com\/index.php\/wp-json\/wp\/v2\/posts\/28467","targetHints":{"allow":["GET"]}}],"collection":[{"href":"https:\/\/marmarayerelhizmet.com\/index.php\/wp-json\/wp\/v2\/posts"}],"about":[{"href":"https:\/\/marmarayerelhizmet.com\/index.php\/wp-json\/wp\/v2\/types\/post"}],"author":[{"embeddable":true,"href":"https:\/\/marmarayerelhizmet.com\/index.php\/wp-json\/wp\/v2\/users\/3"}],"replies":[{"embeddable":true,"href":"https:\/\/marmarayerelhizmet.com\/index.php\/wp-json\/wp\/v2\/comments?post=28467"}],"version-history":[{"count":0,"href":"https:\/\/marmarayerelhizmet.com\/index.php\/wp-json\/wp\/v2\/posts\/28467\/revisions"}],"wp:featuredmedia":[{"embeddable":true,"href":"https:\/\/marmarayerelhizmet.com\/index.php\/wp-json\/wp\/v2\/media\/28468"}],"wp:attachment":[{"href":"https:\/\/marmarayerelhizmet.com\/index.php\/wp-json\/wp\/v2\/media?parent=28467"}],"wp:term":[{"taxonomy":"category","embeddable":true,"href":"https:\/\/marmarayerelhizmet.com\/index.php\/wp-json\/wp\/v2\/categories?post=28467"},{"taxonomy":"post_tag","embeddable":true,"href":"https:\/\/marmarayerelhizmet.com\/index.php\/wp-json\/wp\/v2\/tags?post=28467"}],"curies":[{"name":"wp","href":"https:\/\/api.w.org\/{rel}","templated":true}]}}