{"id":28464,"date":"2025-03-15T16:53:27","date_gmt":"2025-03-15T13:53:27","guid":{"rendered":"https:\/\/marmarayerelhizmet.com\/?p=28464"},"modified":"2025-03-15T16:53:27","modified_gmt":"2025-03-15T13:53:27","slug":"universitelilere-sinav-haftasinda-ucretsiz-ulasim","status":"publish","type":"post","link":"https:\/\/marmarayerelhizmet.com\/index.php\/2025\/03\/15\/universitelilere-sinav-haftasinda-ucretsiz-ulasim\/","title":{"rendered":"\u00dcniversitelilere S\u0131nav Haftas\u0131nda \u00dccretsiz Ula\u015f\u0131m"},"content":{"rendered":"<p><strong><span style=\"font-family: arial, helvetica, sans-serif; font-size: 14px;\">Bal\u0131kesir\u2019de \u00fcniversite \u00f6\u011frnecilerin s\u0131nav haftas\u0131 toplu ula\u015f\u0131m \u00fccretsiz olacak. Bal\u0131kesir \u00dcniversitesi ve Onyedi Eyl\u00fcl \u00dcniversitesi \u00f6\u011frencilerine, vize haftas\u0131 boyunca ge\u00e7ti\u011fimiz y\u0131l oldu\u011fu gibi yine Bal\u0131kesir Toplu Ta\u015f\u0131ma A\u015e\u2019ye ait toplu ta\u015f\u0131ma ara\u00e7lar\u0131nda ula\u015f\u0131m \u00fccretsiz olacak.<\/span><\/strong><\/p>\n<p><span style=\"font-family: arial, helvetica, sans-serif; font-size: 14px;\">17-21 Mart g\u00fcnleri aras\u0131nda bahar yar\u0131 y\u0131l\u0131 vize s\u0131navlar\u0131na girecek olan Bal\u0131kesir \u00dcniversitesi \u00f6\u011frencileri bu g\u00fcnler aras\u0131nda B\u00fcy\u00fck\u015fehir Belediyesi i\u015ftiraki Bal\u0131kesir Toplu Ta\u015f\u0131ma A\u015e\u2019ye ait toplu ta\u015f\u0131ma ara\u00e7lar\u0131yla \u00fccretsiz olarak okullar\u0131na ula\u015f\u0131mlar\u0131n\u0131 sa\u011flayacak. Band\u0131rma Onyedi Eyl\u00fcl \u00dcniversitesi \u00f6\u011frencileri de 7-11 Nisan g\u00fcnleri aras\u0131nda ger\u00e7ekle\u015ftirilecek Bahar Yar\u0131y\u0131l\u0131 vize s\u0131navlar\u0131 i\u00e7in kamp\u00fcse ve ek binalara ula\u015f\u0131m sa\u011flayan belediyeye ait toplu ta\u015f\u0131ma ara\u00e7lar\u0131n\u0131 \u00fccretsiz olarak kullanabilecek. \u0130HA<\/span><\/p>\n","protected":false},"excerpt":{"rendered":"<p>Bal\u0131kesir\u2019de \u00fcniversite \u00f6\u011frnecilerin s\u0131nav haftas\u0131 toplu ula\u015f\u0131m \u00fccretsiz olacak. Bal\u0131kesir \u00dcniversitesi ve Onyedi Eyl\u00fcl \u00dcniversitesi \u00f6\u011frencilerine, vize haftas\u0131 boyunca ge\u00e7ti\u011fimiz<\/p>\n","protected":false},"author":3,"featured_media":28465,"comment_status":"open","ping_status":"open","sticky":false,"template":"","format":"standard","meta":{"colormag_page_container_layout":"default_layout","colormag_page_sidebar_layout":"default_layout","footnotes":""},"categories":[45,3,1,5,8],"tags":[],"class_list":["post-28464","post","type-post","status-publish","format-standard","has-post-thumbnail","hentry","category-egitim","category-ekonomi","category-genel","category-gundem","category-siyaset"],"_links":{"self":[{"href":"https:\/\/marmarayerelhizmet.com\/index.php\/wp-json\/wp\/v2\/posts\/28464","targetHints":{"allow":["GET"]}}],"collection":[{"href":"https:\/\/marmarayerelhizmet.com\/index.php\/wp-json\/wp\/v2\/posts"}],"about":[{"href":"https:\/\/marmarayerelhizmet.com\/index.php\/wp-json\/wp\/v2\/types\/post"}],"author":[{"embeddable":true,"href":"https:\/\/marmarayerelhizmet.com\/index.php\/wp-json\/wp\/v2\/users\/3"}],"replies":[{"embeddable":true,"href":"https:\/\/marmarayerelhizmet.com\/index.php\/wp-json\/wp\/v2\/comments?post=28464"}],"version-history":[{"count":0,"href":"https:\/\/marmarayerelhizmet.com\/index.php\/wp-json\/wp\/v2\/posts\/28464\/revisions"}],"wp:featuredmedia":[{"embeddable":true,"href":"https:\/\/marmarayerelhizmet.com\/index.php\/wp-json\/wp\/v2\/media\/28465"}],"wp:attachment":[{"href":"https:\/\/marmarayerelhizmet.com\/index.php\/wp-json\/wp\/v2\/media?parent=28464"}],"wp:term":[{"taxonomy":"category","embeddable":true,"href":"https:\/\/marmarayerelhizmet.com\/index.php\/wp-json\/wp\/v2\/categories?post=28464"},{"taxonomy":"post_tag","embeddable":true,"href":"https:\/\/marmarayerelhizmet.com\/index.php\/wp-json\/wp\/v2\/tags?post=28464"}],"curies":[{"name":"wp","href":"https:\/\/api.w.org\/{rel}","templated":true}]}}