{"id":28460,"date":"2025-03-14T19:55:30","date_gmt":"2025-03-14T16:55:30","guid":{"rendered":"https:\/\/marmarayerelhizmet.com\/?p=28460"},"modified":"2025-03-14T19:55:30","modified_gmt":"2025-03-14T16:55:30","slug":"bandirmada-baskan-akin-coskusu","status":"publish","type":"post","link":"https:\/\/marmarayerelhizmet.com\/index.php\/2025\/03\/14\/bandirmada-baskan-akin-coskusu\/","title":{"rendered":"Band\u0131rma\u2019da Ba\u015fkan Ak\u0131n Co\u015fkusu"},"content":{"rendered":"<p><strong><span style=\"font-family: arial, helvetica, sans-serif; font-size: 14px;\">Bal\u0131kesir B\u00fcy\u00fck\u015fehir Belediyesi\u2019nin Ramazan ay\u0131 boyunca her g\u00fcn bir il\u00e7ede d\u00fczenledi\u011fi iftar program\u0131na kat\u0131larak binlerce ki\u015fiyle iftar yapan Bal\u0131kesir B\u00fcy\u00fck\u015fehir Belediye Ba\u015fkan\u0131 Ahmet Ak\u0131n, Band\u0131rmal\u0131larla birlikte orucunu a\u00e7t\u0131.<\/span><\/strong><\/p>\n<p><span style=\"font-family: arial, helvetica, sans-serif; font-size: 14px;\">Bal\u0131kesir B\u00fcy\u00fck\u015fehir Belediye Ba\u015fkan\u0131 Ahmet Ak\u0131n, Bal\u0131kesir B\u00fcy\u00fck\u015fehir Belediyesi\u2019nin Band\u0131rma\u2019da d\u00fczenledi\u011fi iftar program\u0131na kat\u0131ld\u0131. Band\u0131rma Cumhuriyet Meydan\u0131\u2019nda d\u00fczenlenen iftar program\u0131na Ba\u015fkan Ak\u0131n\u2019\u0131n yan\u0131 s\u0131ra Band\u0131rma Belediye Ba\u015fkan\u0131 Dursun Mirza, Manyas Belediye Ba\u015fkan\u0131 Ahmet Duru, BBB Genel Sekreter Yard\u0131mc\u0131s\u0131 Reyhan Sunci G\u00fclf\u0131rat, BBB G\u00fcney Marmara Koordinat\u00f6r\u00fc Murat Karakoyun ve vatanda\u015flar kat\u0131ld\u0131. \u0130ftar \u00f6ncesi t\u00fcm masalar\u0131 gezerek Band\u0131rmal\u0131larla selamla\u015fan Ba\u015fkan Ak\u0131n, Ramazan ay\u0131n\u0131n birlik ve beraberlik i\u00e7erisinde ge\u00e7mesini diledi. Bal\u0131kesir B\u00fcy\u00fck\u015fehir Belediyesi olarak her g\u00fcn binlerce ki\u015fiye yard\u0131m elini ula\u015ft\u0131rd\u0131klar\u0131n\u0131 s\u00f6yleyen Ak\u0131n, Ramazan ay\u0131nda bu yard\u0131mlar\u0131n daha da artt\u0131\u011f\u0131n\u0131 s\u00f6yledi. \u00c7ok y\u00fcksek bir kat\u0131l\u0131mla ger\u00e7ekle\u015fen iftar program\u0131 sonras\u0131 Ba\u015fkan Ak\u0131n, esnaf ziyareti ger\u00e7ekle\u015ftirerek vatanda\u015flarla sohbet etti. Band\u0131rma On On \u015fubesini de ziyaret eden Ak\u0131n, kendi elleriyle kahve yaparak vatanda\u015flara ikram etti.<\/span><\/p>\n<p><strong><span style=\"font-family: arial, helvetica, sans-serif; font-size: 14px;\">\u201cEL B\u0130RL\u0130\u011e\u0130YLE \u00c7ALI\u015eMAKTAYIZ\u201d<br \/>\n<\/span><\/strong><span style=\"font-family: arial, helvetica, sans-serif; font-size: 14px;\">Bal\u0131kesir\u2019in Kuvayimilliye\u2019nin \u015fehri oldu\u011funu hat\u0131rlatan Bal\u0131kesir B\u00fcy\u00fck\u015fehir Belediye Ba\u015fkan\u0131 Ahmet Ak\u0131n, \u201cBal\u0131kesir, Kuvayimilliye \u015fehri. \u0130lk ve son kur\u015funun at\u0131ld\u0131\u011f\u0131 yer. 20 il\u00e7esiyle d\u00fcnyan\u0131n en g\u00fczel kentidir. Ben bu topraklar\u0131n evlad\u0131y\u0131m. Bununla onur ve gurur duyuyoruz. Dursun Ba\u015fkan\u0131m\u0131zla birlikte memleketimiz ve \u015fehrimiz i\u00e7in verdi\u011fimiz s\u00f6zlerin arkas\u0131nday\u0131z. Band\u0131rma\u2019y\u0131 g\u00fczelle\u015ftirmek i\u00e7inde el birli\u011fiyle \u00e7al\u0131\u015fmaktay\u0131z\u201d dedi. Kad\u0131n\u0131, erke\u011fi, ya\u015fl\u0131s\u0131 genciyle ayn\u0131 iftar sofras\u0131n\u0131 payla\u015fmaktan mutluluk duydu\u011funu dile getiren Ak\u0131n, bunun \u00e7ok k\u0131ymetli oldu\u011funu s\u00f6yledi. Bal\u0131kesir\u2019de b\u00fcy\u00fck bir aile olduklar\u0131n\u0131 belirten Ak\u0131n, herkesin g\u00fczel bir ramazan ay\u0131 ge\u00e7irmesini diledi.<\/span><\/p>\n<p><strong><span style=\"font-family: arial, helvetica, sans-serif; font-size: 14px;\">\u201c\u00c7\u00d6ZEMEYECE\u011e\u0130M\u0130Z SORUN YOK\u201d<br \/>\n<\/span><\/strong><span style=\"font-family: arial, helvetica, sans-serif; font-size: 14px;\">Band\u0131rma Belediye Ba\u015fkan\u0131 Dursun Mirza, kalabal\u0131k iftar sofralar\u0131nda orucunu a\u00e7maktan b\u00fcy\u00fck bir memnuniyet duydu\u011funu ifade ederken \u015funlar\u0131 s\u00f6yledi: \u201cBand\u0131rma\u2019da iftar d\u00fczenleyen Ba\u015fkan\u0131m\u0131z Ahmet Ak\u0131n ve Bal\u0131kesir B\u00fcy\u00fck\u015fehir Belediyemize te\u015fekk\u00fcr ediyorum. Ramazan ay\u0131nda payla\u015fman\u0131n ve yard\u0131mla\u015fman\u0131n huzurunu hep birlikte ya\u015f\u0131yoruz. Allah, huzurumuzu bozmas\u0131n. Biz, birlik ve beraberlik i\u00e7erisinde olursak Band\u0131rma\u2019da, Bal\u0131kesir\u2019de ve T\u00fcrkiye\u2019de \u00e7\u00f6zemeyece\u011fimiz hi\u00e7bir sorun olamaz. Biz, Band\u0131rma\u2019da Ahmet Ba\u015fkan\u0131m\u0131z\u0131n deste\u011fiyle yeni d\u00f6nemde b\u00fcy\u00fck hizmetleri sizlere sunman\u0131n gayreti ve \u00e7abas\u0131 i\u00e7erisindeyiz\u201d \u015feklinde konu\u015ftu.<\/span><\/p>\n<div class=\"row\">\n<div id=\"\" class=\"col-lg-3 col-md-4 col-sm-12 p-1\"><\/div>\n<\/div>\n","protected":false},"excerpt":{"rendered":"<p>Bal\u0131kesir B\u00fcy\u00fck\u015fehir Belediyesi\u2019nin Ramazan ay\u0131 boyunca her g\u00fcn bir il\u00e7ede d\u00fczenledi\u011fi iftar program\u0131na kat\u0131larak binlerce ki\u015fiyle iftar yapan Bal\u0131kesir B\u00fcy\u00fck\u015fehir<\/p>\n","protected":false},"author":3,"featured_media":28461,"comment_status":"open","ping_status":"open","sticky":false,"template":"","format":"standard","meta":{"colormag_page_container_layout":"default_layout","colormag_page_sidebar_layout":"default_layout","footnotes":""},"categories":[1,5,8],"tags":[],"class_list":["post-28460","post","type-post","status-publish","format-standard","has-post-thumbnail","hentry","category-genel","category-gundem","category-siyaset"],"_links":{"self":[{"href":"https:\/\/marmarayerelhizmet.com\/index.php\/wp-json\/wp\/v2\/posts\/28460","targetHints":{"allow":["GET"]}}],"collection":[{"href":"https:\/\/marmarayerelhizmet.com\/index.php\/wp-json\/wp\/v2\/posts"}],"about":[{"href":"https:\/\/marmarayerelhizmet.com\/index.php\/wp-json\/wp\/v2\/types\/post"}],"author":[{"embeddable":true,"href":"https:\/\/marmarayerelhizmet.com\/index.php\/wp-json\/wp\/v2\/users\/3"}],"replies":[{"embeddable":true,"href":"https:\/\/marmarayerelhizmet.com\/index.php\/wp-json\/wp\/v2\/comments?post=28460"}],"version-history":[{"count":0,"href":"https:\/\/marmarayerelhizmet.com\/index.php\/wp-json\/wp\/v2\/posts\/28460\/revisions"}],"wp:featuredmedia":[{"embeddable":true,"href":"https:\/\/marmarayerelhizmet.com\/index.php\/wp-json\/wp\/v2\/media\/28461"}],"wp:attachment":[{"href":"https:\/\/marmarayerelhizmet.com\/index.php\/wp-json\/wp\/v2\/media?parent=28460"}],"wp:term":[{"taxonomy":"category","embeddable":true,"href":"https:\/\/marmarayerelhizmet.com\/index.php\/wp-json\/wp\/v2\/categories?post=28460"},{"taxonomy":"post_tag","embeddable":true,"href":"https:\/\/marmarayerelhizmet.com\/index.php\/wp-json\/wp\/v2\/tags?post=28460"}],"curies":[{"name":"wp","href":"https:\/\/api.w.org\/{rel}","templated":true}]}}