{"id":28445,"date":"2025-03-12T22:36:29","date_gmt":"2025-03-12T19:36:29","guid":{"rendered":"https:\/\/marmarayerelhizmet.com\/?p=28445"},"modified":"2025-03-13T22:37:27","modified_gmt":"2025-03-13T19:37:27","slug":"zabita-teskilati-istiklal-marsini-okudu","status":"publish","type":"post","link":"https:\/\/marmarayerelhizmet.com\/index.php\/2025\/03\/12\/zabita-teskilati-istiklal-marsini-okudu\/","title":{"rendered":"Zab\u0131ta Te\u015fkilat\u0131 \u0130stiklal Mar\u015f\u0131n\u0131 Okudu"},"content":{"rendered":"<p><strong><span style=\"font-family: arial, helvetica, sans-serif; font-size: 14px;\">\u0130stiklal Madalyal\u0131 bir dedenin torunu olan Bal\u0131kesir B\u00fcy\u00fck\u015fehir Belediye Ba\u015fkan\u0131 Ahmet Ak\u0131n, zab\u0131ta te\u015fkilat\u0131yla birlikte ba\u011f\u0131ms\u0131zl\u0131k m\u00fccadelesinin simgesi \u0130stiklal Mar\u015f\u0131\u2019n\u0131n 104. y\u0131ld\u00f6n\u00fcm\u00fcnde ay y\u0131ld\u0131zl\u0131 bayra\u011f\u0131n g\u00f6lgesinde \u0130stiklal Mar\u015f\u0131\u2019n\u0131 okudu.<\/span><\/strong><\/p>\n<p><span style=\"font-family: arial, helvetica, sans-serif; font-size: 14px;\">T\u00fcrk Milletinin ba\u011f\u0131ms\u0131zl\u0131k m\u00fccadelesinin simgesi \u0130stiklal Mar\u015f\u0131\u2019n\u0131n kabul\u00fcn\u00fcn 104. y\u0131l d\u00f6n\u00fcm\u00fc dolay\u0131s\u0131yla Bal\u0131kesir B\u00fcy\u00fck\u015fehir Belediye Ba\u015fkan\u0131 Ahmet Ak\u0131n \u00f6nc\u00fcl\u00fc\u011f\u00fcnde Bal\u0131kesir B\u00fcy\u00fck\u015fehir Belediyesi Zab\u0131ta Dairesi Ba\u015fkan\u0131 B\u00fclent Mavuk ve zab\u0131ta ekipleri hep birlikte \u0130stiklal Mar\u015f\u0131\u2019n\u0131 okudu. Atat\u00fcrk An\u0131t\u0131 \u00f6n\u00fcnde Ba\u015fkan Ak\u0131n\u2019\u0131n da kat\u0131l\u0131m\u0131yla yap\u0131lan \u00e7ekimlerde gurur dolu anlar ya\u015fand\u0131. \u0130stiklal Madalyal\u0131 dedesi Ahmet Ak\u0131n ile ayn\u0131 ad\u0131 ta\u015f\u0131yan Ba\u015fkan Ak\u0131n, \u201cY\u00fcre\u011fimizde b\u00fcy\u00fck bir zaferin onurunu ta\u015f\u0131yoruz. B\u00f6yle \u00f6zel bir g\u00fcnde \u0130stiklal \u015eairi\u2019miz Mehmet Akif Ersoy\u2019u b\u00f6ylesine anlaml\u0131 bir programda hat\u0131rlamak, hat\u0131rlatmak istedik.\u201d ifadelerini kulland\u0131.<\/span><\/p>\n<p><span style=\"font-family: arial, helvetica, sans-serif; font-size: 14px;\"><strong>\u201cKUVAYI M\u0130LL\u0130YE\u2019N\u0130N VATANSEVER EVLATLARIYIZ\u201d<br \/>\n<\/strong><\/span><span style=\"font-family: arial, helvetica, sans-serif; font-size: 14px;\">\u015eehrin huzuru ve g\u00fcvenli\u011fi i\u00e7in Zab\u0131ta ekiplerinin 7\/24 g\u00f6rev ba\u015f\u0131nda oldu\u011funu s\u00f6yleyen Ba\u015fkan Ak\u0131n, \u201c\u0130stiklal Mar\u015f\u0131\u2019m\u0131z\u0131n kabul\u00fcn\u00fcn 104. y\u0131l d\u00f6n\u00fcm\u00fc dolay\u0131s\u0131yla Zab\u0131ta Te\u015fkilat\u0131m\u0131z \u00e7ok anlaml\u0131 bir proje olu\u015fturdu. Her bir zab\u0131tam\u0131zla birlikte \u0130stiklal Mar\u015f\u0131\u2019m\u0131z\u0131 tek y\u00fcrek olup okumak beni \u00e7ok duyguland\u0131rd\u0131. \u00c7\u00fcnk\u00fc biz bu topraklar i\u00e7in can\u0131n\u0131 hi\u00e7 d\u00fc\u015f\u00fcnmeden veren, ay y\u0131ld\u0131zl\u0131 bayra\u011f\u0131m\u0131z\u0131 dalgaland\u0131rmak i\u00e7in vatan savunmas\u0131nda \u015fehit d\u00fc\u015fenlerin torunlar\u0131y\u0131z. Bizler, Kuvay\u0131 Milliye me\u015falesinin yak\u0131ld\u0131\u011f\u0131 \u015fehrin vatansever evlatlar\u0131y\u0131z. Bu vatan\u0131 bizlere miras b\u0131rakan Ulu \u00d6nderimiz Gazi Mustafa Kemal Atat\u00fcrk ve t\u00fcm \u015fehitlerimizi minnetle y\u00e2d ediyoruz. Ad\u0131n\u0131 gururla ta\u015f\u0131d\u0131\u011f\u0131m \u0130stiklal Madalyal\u0131 bir dedenin torunu olarak; halk\u0131m\u0131z\u0131n kurtulu\u015f m\u00fccadelesini \u0130stiklal Mar\u015f\u0131 ile ta\u00e7land\u0131ran, hepimizin gururla okudu\u011fu bu g\u00fczel eseri bizlere miras b\u0131rakan \u0130stiklal \u015eairi\u2019miz Mehmet Akif Ersoy\u2019u rahmet ve minnetle an\u0131yorum.\u201d \u015feklinde konu\u015ftu.<\/span><\/p>\n<p><span style=\"font-family: arial, helvetica, sans-serif; font-size: 14px;\"><strong>\u201cT\u00dcM EK\u0130B\u0130M\u0130ZLE GECE G\u00dcND\u00dcZ G\u00d6REV\u0130M\u0130Z\u0130N BA\u015eINDAYIZ\u201d<br \/>\n<\/strong><\/span><span style=\"font-family: arial, helvetica, sans-serif; font-size: 14px;\">Halk\u0131n huzur ve g\u00fcvenli\u011fini sa\u011flamak i\u00e7in 456 personelle 7\\24 g\u00f6rev ba\u015f\u0131nda olduklar\u0131n\u0131 s\u00f6yleyen Bal\u0131kesir B\u00fcy\u00fck\u015fehir Belediyesi Zab\u0131ta Daire Ba\u015fkan\u0131 B\u00fclent Mavuk \u201c\u0130stiklal Mar\u015f\u0131\u2019m\u0131z\u0131n 104. y\u0131l\u0131 dolay\u0131s\u0131yla Ahmet Ba\u015fkan\u0131m\u0131z ile birlikte b\u00f6yle anlaml\u0131 bir \u00e7al\u0131\u015fmay\u0131 hayata ge\u00e7irdik. Ulu \u00d6nderimiz Gazi Mustafa Kemal Atat\u00fcrk ve t\u00fcm \u015fehitlerimizi anmak, \u0130stiklal \u015eairi\u2019miz Mehmet Akif Ersoy\u2019u y\u00e2d etmek i\u00e7in zab\u0131ta te\u015fkilat\u0131 olarak \u0130stiklal Mar\u015f\u0131\u2019m\u0131z\u0131 gururla okuduk. Bal\u0131kesir\u2019imizin huzur ve g\u00fcvenli\u011fini sa\u011flamak i\u00e7in gece g\u00fcnd\u00fcz g\u00f6revimizin ba\u015f\u0131nday\u0131z.\u201d dedi.<\/span><\/p>\n","protected":false},"excerpt":{"rendered":"<p>\u0130stiklal Madalyal\u0131 bir dedenin torunu olan Bal\u0131kesir B\u00fcy\u00fck\u015fehir Belediye Ba\u015fkan\u0131 Ahmet Ak\u0131n, zab\u0131ta te\u015fkilat\u0131yla birlikte ba\u011f\u0131ms\u0131zl\u0131k m\u00fccadelesinin simgesi \u0130stiklal Mar\u015f\u0131\u2019n\u0131n<\/p>\n","protected":false},"author":3,"featured_media":28446,"comment_status":"open","ping_status":"open","sticky":false,"template":"","format":"standard","meta":{"colormag_page_container_layout":"default_layout","colormag_page_sidebar_layout":"default_layout","footnotes":""},"categories":[1,5,8],"tags":[],"class_list":["post-28445","post","type-post","status-publish","format-standard","has-post-thumbnail","hentry","category-genel","category-gundem","category-siyaset"],"_links":{"self":[{"href":"https:\/\/marmarayerelhizmet.com\/index.php\/wp-json\/wp\/v2\/posts\/28445","targetHints":{"allow":["GET"]}}],"collection":[{"href":"https:\/\/marmarayerelhizmet.com\/index.php\/wp-json\/wp\/v2\/posts"}],"about":[{"href":"https:\/\/marmarayerelhizmet.com\/index.php\/wp-json\/wp\/v2\/types\/post"}],"author":[{"embeddable":true,"href":"https:\/\/marmarayerelhizmet.com\/index.php\/wp-json\/wp\/v2\/users\/3"}],"replies":[{"embeddable":true,"href":"https:\/\/marmarayerelhizmet.com\/index.php\/wp-json\/wp\/v2\/comments?post=28445"}],"version-history":[{"count":0,"href":"https:\/\/marmarayerelhizmet.com\/index.php\/wp-json\/wp\/v2\/posts\/28445\/revisions"}],"wp:featuredmedia":[{"embeddable":true,"href":"https:\/\/marmarayerelhizmet.com\/index.php\/wp-json\/wp\/v2\/media\/28446"}],"wp:attachment":[{"href":"https:\/\/marmarayerelhizmet.com\/index.php\/wp-json\/wp\/v2\/media?parent=28445"}],"wp:term":[{"taxonomy":"category","embeddable":true,"href":"https:\/\/marmarayerelhizmet.com\/index.php\/wp-json\/wp\/v2\/categories?post=28445"},{"taxonomy":"post_tag","embeddable":true,"href":"https:\/\/marmarayerelhizmet.com\/index.php\/wp-json\/wp\/v2\/tags?post=28445"}],"curies":[{"name":"wp","href":"https:\/\/api.w.org\/{rel}","templated":true}]}}