{"id":28438,"date":"2025-03-12T22:31:26","date_gmt":"2025-03-12T19:31:26","guid":{"rendered":"https:\/\/marmarayerelhizmet.com\/?p=28438"},"modified":"2025-03-13T22:33:55","modified_gmt":"2025-03-13T19:33:55","slug":"ramazan-ayinda-siki-denetim","status":"publish","type":"post","link":"https:\/\/marmarayerelhizmet.com\/index.php\/2025\/03\/12\/ramazan-ayinda-siki-denetim\/","title":{"rendered":"Ramazan Ay\u0131nda S\u0131k\u0131 Denetim"},"content":{"rendered":"<div>\n<p><span style=\"font-family: arial, helvetica, sans-serif;\"><strong>Alt\u0131eyl\u00fcl Belediyesi Zab\u0131ta M\u00fcd\u00fcrl\u00fc\u011f\u00fc, Ramazan ay\u0131n\u0131n ba\u015flamas\u0131yla birlikte Pazar, f\u0131r\u0131n ve marketlerdeki denetimlerini yo\u011funla\u015ft\u0131rd\u0131. <\/strong><\/span><\/p>\n<p>Ramazan ay\u0131nda artan vatanda\u015f ilgisi ve talebi nedeniyle \u00f6zellikle f\u0131r\u0131nlarda ekmek \u00fcretimi, Pazar yerlerinde ise g\u0131da sat\u0131\u015flar\u0131 \u00fczerine titizlikle yap\u0131lan kontroller devam ediyor. Zab\u0131ta ekipleri, g\u0131da g\u00fcvenli\u011fi, hijyen ve fiyat denetimlerine b\u00fcy\u00fck \u00f6nem vererek, vatanda\u015flar\u0131n sa\u011fl\u0131kl\u0131 ve g\u00fcvenilir \u00fcr\u00fcnlere ula\u015fabilmesi i\u00e7in \u00e7al\u0131\u015fmalar\u0131n\u0131 s\u00fcrd\u00fcr\u00fcyor.<\/p>\n<\/div>\n<p><span style=\"font-family: arial, helvetica, sans-serif;\"><strong>G\u0131da G\u00fcvenli\u011fi ve Fiyat Kontrolleri \u00dczerinde S\u0131k\u0131 Denetim<br \/>\n<\/strong><\/span><span style=\"font-family: arial, helvetica, sans-serif;\">Ramazan ay\u0131nda, \u00f6zellikle g\u0131da fiyatlar\u0131ndaki art\u0131\u015f ve hijyen ko\u015fullar\u0131 konusunda ya\u015fanabilecek olumsuzluklar\u0131n \u00f6n\u00fcne ge\u00e7mek amac\u0131yla Zab\u0131ta M\u00fcd\u00fcrl\u00fc\u011f\u00fc ekipleri, Pazar yerlerinde tezgahlar\u0131 tek tek denetliyor. F\u0131r\u0131nlarda ise ekmek \u00fcretim s\u00fcre\u00e7lerini ve fiyatland\u0131rmay\u0131 kontrol ediyor. Ayr\u0131ca, marketlerde raf d\u00fczeni, \u00fcr\u00fcn etiketleri ve son kullan\u0131m tarihleri gibi unsurlar da titizlikle inceleniyor. Bu denetimlerin temel amac\u0131, vatanda\u015flar\u0131n sa\u011fl\u0131kl\u0131 g\u0131da t\u00fcketmesini sa\u011flamak ve haks\u0131z fiyat art\u0131\u015flar\u0131n\u0131 engellemektir.<\/span><\/p>\n<p><span style=\"font-family: arial, helvetica, sans-serif;\"><strong>Ba\u015fkan \u015eehirli: &#8220;Kom\u015fular\u0131m\u0131z\u0131n Sa\u011fl\u0131\u011f\u0131 \u0130\u00e7in \u00c7al\u0131\u015fmalar\u0131m\u0131z Devam Edecek&#8221;<br \/>\n<\/strong><\/span><span style=\"font-family: arial, helvetica, sans-serif;\">Alt\u0131eyl\u00fcl Belediye Ba\u015fkan\u0131 \u015eehirli, yap\u0131lan denetimlerin Ramazan ay\u0131 boyunca devam edece\u011fini belirterek, &#8220;Zab\u0131ta ekiplerimiz, \u00f6zellikle Ramazan ay\u0131nda denetimlerini art\u0131rd\u0131. Bu d\u00f6nemde vatanda\u015flar\u0131m\u0131z\u0131n sa\u011fl\u0131kl\u0131 ve g\u00fcvenilir g\u0131da t\u00fcketmesi, do\u011fru etiketli \u00fcr\u00fcnleri alabilmesi bizim i\u00e7in \u00e7ok \u00f6nemli. Denetimlerimiz, kom\u015fular\u0131m\u0131z\u0131n sa\u011fl\u0131\u011f\u0131n\u0131 korumak amac\u0131yla s\u00fcrd\u00fcr\u00fclmektedir ve bu \u00e7al\u0131\u015fmalar\u0131m\u0131z Ramazan boyunca devam edecektir&#8221; \u015feklinde konu\u015ftu. Ba\u015fkan \u015eehirli, belediye olarak vatanda\u015flar\u0131n g\u00fcvenli al\u0131\u015fveri\u015f yapabilmesi i\u00e7in her zaman denetimlerini s\u0131k\u0131 tutacaklar\u0131n\u0131 vurgulad\u0131.<\/span><\/p>\n<div class=\"row mt-50\">\n<section id=\"exper-gallery\">\n<div id=\"exper-image-gallery\">\n<div class=\"row\">\n<div class=\"col-md-3\"><\/div>\n<\/div>\n<\/div>\n<\/section>\n<\/div>\n","protected":false},"excerpt":{"rendered":"<p>Alt\u0131eyl\u00fcl Belediyesi Zab\u0131ta M\u00fcd\u00fcrl\u00fc\u011f\u00fc, Ramazan ay\u0131n\u0131n ba\u015flamas\u0131yla birlikte Pazar, f\u0131r\u0131n ve marketlerdeki denetimlerini yo\u011funla\u015ft\u0131rd\u0131. Ramazan ay\u0131nda artan vatanda\u015f ilgisi ve<\/p>\n","protected":false},"author":3,"featured_media":28440,"comment_status":"open","ping_status":"open","sticky":false,"template":"","format":"standard","meta":{"colormag_page_container_layout":"default_layout","colormag_page_sidebar_layout":"default_layout","footnotes":""},"categories":[1,5,8],"tags":[],"class_list":["post-28438","post","type-post","status-publish","format-standard","has-post-thumbnail","hentry","category-genel","category-gundem","category-siyaset"],"_links":{"self":[{"href":"https:\/\/marmarayerelhizmet.com\/index.php\/wp-json\/wp\/v2\/posts\/28438","targetHints":{"allow":["GET"]}}],"collection":[{"href":"https:\/\/marmarayerelhizmet.com\/index.php\/wp-json\/wp\/v2\/posts"}],"about":[{"href":"https:\/\/marmarayerelhizmet.com\/index.php\/wp-json\/wp\/v2\/types\/post"}],"author":[{"embeddable":true,"href":"https:\/\/marmarayerelhizmet.com\/index.php\/wp-json\/wp\/v2\/users\/3"}],"replies":[{"embeddable":true,"href":"https:\/\/marmarayerelhizmet.com\/index.php\/wp-json\/wp\/v2\/comments?post=28438"}],"version-history":[{"count":0,"href":"https:\/\/marmarayerelhizmet.com\/index.php\/wp-json\/wp\/v2\/posts\/28438\/revisions"}],"wp:featuredmedia":[{"embeddable":true,"href":"https:\/\/marmarayerelhizmet.com\/index.php\/wp-json\/wp\/v2\/media\/28440"}],"wp:attachment":[{"href":"https:\/\/marmarayerelhizmet.com\/index.php\/wp-json\/wp\/v2\/media?parent=28438"}],"wp:term":[{"taxonomy":"category","embeddable":true,"href":"https:\/\/marmarayerelhizmet.com\/index.php\/wp-json\/wp\/v2\/categories?post=28438"},{"taxonomy":"post_tag","embeddable":true,"href":"https:\/\/marmarayerelhizmet.com\/index.php\/wp-json\/wp\/v2\/tags?post=28438"}],"curies":[{"name":"wp","href":"https:\/\/api.w.org\/{rel}","templated":true}]}}