{"id":28431,"date":"2025-03-11T00:00:16","date_gmt":"2025-03-10T21:00:16","guid":{"rendered":"https:\/\/marmarayerelhizmet.com\/?p=28431"},"modified":"2025-03-10T22:37:09","modified_gmt":"2025-03-10T19:37:09","slug":"bir-elin-verdigini-diger-el-gormeyecek","status":"publish","type":"post","link":"https:\/\/marmarayerelhizmet.com\/index.php\/2025\/03\/11\/bir-elin-verdigini-diger-el-gormeyecek\/","title":{"rendered":"\u2018Bir Elin Verdi\u011fini Di\u011fer El G\u00f6rmeyecek\u2019"},"content":{"rendered":"<p><strong><span style=\"font-family: arial, helvetica, sans-serif; font-size: 14px;\">Bal\u0131kesir B\u00fcy\u00fck\u015fehir Belediye Ba\u015fkan\u0131 Ahmet Ak\u0131n; birlik, beraberlik ve yard\u0131mla\u015fman\u0131n ay\u0131 Ramazan\u2019da \u2018Ask\u0131da Fatura\u2019 uygulamas\u0131n\u0131 devreye ald\u0131. Faturas\u0131n\u0131 \u00f6demekte g\u00fc\u00e7l\u00fck \u00e7eken vatanda\u015flar ile yard\u0131msever vatanda\u015flar aras\u0131nda g\u00f6r\u00fcnmez bir ba\u011f kuran B\u00fcy\u00fck\u015fehir \u2018Bir elin verdi\u011fini di\u011fer el g\u00f6rmeyecek.\u2019 d\u00fcsturuyla Bal\u0131kesir\u2019de dayan\u0131\u015fma ruhunu g\u00fc\u00e7lendiriyor. Bu kapsamda son 3 g\u00fcnde yakla\u015f\u0131k 130 bin liral\u0131k fatura, ask\u0131dan al\u0131narak yard\u0131mseverler taraf\u0131ndan \u00f6dendi.<\/span><\/strong><\/p>\n<p><span style=\"font-family: arial, helvetica, sans-serif; font-size: 14px;\">G\u00f6reve geldi\u011fi g\u00fcnden bu yana sosyal belediyecilik anlay\u0131\u015f\u0131yla projelerini bir bir hayata ge\u00e7iren Bal\u0131kesir B\u00fcy\u00fck\u015fehir Belediye Ba\u015fkan\u0131 Ahmet Ak\u0131n \u015fimdi de birlik, beraberlik ve yard\u0131mla\u015fman\u0131n ay\u0131 Ramazan\u2019da, \u015fehir i\u00e7inde dayan\u0131\u015fmay\u0131 art\u0131racak bir uygulamay\u0131 hizmete ald\u0131. \u2018Bir elin verdi\u011fini di\u011fer el g\u00f6rmeyecek.\u2019 d\u00fcsturuyla hareket ederek \u2018Ask\u0131da Fatura\u2019 hizmetini ba\u015flatan Bal\u0131kesir B\u00fcy\u00fck\u015fehir Belediyesi; yard\u0131msever vatanda\u015flarla, faturalar\u0131n\u0131 \u00f6demekte g\u00fc\u00e7l\u00fck \u00e7eken vatanda\u015flar aras\u0131nda g\u00f6r\u00fcnmez bir ba\u011f kuruyor. Elektrik ve su faturas\u0131 \u00f6demelerini kapsayan sisteme vatanda\u015flar, https:\/\/askidafatura.balikesir.bel.tr\/ linkinden ula\u015fabiliyor.<br \/>\n<\/span><br \/>\n<strong><span style=\"font-family: arial, helvetica, sans-serif; font-size: 14px;\">\u00d6DEMEN\u0130N ARDINDAN <\/span><span style=\"font-family: arial, helvetica, sans-serif; font-size: 14px;\">B\u0130LG\u0130LEND\u0130RME SMS\u2019\u0130 G\u00d6NDER\u0130L\u0130YOR<\/span><\/strong><br \/>\n<span style=\"font-family: arial, helvetica, sans-serif; font-size: 14px;\">Faturalar\u0131n\u0131 \u00f6demekte g\u00fc\u00e7l\u00fck \u00e7eken vatanda\u015flar, web sitesine fatura bilgilerini b\u0131rak\u0131yor. Bal\u0131kesir B\u00fcy\u00fck\u015fehir Belediyesi Sosyal Hizmet Uzmanlar\u0131 taraf\u0131ndan yap\u0131lan incelemeler sonucunda onaylanan faturalar, sistemde g\u00f6r\u00fcn\u00fcr hale getiriliyor. Yard\u0131msever vatanda\u015flar da sistem \u00fczerinden se\u00e7tikleri faturalar\u0131, kredi kartlar\u0131 arac\u0131l\u0131\u011f\u0131yla \u00f6deyebiliyor. Faturas\u0131 \u00f6denen ve faturay\u0131 \u00f6deyen vatanda\u015flar\u0131n her ikisine de \u00f6deme i\u015flemi ger\u00e7ekle\u015ftirilmesinin ard\u0131ndan Bal\u0131kesir B\u00fcy\u00fck\u015fehir Belediyesi taraf\u0131ndan bilgilendirme SMS\u2019i g\u00f6nderiliyor.<\/span><\/p>\n<p><strong><span style=\"font-family: arial, helvetica, sans-serif; font-size: 14px;\">BALIKES\u0130RL\u0130LER 3 G\u00dcNDE <\/span><span style=\"font-family: arial, helvetica, sans-serif; font-size: 14px;\">130 B\u0130N L\u0130RALIK FATURAYI ASKIDAN \u0130ND\u0130RD\u0130<\/span><\/strong><br \/>\n<span style=\"font-family: arial, helvetica, sans-serif; font-size: 14px;\">Dayan\u0131\u015fman\u0131n ve payla\u015fman\u0131n sembol\u00fc Ramazan Ay\u0131nda bu mutlulu\u011fu b\u00fcy\u00fctmek ad\u0131na Ask\u0131da Fatura Uygulamas\u0131n\u0131 hayata ge\u00e7irdiklerini vurgulayan Ba\u015fkan Ahmet Ak\u0131n \u201cElektrik ve su faturalar\u0131n\u0131 kapsayan Ask\u0131da Fatura Uygulamam\u0131zla yard\u0131msever halk\u0131m\u0131z ve faturalar\u0131n\u0131 \u00f6demekte zorlanan vatanda\u015flar\u0131m\u0131z aras\u0131nda dayan\u0131\u015fma k\u00f6pr\u00fcs\u00fc kuruyoruz. Ne mutlu ki Bal\u0131kesir Ailem de bu dayan\u0131\u015fma \u00e7a\u011fr\u0131m\u0131za kay\u0131ts\u0131z kalm\u0131yor. Son 3 g\u00fcnde yakla\u015f\u0131k 130 bin liral\u0131k faturay\u0131 vatanda\u015f\u0131m\u0131z ask\u0131dan alarak Kuvay\u0131 Milliye dayan\u0131\u015fmas\u0131na yepyeni bir boyut kazand\u0131rd\u0131. \u0130nsan onuruna yak\u0131\u015fan bir yard\u0131mla\u015fma kampanyas\u0131 olan Ask\u0131da Fatura ile alan el ile veren eli g\u00f6rm\u00fcyor. Kampanyam\u0131za destek veren t\u00fcm hem\u015fehrilerime te\u015fekk\u00fcr ediyorum.\u201d diye konu\u015ftu. <\/span><\/p>\n","protected":false},"excerpt":{"rendered":"<p>Bal\u0131kesir B\u00fcy\u00fck\u015fehir Belediye Ba\u015fkan\u0131 Ahmet Ak\u0131n; birlik, beraberlik ve yard\u0131mla\u015fman\u0131n ay\u0131 Ramazan\u2019da \u2018Ask\u0131da Fatura\u2019 uygulamas\u0131n\u0131 devreye ald\u0131. Faturas\u0131n\u0131 \u00f6demekte g\u00fc\u00e7l\u00fck<\/p>\n","protected":false},"author":3,"featured_media":28432,"comment_status":"open","ping_status":"open","sticky":false,"template":"","format":"standard","meta":{"colormag_page_container_layout":"default_layout","colormag_page_sidebar_layout":"default_layout","footnotes":""},"categories":[3,1,5,8],"tags":[],"class_list":["post-28431","post","type-post","status-publish","format-standard","has-post-thumbnail","hentry","category-ekonomi","category-genel","category-gundem","category-siyaset"],"_links":{"self":[{"href":"https:\/\/marmarayerelhizmet.com\/index.php\/wp-json\/wp\/v2\/posts\/28431","targetHints":{"allow":["GET"]}}],"collection":[{"href":"https:\/\/marmarayerelhizmet.com\/index.php\/wp-json\/wp\/v2\/posts"}],"about":[{"href":"https:\/\/marmarayerelhizmet.com\/index.php\/wp-json\/wp\/v2\/types\/post"}],"author":[{"embeddable":true,"href":"https:\/\/marmarayerelhizmet.com\/index.php\/wp-json\/wp\/v2\/users\/3"}],"replies":[{"embeddable":true,"href":"https:\/\/marmarayerelhizmet.com\/index.php\/wp-json\/wp\/v2\/comments?post=28431"}],"version-history":[{"count":0,"href":"https:\/\/marmarayerelhizmet.com\/index.php\/wp-json\/wp\/v2\/posts\/28431\/revisions"}],"wp:featuredmedia":[{"embeddable":true,"href":"https:\/\/marmarayerelhizmet.com\/index.php\/wp-json\/wp\/v2\/media\/28432"}],"wp:attachment":[{"href":"https:\/\/marmarayerelhizmet.com\/index.php\/wp-json\/wp\/v2\/media?parent=28431"}],"wp:term":[{"taxonomy":"category","embeddable":true,"href":"https:\/\/marmarayerelhizmet.com\/index.php\/wp-json\/wp\/v2\/categories?post=28431"},{"taxonomy":"post_tag","embeddable":true,"href":"https:\/\/marmarayerelhizmet.com\/index.php\/wp-json\/wp\/v2\/tags?post=28431"}],"curies":[{"name":"wp","href":"https:\/\/api.w.org\/{rel}","templated":true}]}}