{"id":28428,"date":"2025-03-11T00:00:37","date_gmt":"2025-03-10T21:00:37","guid":{"rendered":"https:\/\/marmarayerelhizmet.com\/?p=28428"},"modified":"2025-03-10T22:35:07","modified_gmt":"2025-03-10T19:35:07","slug":"baskan-akin-ilgiden-yuruyemedi","status":"publish","type":"post","link":"https:\/\/marmarayerelhizmet.com\/index.php\/2025\/03\/11\/baskan-akin-ilgiden-yuruyemedi\/","title":{"rendered":"Ba\u015fkan Ak\u0131n, \u0130lgiden Y\u00fcr\u00fcyemedi"},"content":{"rendered":"<p><span style=\"font-family: arial, helvetica, sans-serif; font-size: 14px;\"><strong>Bal\u0131kesir B\u00fcy\u00fck\u015fehir Belediyesi\u2019nin Bigadi\u00e7\u2019te d\u00fczenledi\u011fi iftar program\u0131nda vatanda\u015flar\u0131n yo\u011fun ilgisi ile kar\u015f\u0131la\u015fan Bal\u0131kesir B\u00fcy\u00fck\u015fehir Belediye Ba\u015fkan\u0131 Ahmet Ak\u0131n, sokakta y\u00fcr\u00fcmekte zorland\u0131. Binlerce ki\u015finin kat\u0131l\u0131m\u0131yla ger\u00e7ekle\u015fen iftar program\u0131nda Bigadi\u00e7li hem\u015fehrileriyle orucunu a\u00e7an Ak\u0131n, \u201cBal\u0131kesir benim ailem. Bigadi\u00e7 benim ailem diyerek yola \u00e7\u0131kt\u0131k. \u0130nan\u0131n akl\u0131mda ve g\u00f6nl\u00fcmde tek bir iste\u011fim var. Sizlerin y\u00fcz\u00fcn\u00fcn g\u00fclmesi\u201d dedi.<\/strong><\/span><\/p>\n<p><span style=\"font-family: arial, helvetica, sans-serif; font-size: 14px;\">Bal\u0131kesir B\u00fcy\u00fck\u015fehir Belediye Ba\u015fkan\u0131 Ahmet Ak\u0131n, yard\u0131mla\u015fma ve dayan\u0131\u015fman\u0131n ay\u0131 Ramazan\u2019\u0131n manevi huzurunu \u201cAilem&#8221; dedi\u011fi Bal\u0131kesirli hem\u015fehrileriyle payla\u015fmay\u0131 s\u00fcrd\u00fcr\u00fcyor. \u2018Ramazan\u2019\u0131 payla\u015f, karde\u015fli\u011fi \u00e7o\u011falt\u2019 hedefiyle Bal\u0131kesir B\u00fcy\u00fck\u015fehir Belediyesi\u2019nin her g\u00fcn bir il\u00e7ede kurdu\u011fu iftar sofras\u0131nda binlerce ki\u015fiyle orucunu a\u00e7an Ba\u015fkan Ak\u0131n, Bigadi\u00e7\u2019li vatanda\u015flarla iftar yapt\u0131. Bigadi\u00e7 Pazar yerinde d\u00fczenlenen iftar program\u0131na Bal\u0131kesir B\u00fcy\u00fck\u015fehir Belediye Ba\u015fkan\u0131 Ahmet Ak\u0131n ve e\u015fi Arbil Ak\u0131n\u2019\u0131n yan\u0131 s\u0131ra CHP Bal\u0131kesir Milletvekili Serkan Sar\u0131, CHP Bal\u0131kesir \u0130l Ba\u015fkan\u0131 Erden K\u00f6yba\u015f\u0131, Bigadi\u00e7 Belediye Ba\u015fkan\u0131 Mustafa G\u00f6ksel, BBB Ba\u015fkan Vekili Volkan Alt\u0131n\u00f6z ve binlerce vatanda\u015f kat\u0131ld\u0131. Y\u00fcksek bir kat\u0131l\u0131m\u0131n oldu\u011fu iftar program\u0131nda Ba\u015fkan Ak\u0131n\u2019a ilgi olduk\u00e7a yo\u011fundu. Her kesimden ve ya\u015ftan insanla birebir ilgilenerek Bal\u0131kesir\u2019in her k\u00f6\u015fesinde vatanda\u015flarla bulu\u015fmay\u0131 s\u00fcrd\u00fcren Ak\u0131n, iftar sonras\u0131 Bigadi\u00e7lilerin ilgisinden sokakta y\u00fcr\u00fcyemedi. Vatanda\u015flarla sohbet eden Ba\u015fkan Ak\u0131n, foto\u011fraf \u00e7ektirmek isteyenleri de geri \u00e7evirmedi.<\/span><\/p>\n<p><span style=\"font-family: arial, helvetica, sans-serif; font-size: 14px;\"><strong>\u201cTEK \u0130STE\u011e\u0130M: S\u0130ZLER\u0130N Y\u00dcZ\u00dcN\u00dcN G\u00dcLMES\u0130\u201d<\/strong><\/span><br \/>\n<span style=\"font-family: arial, helvetica, sans-serif; font-size: 14px;\">Bigadi\u00e7lilerin Ramazan ay\u0131n\u0131 kutlayan Bal\u0131kesir B\u00fcy\u00fck\u015fehir Belediye Ba\u015fkan\u0131 Ahmet Ak\u0131n, \u201cBal\u0131kesir benim ailem. Bigadi\u00e7 benim ailem diyerek yola \u00e7\u0131kt\u0131k. \u0130nan\u0131n akl\u0131mda ve g\u00f6nl\u00fcmde tek bir iste\u011fim var.Sizlerin y\u00fcz\u00fcn\u00fcn g\u00fclmesi. Tek bir arzum var. Sizlerin evlad\u0131 olarak hay\u0131rl\u0131 bir evlat olabilmek. Onun i\u00e7in gece g\u00fcnd\u00fcz demeden \u00e7al\u0131\u015f\u0131yoruz. Bigadi\u00e7 Belediye Ba\u015fkan\u0131m\u0131z Mustafa G\u00f6ksel\u2019e de te\u015fekk\u00fcr ediyorum. Kendisiyle i\u015f birli\u011fi i\u00e7erisinde \u00e7al\u0131\u015f\u0131yoruz. \u00c7al\u0131\u015fmaya da devam edece\u011fiz\u201d diye konu\u015ftu.<\/span><\/p>\n<p><span style=\"font-family: arial, helvetica, sans-serif; font-size: 14px;\"><strong>YARDIM VE DESTEKLER EVLERE ULA\u015eTIRILIYOR<\/strong><\/span><br \/>\n<span style=\"font-family: arial, helvetica, sans-serif; font-size: 14px;\">Ramazan ay\u0131n\u0131n birlik, beraberli\u011fin, huzurun ve dostlu\u011fun ay\u0131 oldu\u011funu ifade eden Ak\u0131n, ayn\u0131 zamanda k\u00fcsk\u00fcnl\u00fcklerin sona erdi\u011fi, herkesin bir arada oldu\u011fu \u00e7ok mukaddes bir ay oldu\u011funu s\u00f6yledi. Ramazan ay\u0131nda Bal\u0131kesir B\u00fcy\u00fck\u015fehir Belediyesi olarak 20 il\u00e7ede iftar programlar\u0131 d\u00fczenlediklerini belirten Ak\u0131n, \u201cSa\u011f elin verdi\u011fini sol el g\u00f6rmeden ihtiya\u00e7 sahibi olarak belirledi\u011fimiz evlere de yard\u0131m ve desteklerimizi ula\u015ft\u0131r\u0131yoruz. Evlerine emanet ediyoruz ki anneler, babalar sofralar\u0131n\u0131 birlikte kursun istiyoruz. Sahur ve iftarlar\u0131n\u0131 birlikte yapmalar\u0131na katk\u0131 sunmak istiyoruz\u201d dedi.<\/span><\/p>\n<p><span style=\"font-family: arial, helvetica, sans-serif; font-size: 14px;\"><strong>YED\u0130DEN YETM\u0130\u015eE AHMET AKIN SEVG\u0130S\u0130 <\/strong><\/span><br \/>\n<span style=\"font-family: arial, helvetica, sans-serif; font-size: 14px;\">Bigadi\u00e7 Belediye Ba\u015fkan\u0131 Mustafa G\u00f6ksel, Bigadi\u00e7\u2019te iftar program\u0131 d\u00fczenledi\u011fi i\u00e7in Ba\u015fkan Ak\u0131n\u2019a te\u015fekk\u00fcr dileklerini iletti. Ba\u015fkan Ak\u0131n, iftar\u0131n ard\u0131ndan vatanda\u015flara, \u00e7ay ve kahve ikram\u0131nda bulundu. F\u0131r\u0131nc\u0131 bir esnaf taraf\u0131ndan Ba\u015fkan Ak\u0131n\u2019a \u00fczerinde \u201cAhmet Ak\u0131n\u201d yaz\u0131l\u0131 pide verildi. Vatanda\u015flarla kahve i\u00e7en Ak\u0131n, esnaf ziyaretleri esnas\u0131nda Bigadi\u00e7\u2019li vatanda\u015flar\u0131n yo\u011fun ilgisinden y\u00fcr\u00fcmekte zorland\u0131. Yediden yetmi\u015fe herkes taraf\u0131ndan co\u015fkuyla kar\u015f\u0131lanan Ak\u0131n, binlerce ki\u015fiyle hat\u0131ra foto\u011fraf\u0131 \u00e7ektirdi. Her zaman halk\u0131n i\u00e7inde oldu\u011fu i\u00e7in vatanda\u015flar\u0131n \u00f6vg\u00fc dolu s\u00f6ylemleriyle kar\u015f\u0131la\u015fan Ak\u0131n, kendisine g\u00fcvenen hi\u00e7 kimsenin g\u00fcvenini bo\u015fa \u00e7\u0131karmayaca\u011f\u0131n\u0131 s\u00f6yledi.<\/span><\/p>\n","protected":false},"excerpt":{"rendered":"<p>Bal\u0131kesir B\u00fcy\u00fck\u015fehir Belediyesi\u2019nin Bigadi\u00e7\u2019te d\u00fczenledi\u011fi iftar program\u0131nda vatanda\u015flar\u0131n yo\u011fun ilgisi ile kar\u015f\u0131la\u015fan Bal\u0131kesir B\u00fcy\u00fck\u015fehir Belediye Ba\u015fkan\u0131 Ahmet Ak\u0131n, sokakta y\u00fcr\u00fcmekte<\/p>\n","protected":false},"author":3,"featured_media":28429,"comment_status":"open","ping_status":"open","sticky":false,"template":"","format":"standard","meta":{"colormag_page_container_layout":"default_layout","colormag_page_sidebar_layout":"default_layout","footnotes":""},"categories":[1,5,8],"tags":[],"class_list":["post-28428","post","type-post","status-publish","format-standard","has-post-thumbnail","hentry","category-genel","category-gundem","category-siyaset"],"_links":{"self":[{"href":"https:\/\/marmarayerelhizmet.com\/index.php\/wp-json\/wp\/v2\/posts\/28428","targetHints":{"allow":["GET"]}}],"collection":[{"href":"https:\/\/marmarayerelhizmet.com\/index.php\/wp-json\/wp\/v2\/posts"}],"about":[{"href":"https:\/\/marmarayerelhizmet.com\/index.php\/wp-json\/wp\/v2\/types\/post"}],"author":[{"embeddable":true,"href":"https:\/\/marmarayerelhizmet.com\/index.php\/wp-json\/wp\/v2\/users\/3"}],"replies":[{"embeddable":true,"href":"https:\/\/marmarayerelhizmet.com\/index.php\/wp-json\/wp\/v2\/comments?post=28428"}],"version-history":[{"count":0,"href":"https:\/\/marmarayerelhizmet.com\/index.php\/wp-json\/wp\/v2\/posts\/28428\/revisions"}],"wp:featuredmedia":[{"embeddable":true,"href":"https:\/\/marmarayerelhizmet.com\/index.php\/wp-json\/wp\/v2\/media\/28429"}],"wp:attachment":[{"href":"https:\/\/marmarayerelhizmet.com\/index.php\/wp-json\/wp\/v2\/media?parent=28428"}],"wp:term":[{"taxonomy":"category","embeddable":true,"href":"https:\/\/marmarayerelhizmet.com\/index.php\/wp-json\/wp\/v2\/categories?post=28428"},{"taxonomy":"post_tag","embeddable":true,"href":"https:\/\/marmarayerelhizmet.com\/index.php\/wp-json\/wp\/v2\/tags?post=28428"}],"curies":[{"name":"wp","href":"https:\/\/api.w.org\/{rel}","templated":true}]}}