{"id":28425,"date":"2025-03-09T18:10:09","date_gmt":"2025-03-09T15:10:09","guid":{"rendered":"https:\/\/marmarayerelhizmet.com\/?p=28425"},"modified":"2025-03-09T18:10:09","modified_gmt":"2025-03-09T15:10:09","slug":"personelin-kadinlar-gununu-kutladi","status":"publish","type":"post","link":"https:\/\/marmarayerelhizmet.com\/index.php\/2025\/03\/09\/personelin-kadinlar-gununu-kutladi\/","title":{"rendered":"Personelin Kad\u0131nlar G\u00fcn\u00fc&#8217;n\u00fc Kutlad\u0131"},"content":{"rendered":"<div class=\"tg-post\">\n<article id=\"post-41584\" class=\"post-41584 post type-post status-publish format-standard has-post-thumbnail hentry category-genel category-ilceler category-siyaset\">\n<div class=\"cm-post-content\">\n<div class=\"cm-entry-summary\">\n<div>\n<p><span style=\"font-family: arial, helvetica, sans-serif; font-size: 14px;\"><strong>Alt\u0131eyl\u00fcl Belediye Ba\u015fkan\u0131 Hakan \u015eehirli ve e\u015fi H\u00fcveyla \u015eehirli, 8 Mart D\u00fcnya Kad\u0131nlar G\u00fcn\u00fc nedeniyle kad\u0131n \u00e7al\u0131\u015fma arkada\u015flar\u0131n\u0131 ziyaret ederek, bu \u00f6zel g\u00fcn\u00fc kutlad\u0131lar.<\/p>\n<p><\/strong><\/span><strong style=\"font-family: arial, helvetica, sans-serif; font-size: 14px;\">Kad\u0131nlar\u0131n Emekleri D\u00fcnya \u0130\u00e7in De\u011ferli<br \/>\n<\/strong><span style=\"font-family: arial, helvetica, sans-serif; font-size: 14px;\">Ba\u015fkan \u015eehirli, kad\u0131nlar\u0131n hayat\u0131n her alan\u0131nda g\u00f6sterdikleri emeklerle d\u00fcnyay\u0131 daha g\u00fczel bir yer haline getirdi\u011fini vurgulad\u0131. Alt\u0131eyl\u00fcl Belediyesi olarak kad\u0131n giri\u015fimcilerin desteklenmesi amac\u0131yla Mikrofinans \u015eubesi arac\u0131l\u0131\u011f\u0131yla kredi deste\u011fi sa\u011fland\u0131\u011f\u0131n\u0131 belirten Ba\u015fkan \u015eehirli, bu deste\u011fin kad\u0131nlar\u0131n i\u015f kurma ve ekonomiye kat\u0131l\u0131m sa\u011flama konusunda \u00f6nemli bir f\u0131rsat sundu\u011funu ifade etti.<\/span><\/p>\n<\/div>\n<p><span style=\"font-family: arial, helvetica, sans-serif; font-size: 14px;\"><strong>T\u00fcrk Kad\u0131n\u0131 Y\u00fckselmeye Lay\u0131kt\u0131r<br \/>\n<\/strong>Ba\u015fkan \u015eehirli, Cumhuriyetimizin Kurucusu Ulu \u00d6nder Mustafa Kemal Atat\u00fcrk\u2019\u00fcn, \u201cEy kahraman T\u00fcrk kad\u0131n\u0131, sen yerde s\u00fcr\u00fcnmeye de\u011fil, omuzlar \u00fczerinde g\u00f6klere y\u00fckselmeye lay\u0131ks\u0131n\u201d s\u00f6zlerinden ilham alarak, kad\u0131nlar\u0131n her zaman onurlu bir \u015fekilde y\u00fckselmeleri gerekti\u011fini s\u00f6yledi. Ba\u015fkan \u015eehirli, \u201cBug\u00fcn e\u015fim H\u00fcveyla Han\u0131m ile birlikte, kad\u0131n \u00e7al\u0131\u015fma arkada\u015flar\u0131m\u0131z\u0131n D\u00fcnya Kad\u0131nlar G\u00fcn\u00fc\u2019n\u00fc kutlad\u0131k.\u201d \u015feklinde konu\u015ftu.<\/span><\/p>\n<div class=\"row mt-50\">\n<section id=\"exper-gallery\">\n<div id=\"exper-image-gallery\">\n<div class=\"row\">\n<div class=\"col-md-3\"><\/div>\n<\/div>\n<\/div>\n<\/section>\n<\/div>\n<\/div>\n<\/div>\n<\/article>\n<\/div>\n<ul class=\"default-wp-page\">\n<li class=\"previous\"><\/li>\n<\/ul>\n","protected":false},"excerpt":{"rendered":"<p>Alt\u0131eyl\u00fcl Belediye Ba\u015fkan\u0131 Hakan \u015eehirli ve e\u015fi H\u00fcveyla \u015eehirli, 8 Mart D\u00fcnya Kad\u0131nlar G\u00fcn\u00fc nedeniyle kad\u0131n \u00e7al\u0131\u015fma arkada\u015flar\u0131n\u0131 ziyaret ederek,<\/p>\n","protected":false},"author":3,"featured_media":28426,"comment_status":"open","ping_status":"open","sticky":false,"template":"","format":"standard","meta":{"colormag_page_container_layout":"default_layout","colormag_page_sidebar_layout":"default_layout","footnotes":""},"categories":[1,5,8],"tags":[],"class_list":["post-28425","post","type-post","status-publish","format-standard","has-post-thumbnail","hentry","category-genel","category-gundem","category-siyaset"],"_links":{"self":[{"href":"https:\/\/marmarayerelhizmet.com\/index.php\/wp-json\/wp\/v2\/posts\/28425","targetHints":{"allow":["GET"]}}],"collection":[{"href":"https:\/\/marmarayerelhizmet.com\/index.php\/wp-json\/wp\/v2\/posts"}],"about":[{"href":"https:\/\/marmarayerelhizmet.com\/index.php\/wp-json\/wp\/v2\/types\/post"}],"author":[{"embeddable":true,"href":"https:\/\/marmarayerelhizmet.com\/index.php\/wp-json\/wp\/v2\/users\/3"}],"replies":[{"embeddable":true,"href":"https:\/\/marmarayerelhizmet.com\/index.php\/wp-json\/wp\/v2\/comments?post=28425"}],"version-history":[{"count":0,"href":"https:\/\/marmarayerelhizmet.com\/index.php\/wp-json\/wp\/v2\/posts\/28425\/revisions"}],"wp:featuredmedia":[{"embeddable":true,"href":"https:\/\/marmarayerelhizmet.com\/index.php\/wp-json\/wp\/v2\/media\/28426"}],"wp:attachment":[{"href":"https:\/\/marmarayerelhizmet.com\/index.php\/wp-json\/wp\/v2\/media?parent=28425"}],"wp:term":[{"taxonomy":"category","embeddable":true,"href":"https:\/\/marmarayerelhizmet.com\/index.php\/wp-json\/wp\/v2\/categories?post=28425"},{"taxonomy":"post_tag","embeddable":true,"href":"https:\/\/marmarayerelhizmet.com\/index.php\/wp-json\/wp\/v2\/tags?post=28425"}],"curies":[{"name":"wp","href":"https:\/\/api.w.org\/{rel}","templated":true}]}}