{"id":28422,"date":"2025-03-09T18:07:30","date_gmt":"2025-03-09T15:07:30","guid":{"rendered":"https:\/\/marmarayerelhizmet.com\/?p=28422"},"modified":"2025-03-09T18:07:30","modified_gmt":"2025-03-09T15:07:30","slug":"kadin-emegi-stantlari-acildi","status":"publish","type":"post","link":"https:\/\/marmarayerelhizmet.com\/index.php\/2025\/03\/09\/kadin-emegi-stantlari-acildi\/","title":{"rendered":"Kad\u0131n Eme\u011fi Stantlar\u0131 A\u00e7\u0131ld\u0131"},"content":{"rendered":"<div class=\"tg-post\">\n<article id=\"post-41587\" class=\"post-41587 post type-post status-publish format-standard has-post-thumbnail hentry category-ekonomi category-genel category-ilceler category-siyaset\">\n<div class=\"cm-post-content\">\n<div class=\"cm-entry-summary\">\n<p><span style=\"font-family: arial, helvetica, sans-serif; font-size: 14px;\"><strong>Bal\u0131kesir B\u00fcy\u00fck\u015fehir Belediyesi taraf\u0131ndan 8 Mart D\u00fcnya Emek\u00e7i Kad\u0131nlar G\u00fcn\u00fc\u2019nde kad\u0131nlar\u0131n el eme\u011fi \u00fcr\u00fcnlerinin sat\u0131\u015f\u0131n\u0131 yaparak kazanca d\u00f6n\u00fc\u015ft\u00fcrece\u011fi ve \u00fc\u00e7 g\u00fcn s\u00fcrecek \u201cKad\u0131n Eme\u011fi Stantlar\u0131n\u0131n\u201d a\u00e7\u0131l\u0131\u015f program\u0131nda konu\u015fan Bal\u0131kesir B\u00fcy\u00fck\u015fehir Belediye Ba\u015fkan\u0131 Ahmet Ak\u0131n, Ulu \u00d6nder Gazi Mustafa Kemal Atat\u00fcrk\u2019\u00fcn \u201cDaha emin ve daha do\u011fru olarak y\u00fcr\u00fcyece\u011fimiz bir yol vard\u0131r: B\u00fcy\u00fck T\u00fcrk kad\u0131n\u0131n\u0131 \u00e7al\u0131\u015fmam\u0131za ortak k\u0131lmakt\u0131r\u201d s\u00f6z\u00fcn\u00fc hat\u0131rlatarak, \u201c\u00d6n\u00fcnde, ard\u0131nda ya da bir par\u00e7as\u0131 yapal\u0131m demiyor. Ortak diyor. Cumhuriyet devrimi ve onun kazan\u0131mlar\u0131 da i\u015fte tam bununla ilgilidir. Vizyonumuz budur\u201d dedi.<\/strong><\/span><\/p>\n<p><span style=\"font-family: arial, helvetica, sans-serif; font-size: 14px;\">Bal\u0131kesir B\u00fcy\u00fck\u015fehir Belediye Ba\u015fkan\u0131 Ahmet Ak\u0131n, Bal\u0131kesir B\u00fcy\u00fck\u015fehir Belediyesi taraf\u0131ndan 8 Mart D\u00fcnya Emek\u00e7i Kad\u0131nlar G\u00fcn\u00fc\u2019ne \u00f6zel, kad\u0131n\u0131n eme\u011fini kazanca d\u00f6n\u00fc\u015ft\u00fcrmek amac\u0131yla Cumhuriyet Meydan\u0131\u2019nda \u00fc\u00e7 g\u00fcn s\u00fcrecek \u201cKad\u0131n Eme\u011fi Stantlar\u0131\u201dn\u0131n a\u00e7\u0131l\u0131\u015f program\u0131na kat\u0131ld\u0131. Kad\u0131n kooperatifleri ve \u00fcreten kad\u0131nlar\u0131n talebi \u00fczerine 8 Mart D\u00fcnya Emek\u00e7i Kad\u0131nlar G\u00fcn\u00fc\u2019ne \u00f6zel Bal\u0131kesir B\u00fcy\u00fck\u015fehir Belediye Ba\u015fkan\u0131 Ahmet Ak\u0131n taraf\u0131ndan hayata ge\u00e7irilen \u00e7al\u0131\u015fmayla \u00fcreten kad\u0131nlar emeklerini kazanca d\u00f6n\u00fc\u015ft\u00fcr\u00fcyor. Bal\u0131kesir Kent Konseyi\u2019nin destekleriyle olu\u015fturulan stantlarda y\u00f6resel ve el eme\u011fi \u00fcr\u00fcnler sat\u0131\u015fa sunuldu. Programa; Bal\u0131kesir B\u00fcy\u00fck\u015fehir Belediye Ba\u015fkan\u0131 Ahmet Ak\u0131n ve e\u015fi Arbil Ak\u0131n\u2019\u0131n yan\u0131 s\u0131ra CHP Bal\u0131kesir Milletvekili Serkan Sar\u0131, CHP Kad\u0131n Kollar\u0131 Genel Ba\u015fkan Yard\u0131mc\u0131s\u0131 H\u00fcrm\u00fcz Avc\u0131, CHP Bal\u0131kesir \u0130l Ba\u015fkan\u0131 Erden K\u00f6yba\u015f\u0131, Bal\u0131kesir B\u00fcy\u00fck\u015fehir Belediye Ba\u015fkan Vekili Volkan Alt\u0131n\u00f6z, Bal\u0131kesir Kent Konseyi Ba\u015fkan\u0131 Sevin\u00e7 Baykan \u00d6zden, meclis \u00fcyeleri, STK temsilcileri ve vatanda\u015flar kat\u0131ld\u0131.<\/span><\/p>\n<p><span style=\"font-family: arial, helvetica, sans-serif; font-size: 14px;\"><strong>\u201cT\u00dcM KADINLAR EMEK\u00c7\u0130D\u0130R\u201d<br \/>\n<\/strong>Kad\u0131nlar\u0131n emeklerinin bereketini artt\u0131rmak i\u00e7in kal\u0131c\u0131 \u00e7\u00f6z\u00fcmler \u00fcretmek i\u00e7in \u00e7al\u0131\u015ft\u0131klar\u0131n\u0131 ifade eden Bal\u0131kesir B\u00fcy\u00fck\u015fehir Belediye Ba\u015fkan\u0131 Ahmet Ak\u0131n: \u201cKad\u0131nlar\u0131n emeklerini berekete \u00e7evirmek i\u00e7in haftan\u0131n yedi g\u00fcn\u00fc a\u00e7\u0131k olacak \u015fekilde sat\u0131\u015f yapabilecekleri kapal\u0131 alanlar\u0131 \u015fehrimize kazand\u0131raca\u011f\u0131z. Kad\u0131nlar\u0131n el eme\u011fi \u00fcr\u00fcnlerini satabilece\u011fi ve evinin bereketini artt\u0131rabilece\u011fi imkanlar\u0131 yaratmak i\u00e7in hep birlikte \u00e7al\u0131\u015f\u0131yoruz. \u00a0Bug\u00fcn, sadece \u00e7i\u00e7ekler ve g\u00fczel s\u00f6zlerle ge\u00e7i\u015ftirilecek bir g\u00fcn de\u011fil. Bug\u00fcn, pembe kurdeleler ve karanfiller aras\u0131nda kaybolan bir g\u00fcn de\u011fil. Bug\u00fcn, hayat\u0131n her alan\u0131nda azimle, emekle, zekayla varl\u0131k g\u00f6steren emek\u00e7i kad\u0131nlar\u0131n g\u00fcn\u00fc. Emek\u00e7i derken bordrolu bir i\u015fi olmayan kad\u0131nlar\u0131 ay\u0131rd\u0131\u011f\u0131m d\u00fc\u015f\u00fcn\u00fclmesin. Ev eme\u011fi, g\u00f6r\u00fcnmeyen emektir ve nice bordrolu i\u015ften daha a\u011f\u0131rd\u0131r. Bu y\u00f6n\u00fcyle t\u00fcm kad\u0131nlar emek\u00e7idir\u201d diye konu\u015ftu.<\/span><\/p>\n<p><span style=\"font-family: arial, helvetica, sans-serif; font-size: 14px;\"><strong>\u201cKADINLAR, TOPLUMUN TEMEL TA\u015eLARIDIR\u201d<br \/>\n<\/strong>Ba\u015fkan Ak\u0131n, 8 Mart\u2019\u0131n kad\u0131nlar\u0131n her zorlu\u011fa ra\u011fmen dimdik ayakta duru\u015funu takdir etme g\u00fcn\u00fc oldu\u011funu belirten Ak\u0131n, \u201cKad\u0131nlar\u0131n g\u00fc\u00e7l\u00fc yanlar\u0131ndan s\u00f6z ederken onlara hep erkeksi baz\u0131 s\u0131fatlar y\u00fcklenir. Buna kar\u015f\u0131 \u00e7\u0131kmal\u0131y\u0131z. Biz erkekler, kad\u0131nlar\u0131n sadece \u201cg\u00fc\u00e7l\u00fc\u201d olmas\u0131ndan de\u011fil, ayn\u0131 zamanda duygusal zenginliklerinden, hassasiyetlerinden, hayata katt\u0131klar\u0131 benzersiz bak\u0131\u015f a\u00e7\u0131lar\u0131ndan da ilham almal\u0131y\u0131z. Kad\u0131nlar\u0131, belli rollere s\u0131k\u0131\u015ft\u0131rmak isteyenler var. Bizim itiraz\u0131m\u0131z bunad\u0131r. Sizler sadece anneler, e\u015fler, k\u0131z karde\u015fler de\u011fil, ayn\u0131 zamanda liderler, yarat\u0131c\u0131lar, \u00f6nc\u00fcler ve toplumun temel ta\u015flar\u0131s\u0131n\u0131z. Her biriniz, hayat\u0131n her alan\u0131nda e\u015fsiz bir de\u011fersiniz. Bu de\u011feri hat\u0131rlatmak sadece bug\u00fcn i\u00e7in de\u011fil. Bu de\u011feri hat\u0131rlatmak annelerin evlatlar\u0131n\u0131n da g\u00f6revi. \u201cBal\u0131kesir Benim ailem\u201d diyen B\u00fct\u00fcn Bal\u0131kesir\u2019i ailesi olarak kabul eden Belediye Ba\u015fkan\u0131n\u0131z Ahmet Ak\u0131n\u2019\u0131nda g\u00f6revidir\u201d \u015feklinde konu\u015ftu.<\/span><\/p>\n<p><span style=\"font-family: arial, helvetica, sans-serif; font-size: 14px;\"><strong>\u201cB\u0130RL\u0130KTE Y\u00dcR\u00dcRSEK G\u00dc\u00c7L\u00dcY\u00dcZ\u201d<br \/>\n<\/strong>\u201cHer g\u00fc\u00e7l\u00fc erke\u011fin ard\u0131nda bir kad\u0131n vard\u0131r\u201d kli\u015fesine itiraz etti\u011fini ifade eden Ak\u0131n, \u201cBen bu kli\u015feye itiraz ediyorum. Neden kad\u0131nlar, g\u00fc\u00e7l\u00fc erkeklerin ard\u0131nda olmak zorunda. Pekala yan yana da durabilir, birbirlerinden g\u00fc\u00e7 alabilir, birbirlerine g\u00fc\u00e7 verebilirler. Hayat\u0131 da kariyeri de zorluklar\u0131 da birlikte a\u015fabilirler. \u00a0De\u011ferli e\u015fim, Arbil\u2019im ile benim mesafem budur. Yan yana oldu\u011fumuz, birlikte y\u00fcr\u00fcd\u00fc\u011f\u00fcm\u00fcz s\u00fcrece g\u00fc\u00e7l\u00fcy\u00fcz ve bir o kadar mutluyuz\u201d dedi.<\/span><\/p>\n<p><span style=\"font-family: arial, helvetica, sans-serif; font-size: 14px;\"><strong>\u201cS\u0130YASET\u00c7\u0130LER, KADINLARA DESTEK VERMEL\u0130\u201d<br \/>\n<\/strong>Siyaset\u00e7ilerin kad\u0131nlar\u0131n m\u00fccadelesini daha iyi anlamal\u0131 ve onlara daha fazla destek olmas\u0131 gerekti\u011fine vurgu yapan Ak\u0131n, \u201cSesinizi daha g\u00fcr duyurman\u0131z, taleplerinizi daha net ifade etmeniz i\u00e7in yan\u0131n\u0131zda durmal\u0131y\u0131z. Art\u0131k, sadece \u201ce\u015fitlik\u201d konu\u015fmakla kalmay\u0131p, \u201cadaleti\u201d sa\u011flamak i\u00e7in birlikte \u00e7al\u0131\u015fmal\u0131y\u0131z. Sadece \u201chaklar\u0131n\u0131z\u201d i\u00e7in de\u011fil, \u201cdaha iyi bir d\u00fcnya\u201d i\u00e7in omuz omuza vermeliyiz. \u00c7\u00fcnk\u00fc e\u015fitlik, sadece kanunlarda yazan bir ifade de\u011fil. E\u015fitlik, hayat\u0131n her an\u0131nda ya\u015fanan bir ger\u00e7eklik olmal\u0131. \u0130\u015f hayat\u0131nda hak etti\u011finiz konumlara gelirken, evde sorumluluklar adilce payla\u015f\u0131l\u0131rken, sokakta g\u00fcvende y\u00fcr\u00fcrken, siyasette temsil edilirken hissedilmeli\u201d ifadelerini kulland\u0131.<\/span><\/p>\n<p><span style=\"font-family: arial, helvetica, sans-serif; font-size: 14px;\"><strong>\u201c\u015e\u0130DDETE SIFIR TOLERANS\u201d<br \/>\n<\/strong>G\u00fcn\u00fcm\u00fczde kad\u0131nlar\u0131n hala \u015fiddete maruz kald\u0131\u011f\u0131na dikkat \u00e7eken Ak\u0131n, \u201cVe ne yaz\u0131k ki, bug\u00fcn h\u00e2l\u00e2 kad\u0131na y\u00f6nelik \u015fiddet ger\u00e7e\u011fiyle y\u00fczle\u015fiyoruz. Bu utan\u00e7 verici tabloyu de\u011fi\u015ftirmek, hepimizin ortak sorumlulu\u011fu. \u015eiddetin her t\u00fcrl\u00fcs\u00fcne kar\u015f\u0131 s\u0131f\u0131r toleransla m\u00fccadele eden Mustafa Kemal\u2019in askerleriyiz. Sadece yasalarla de\u011fil, e\u011fitimle, bilin\u00e7lendirme \u00e7al\u0131\u015fmalar\u0131yla, toplumsal fark\u0131ndal\u0131kla bu sorunun k\u00f6k\u00fcn\u00fc kurutmal\u0131y\u0131z. \u00d6ncelikle bunun m\u00fcnferit bir sorun olmad\u0131\u011f\u0131n\u0131 kabul etmeliyiz. Bu bir zihniyet sorunudur. Bizim bu zihniyetle m\u00fccadele etmemiz \u015fart. \u015eiddet g\u00f6ren kad\u0131nlar\u0131n yan\u0131nda olmak, onlara destek vermek, yaln\u0131z olmad\u0131klar\u0131n\u0131 hissettirmek de en \u00f6nemli g\u00f6revlerimizden biri\u201d \u015feklinde konu\u015ftu.<\/span><\/p>\n<p><span style=\"font-family: arial, helvetica, sans-serif; font-size: 14px;\"><strong>\u201cBO\u015e SLOGANLAR DE\u011e\u0130L UMUT VEREN PROJELER\u201d<br \/>\n<\/strong>\u201cBenim sizlere vaadim, bo\u015f sloganlar de\u011fil, somut veren projeler olmal\u0131\u201d diyen Ak\u0131n, konu\u015fmas\u0131n\u0131 \u015f\u00f6yle s\u00fcrd\u00fcrd\u00fc: \u201cSizlerin hayat\u0131n\u0131 kolayla\u015ft\u0131racak, g\u00fc\u00e7lenmenizi sa\u011flayacak, sesinizi daha geni\u015f kitlelere duyuracak \u00e7al\u0131\u015fmalar yapmak bizim i\u015fimiz. \u00c7ocuklar\u0131n\u0131z i\u00e7in g\u00fcvenli kre\u015fler olu\u015fturmak, kad\u0131n giri\u015fimcileri desteklemek, kad\u0131na y\u00f6nelik \u015fiddetle kararl\u0131 bir \u015fekilde m\u00fccadele etmek, e\u011fitimde f\u0131rsat e\u015fitli\u011fini sa\u011flamak, siyasette kad\u0131n temsilini art\u0131rmak, i\u015fte benim \u00f6nceliklerim bunlar. \u00a0\u0130stihdam Ofisimiz ile kad\u0131nlar\u0131, istihdama katmaya \u00e7al\u0131\u015f\u0131yoruz. \u015eu an da kentin 7 farkl\u0131 noktas\u0131nda kre\u015f \u00e7al\u0131\u015fmalar\u0131 s\u00fcr\u00fcyor. Emekli kafemizi a\u00e7t\u0131k. Kad\u0131n \u00e7ift\u00e7ilerimize zirai dan\u0131\u015fmanl\u0131k ve sa\u011fl\u0131k taramas\u0131 yap\u0131yoruz. Kad\u0131n kooperatiflerimize elimizden gelen her t\u00fcrl\u00fc deste\u011fi veriyoruz. ONKADIN orkestram\u0131z\u0131 kuruyoruz. Kad\u0131nlar i\u00e7in \u201cDurak Yok\u201d uygulamas\u0131n\u0131 hayata ge\u00e7irdik. Kad\u0131n ustal\u0131k kurslar\u0131n\u0131 hayata ge\u00e7iriyoruz. Daha \u00e7ok projemiz var. Unutmay\u0131n, siz kad\u0131nlar bir araya geldi\u011finizde d\u00fcnyay\u0131 de\u011fi\u015ftirecek g\u00fcce sahipsiniz\u201d<\/span><\/p>\n<p><span style=\"font-family: arial, helvetica, sans-serif; font-size: 14px;\"><strong>ATAT\u00dcRK\u2019\u00dcN S\u00d6Z\u00dcN\u00dc HATIRLATTI<br \/>\n<\/strong>Ulu \u00d6nder Gazi Mustafa Kemal Atat\u00fcrk\u2019\u00fc \u00a0\u201cDaha emin ve daha do\u011fru olarak y\u00fcr\u00fcyece\u011fimiz bir yol vard\u0131r: B\u00fcy\u00fck T\u00fcrk kad\u0131n\u0131n\u0131 \u00e7al\u0131\u015fmam\u0131za ortak k\u0131lmakt\u0131r\u201d s\u00f6z\u00fcn\u00fc hat\u0131rlatan Ak\u0131n, \u201cBuradaki \u201cortak\u201d ifadesine dikkat kesilelim. \u00d6n\u00fcnde, ard\u0131nda ya da bir par\u00e7as\u0131 yapal\u0131m demiyor. Ortak diyor. Cumhuriyet devrimi ve onun kazan\u0131mlar\u0131 da i\u015fte tam bununla ilgilidir. Vizyonumuz budur. \u00a0D\u00fcnya Kad\u0131nlar G\u00fcn\u00fc\u2019n\u00fcz kutlu olsun. Ancak as\u0131l bayram\u0131m\u0131z, e\u015fit ve adil bir d\u00fcnyada ya\u015fad\u0131\u011f\u0131m\u0131z, kad\u0131na y\u00f6nelik erkek \u015fiddetinden s\u00f6z etmedi\u011fimiz g\u00fcn olacak. O g\u00fcne kadar m\u00fccadelemiz devam edecek. Ve ben, bu m\u00fccadelede her zaman yan\u0131n\u0131zda olmaya s\u00f6z veriyorum\u201d ifadelerine yer verdi.<\/span><\/p>\n<div class=\"row\">\n<div id=\"\" class=\"col-lg-3 col-md-4 col-sm-12 p-1\"><\/div>\n<\/div>\n<\/div>\n<\/div>\n<\/article>\n<\/div>\n<ul class=\"default-wp-page\">\n<li class=\"previous\"><\/li>\n<\/ul>\n","protected":false},"excerpt":{"rendered":"<p>Bal\u0131kesir B\u00fcy\u00fck\u015fehir Belediyesi taraf\u0131ndan 8 Mart D\u00fcnya Emek\u00e7i Kad\u0131nlar G\u00fcn\u00fc\u2019nde kad\u0131nlar\u0131n el eme\u011fi \u00fcr\u00fcnlerinin sat\u0131\u015f\u0131n\u0131 yaparak kazanca d\u00f6n\u00fc\u015ft\u00fcrece\u011fi ve \u00fc\u00e7<\/p>\n","protected":false},"author":3,"featured_media":28423,"comment_status":"open","ping_status":"open","sticky":false,"template":"","format":"standard","meta":{"colormag_page_container_layout":"default_layout","colormag_page_sidebar_layout":"default_layout","footnotes":""},"categories":[3,1,5,8],"tags":[],"class_list":["post-28422","post","type-post","status-publish","format-standard","has-post-thumbnail","hentry","category-ekonomi","category-genel","category-gundem","category-siyaset"],"_links":{"self":[{"href":"https:\/\/marmarayerelhizmet.com\/index.php\/wp-json\/wp\/v2\/posts\/28422","targetHints":{"allow":["GET"]}}],"collection":[{"href":"https:\/\/marmarayerelhizmet.com\/index.php\/wp-json\/wp\/v2\/posts"}],"about":[{"href":"https:\/\/marmarayerelhizmet.com\/index.php\/wp-json\/wp\/v2\/types\/post"}],"author":[{"embeddable":true,"href":"https:\/\/marmarayerelhizmet.com\/index.php\/wp-json\/wp\/v2\/users\/3"}],"replies":[{"embeddable":true,"href":"https:\/\/marmarayerelhizmet.com\/index.php\/wp-json\/wp\/v2\/comments?post=28422"}],"version-history":[{"count":0,"href":"https:\/\/marmarayerelhizmet.com\/index.php\/wp-json\/wp\/v2\/posts\/28422\/revisions"}],"wp:featuredmedia":[{"embeddable":true,"href":"https:\/\/marmarayerelhizmet.com\/index.php\/wp-json\/wp\/v2\/media\/28423"}],"wp:attachment":[{"href":"https:\/\/marmarayerelhizmet.com\/index.php\/wp-json\/wp\/v2\/media?parent=28422"}],"wp:term":[{"taxonomy":"category","embeddable":true,"href":"https:\/\/marmarayerelhizmet.com\/index.php\/wp-json\/wp\/v2\/categories?post=28422"},{"taxonomy":"post_tag","embeddable":true,"href":"https:\/\/marmarayerelhizmet.com\/index.php\/wp-json\/wp\/v2\/tags?post=28422"}],"curies":[{"name":"wp","href":"https:\/\/api.w.org\/{rel}","templated":true}]}}