{"id":28420,"date":"2025-03-08T11:50:07","date_gmt":"2025-03-08T08:50:07","guid":{"rendered":"https:\/\/marmarayerelhizmet.com\/?p=28420"},"modified":"2025-03-08T11:50:07","modified_gmt":"2025-03-08T08:50:07","slug":"yaz-oncesi-hasereyle-kapsamli-mucadele","status":"publish","type":"post","link":"https:\/\/marmarayerelhizmet.com\/index.php\/2025\/03\/08\/yaz-oncesi-hasereyle-kapsamli-mucadele\/","title":{"rendered":"Yaz \u00d6ncesi Ha\u015fereyle Kapsaml\u0131 M\u00fccadele"},"content":{"rendered":"<p style=\"font-weight: 300;\"><strong><span style=\"font-family: arial, helvetica, sans-serif; font-size: 14px;\">Temiz ve sa\u011fl\u0131kl\u0131 bir kent olu\u015fturma hedefiyle t\u00fcm birimleri harekete ge\u00e7iren Bal\u0131kesir B\u00fcy\u00fck\u015fehir Belediye Ba\u015fkan\u0131 Ahmet Ak\u0131n\u2019\u0131n s\u00fcrd\u00fcr\u00fclebilir \u00e7evre vizyonuyla 20 il\u00e7ede ha\u015fere ve sinek pop\u00fclasyonunu en aza indirecek \u015fekilde k\u0131\u015flak ila\u00e7lama \u00e7al\u0131\u015fmalar\u0131 ger\u00e7ekle\u015ftiriliyor.<\/span><\/strong><\/p>\n<p style=\"font-weight: 300;\"><span style=\"font-family: arial, helvetica, sans-serif; font-size: 14px;\">\u00a0Bal\u0131kesir B\u00fcy\u00fck\u015fehir Belediye Ba\u015fkan\u0131 Ahmet Ak\u0131n\u2019\u0131n s\u00fcrd\u00fcr\u00fclebilir ve sa\u011fl\u0131kl\u0131 bir kent olu\u015fturma hedefiyle ba\u015flatt\u0131\u011f\u0131 \u00e7al\u0131\u015fmalar kapsam\u0131nda \u015fehir genelinde yaza haz\u0131rl\u0131k s\u00fcr\u00fcyor. K\u0131\u015f aylar\u0131nda so\u011fuk hava \u015fartlar\u0131ndan korunmak amac\u0131yla r\u00f6garlarda k\u00fcmelenen ha\u015fere ve sineklere kar\u015f\u0131 y\u00fcr\u00fct\u00fclen bilimsel ve teknik m\u00fccadele s\u00fcrd\u00fcr\u00fcl\u00fcyor. Bu kapsamda Bal\u0131kesir B\u00fcy\u00fck\u015fehir Belediyesi \u00c7evre Koruma ve Kontrol Daire Ba\u015fkanl\u0131\u011f\u0131 Veteriner \u0130\u015fleri \u015eube M\u00fcd\u00fcrl\u00fc\u011f\u00fcne ba\u011fl\u0131 Ha\u015fere M\u00fccadele Birimi 20 il\u00e7ede 50 ara\u00e7, 75 ekipman ve 150 personelle ba\u015flatt\u0131\u011f\u0131 k\u0131\u015flak m\u00fccadelesinde \u00f6zellikle sivrisinek ve ha\u015fere olu\u015fumuna neden olan alanlarda ila\u00e7lama \u00e7al\u0131\u015fmas\u0131 yap\u0131yor. Ayn\u0131 zamanda acil m\u00fcdahale gerektiren alanlarda ila\u00e7lama yap\u0131lmas\u0131 i\u00e7in 444 40 10 numaral\u0131 Yak\u0131n \u00c7\u00f6z\u00fcm Merkezi\u2019ne gelen \u015fik\u00e2yetler de vakit kaybetmeden i\u015fleme al\u0131n\u0131yor ve gerekli ila\u00e7lamalar ger\u00e7ekle\u015ftiriliyor.<\/span><\/p>\n<p style=\"font-weight: 300;\"><strong><span style=\"font-family: arial, helvetica, sans-serif; font-size: 14px;\">\u00a033 B\u0130N 837 R\u00d6GARDA KANAL S\u0130SLEME \u00c7ALI\u015eMASI<br \/>\n<\/span><\/strong><span style=\"font-family: arial, helvetica, sans-serif; font-size: 14px;\">K\u0131\u015flak m\u00fccadelesinde yap\u0131lan \u00e7evre dostu ila\u00e7 uygulamalar\u0131yla sivrisinek larvalar\u0131n\u0131n \u00fcreme alanlar\u0131 olan bina bodrumlar\u0131, r\u00f6garlar, kapal\u0131 kanallar ve foseptik \u00e7ukurlar\u0131 kontrol ediliyor. Yaz sezonuna rahat bir ba\u015flang\u0131\u00e7 yapabilmek amac\u0131yla Bal\u0131kesir B\u00fcy\u00fck\u015fehir Belediyesi ekipleri kent merkezi ve il\u00e7elerde bulunan 33 bin 837 r\u00f6garda kanal sisleme \u00e7al\u0131\u015fmalar\u0131 ger\u00e7ekle\u015ftiriyor. Ayr\u0131ca ekipler t\u00fcm mahallelerde kaynak tarama \u00e7al\u0131\u015fmalar\u0131n\u0131 s\u00fcrd\u00fcr\u00fcyor.<\/span><\/p>\n<p style=\"font-weight: 300;\"><strong><span style=\"font-family: arial, helvetica, sans-serif; font-size: 14px;\">\u00a0\u201cT\u00dcM MAHALLELER\u0130 TEK TEK DOLA\u015eIYORUZ\u201d<br \/>\n<\/span><\/strong><span style=\"font-family: arial, helvetica, sans-serif; font-size: 14px;\">20 il\u00e7ede e\u015f zamanl\u0131 olarak 50 ara\u00e7, 75 ekipman ve 150 personel ile \u00e7al\u0131\u015fmalar\u0131n\u0131 s\u00fcrd\u00fcrd\u00fcklerini s\u00f6yleyen Ha\u015fere M\u00fccadele Birim Sorumlusu Kerem \u015eehito\u011flu, \u201cK\u0131\u015f aylar\u0131nda k\u0131\u015flak m\u00fccadele \u00e7al\u0131\u015fmas\u0131 dedi\u011fimiz r\u00f6garlarda k\u0131\u015f\u0131 ge\u00e7iren ergin karasinek ve sivrisineklerle ilgili k\u0131\u015flak m\u00fccadele \u00e7al\u0131\u015fmalar\u0131m\u0131z\u0131 s\u00fcrd\u00fcrmekteyiz. Ayn\u0131 zamanda ekiplerimiz ye\u015fil alanlarda \u015fik\u00e2yetler \u00fczerine uygulamalar ger\u00e7ekle\u015ftirmektedir. T\u00fcm ekiplerimiz b\u00f6lgedeki larva kaynaklar\u0131n\u0131 tek tek tespit ediyorlar. Ekiplerimiz, 20 il\u00e7emizde t\u00fcm mahallelerimiz ve t\u00fcm sokaklar\u0131m\u0131z\u0131 tek tek dola\u015farak kaynak tespitini ger\u00e7ekle\u015ftiriyor. CBS sistemimiz var. B\u00fcy\u00fck\u015fehir Belediyemiz b\u00fcnyesinde Bilgi \u0130\u015flem Daire Ba\u015fkanl\u0131\u011f\u0131 taraf\u0131ndan geli\u015ftirilen bu sisteme kay\u0131tlar\u0131m\u0131z\u0131 giriyorlar. Larva kaynaklar\u0131n\u0131n tek tek giri\u015fi yap\u0131larak ilimiz genelinde ne kadar larva kayna\u011f\u0131 varsa say\u0131lar\u0131, oranlar\u0131 ile bunlar\u0131n tek tek analizini ger\u00e7ekle\u015ftirebiliyoruz.\u201d ifadelerini kulland\u0131.<\/span><\/p>\n<p style=\"font-weight: 300;\"><strong><span style=\"font-family: arial, helvetica, sans-serif; font-size: 14px;\">\u00a0\u201cAHMET BA\u015eKAN GER\u00c7EKTEN \u00c7OK \u0130Y\u0130 \u00c7ALI\u015eIYOR\u201d<br \/>\n<\/span><\/strong><span style=\"font-family: arial, helvetica, sans-serif; font-size: 14px;\">Yaz sezonu \u00f6ncesi ha\u015fere ve sivrisinek ila\u00e7lama \u00e7al\u0131\u015fmalar\u0131n\u0131n erken ba\u015flamas\u0131ndan memnun oldu\u011funu s\u00f6yleyen Suat Ka\u00e7ak, \u201c\u0130la\u00e7lama tam zaman\u0131nda oluyor. \u00c7\u00fcnk\u00fc \u015fimdi larva zaman\u0131. Ge\u00e7en sene se\u00e7imler nedeniyle ge\u00e7 kal\u0131nm\u0131\u015ft\u0131. S\u0131k\u0131nt\u0131 ya\u015fam\u0131\u015ft\u0131k. \u015eu an b\u00f6yle erken yap\u0131ld\u0131\u011f\u0131 i\u00e7in bu yaz rahat edece\u011fiz. Bal\u0131kesir B\u00fcy\u00fck\u015fehir Belediye Ba\u015fkan\u0131 Ahmet Ak\u0131n ger\u00e7ekten iyi \u00e7al\u0131\u015f\u0131yor, takip ediyorum. Ahmet Ak\u0131n\u2019\u0131 zaten tan\u0131yorum ben seviyorum.\u201d diyerek Bal\u0131kesir B\u00fcy\u00fck\u015fehir Belediyesi\u2019nin \u00e7al\u0131\u015fmalar\u0131n\u0131 ba\u015far\u0131l\u0131 buldu\u011funu dile getirdi.<\/span><\/p>\n<p style=\"font-weight: 300;\"><strong><span style=\"font-family: arial, helvetica, sans-serif; font-size: 14px;\">\u00a0\u201cOLDUK\u00c7A KAPSAMLI B\u0130R \u0130LA\u00c7LAMA YAPILIYOR\u201d<br \/>\n<\/span><\/strong><span style=\"font-family: arial, helvetica, sans-serif; font-size: 14px;\">T\u00fcm mahallelerde ekiplerin koordinasyon halinde \u00e7al\u0131\u015ft\u0131\u011f\u0131n\u0131 dile getiren Fuat \u00c7a\u011fatay, \u201cBu \u00e7al\u0131\u015fman\u0131n \u00e7ok sa\u011fl\u0131kl\u0131 ve yararl\u0131 oldu\u011funu d\u00fc\u015f\u00fcn\u00fcyorum. Ger\u00e7ekten bu \u00e7ok ho\u015fuma gitti. Onun i\u00e7in de oturup izliyorum. Daha da bizim \u015fevkimizi art\u0131rd\u0131, sevindik do\u011frusu. Yani iki, \u00fc\u00e7 araban\u0131n birden gelmesi, bu konunun arkas\u0131ndaki do\u011fru d\u00fcr\u00fcst insanlar\u0131n olmas\u0131 ve sa\u011fl\u0131kl\u0131 bir \u00e7al\u0131\u015fma olmas\u0131 beni sevindirdi. Olduk\u00e7a kapsaml\u0131 bir ila\u00e7lama yap\u0131l\u0131yor\u201d s\u00f6zleriyle ila\u00e7lama \u00e7al\u0131\u015fmalar\u0131ndan memnun kald\u0131\u011f\u0131n\u0131 s\u00f6yledi.<\/span><\/p>\n","protected":false},"excerpt":{"rendered":"<p>Temiz ve sa\u011fl\u0131kl\u0131 bir kent olu\u015fturma hedefiyle t\u00fcm birimleri harekete ge\u00e7iren Bal\u0131kesir B\u00fcy\u00fck\u015fehir Belediye Ba\u015fkan\u0131 Ahmet Ak\u0131n\u2019\u0131n s\u00fcrd\u00fcr\u00fclebilir \u00e7evre vizyonuyla<\/p>\n","protected":false},"author":3,"featured_media":28421,"comment_status":"open","ping_status":"open","sticky":false,"template":"","format":"standard","meta":{"colormag_page_container_layout":"default_layout","colormag_page_sidebar_layout":"default_layout","footnotes":""},"categories":[1,5,8],"tags":[],"class_list":["post-28420","post","type-post","status-publish","format-standard","has-post-thumbnail","hentry","category-genel","category-gundem","category-siyaset"],"_links":{"self":[{"href":"https:\/\/marmarayerelhizmet.com\/index.php\/wp-json\/wp\/v2\/posts\/28420","targetHints":{"allow":["GET"]}}],"collection":[{"href":"https:\/\/marmarayerelhizmet.com\/index.php\/wp-json\/wp\/v2\/posts"}],"about":[{"href":"https:\/\/marmarayerelhizmet.com\/index.php\/wp-json\/wp\/v2\/types\/post"}],"author":[{"embeddable":true,"href":"https:\/\/marmarayerelhizmet.com\/index.php\/wp-json\/wp\/v2\/users\/3"}],"replies":[{"embeddable":true,"href":"https:\/\/marmarayerelhizmet.com\/index.php\/wp-json\/wp\/v2\/comments?post=28420"}],"version-history":[{"count":0,"href":"https:\/\/marmarayerelhizmet.com\/index.php\/wp-json\/wp\/v2\/posts\/28420\/revisions"}],"wp:featuredmedia":[{"embeddable":true,"href":"https:\/\/marmarayerelhizmet.com\/index.php\/wp-json\/wp\/v2\/media\/28421"}],"wp:attachment":[{"href":"https:\/\/marmarayerelhizmet.com\/index.php\/wp-json\/wp\/v2\/media?parent=28420"}],"wp:term":[{"taxonomy":"category","embeddable":true,"href":"https:\/\/marmarayerelhizmet.com\/index.php\/wp-json\/wp\/v2\/categories?post=28420"},{"taxonomy":"post_tag","embeddable":true,"href":"https:\/\/marmarayerelhizmet.com\/index.php\/wp-json\/wp\/v2\/tags?post=28420"}],"curies":[{"name":"wp","href":"https:\/\/api.w.org\/{rel}","templated":true}]}}