{"id":28414,"date":"2025-03-07T23:34:16","date_gmt":"2025-03-07T20:34:16","guid":{"rendered":"https:\/\/marmarayerelhizmet.com\/?p=28414"},"modified":"2025-03-07T23:34:16","modified_gmt":"2025-03-07T20:34:16","slug":"baskan-akindan-koylere-cikarma","status":"publish","type":"post","link":"https:\/\/marmarayerelhizmet.com\/index.php\/2025\/03\/07\/baskan-akindan-koylere-cikarma\/","title":{"rendered":"Ba\u015fkan Ak\u0131n&#8217;dan K\u00f6ylere \u00c7\u0131karma"},"content":{"rendered":"<p><strong><span style=\"font-family: arial, helvetica, sans-serif; font-size: 14px;\">Her f\u0131rsatta halk\u0131n i\u00e7inde olan Bal\u0131kesir B\u00fcy\u00fck\u015fehir Belediye Ba\u015fkan\u0131 Ahmet Ak\u0131n, Sava\u015ftepe\u2019de iftar\u0131n\u0131 a\u00e7t\u0131ktan sonra k\u00f6y ziyaretleri yapt\u0131. Vatanda\u015flar\u0131n yo\u011fun ilgi ve sevgi g\u00f6steriyle kar\u015f\u0131lanan Ak\u0131n, y\u00f6netim anlay\u0131\u015flar\u0131nda partizanl\u0131k olmad\u0131\u011f\u0131na vurgu yaparken, \u201cBen de particilik yok. Benim partim Bal\u0131kesir.\u201d dedi.<\/span><\/strong><\/p>\n<p><span style=\"font-family: arial, helvetica, sans-serif; font-size: 14px;\">Hayata ge\u00e7irdi\u011fi sosyal belediyecilik \u00e7al\u0131\u015fmalar\u0131yla herkesin takdirini toplayan Bal\u0131kesir B\u00fcy\u00fck\u015fehir Belediye Ba\u015fkan\u0131 Ahmet Ak\u0131n, yapt\u0131\u011f\u0131 ziyaretlerle halk\u0131n i\u00e7erisinde olmaya devam ediyor. \u00a0 Bal\u0131kesir B\u00fcy\u00fck\u015fehir Belediyesi\u2019nin Sava\u015ftepe\u2019de d\u00fczenledi\u011fi iftar program\u0131nda orucunu a\u00e7an Bal\u0131kesir B\u00fcy\u00fck\u015fehir Belediye Ba\u015fkan\u0131 Ahmet Ak\u0131n, iftar program\u0131n\u0131n ard\u0131ndan k\u00f6y ziyaretleri ger\u00e7ekle\u015ftirdi. \u00c7al\u0131nmad\u0131k kap\u0131, gidilmemi\u015f k\u00f6y b\u0131rakmayacaklar\u0131 ifade eden Ak\u0131n, Sava\u015ftepe\u2019ye ba\u011fl\u0131 Ye\u015filhisar, Karacalar ve Sar\u0131beyler k\u00f6ylerinde vatanda\u015flarla bulu\u015ftu. \u0130lk olarak Ye\u015filhisar K\u00f6y\u00fc\u2019n\u00fc ziyaret eden Ak\u0131n, burada k\u00f6y kahvehanesinde k\u00f6y sakinlerini selamlayarak kendisine ikram edilen ev yap\u0131m\u0131 h\u00f6\u015fmerimi tatt\u0131. K\u00f6y ziyaretlerinde Ba\u015fkan Ak\u0131n\u2019a Sava\u015ftepe Belediye Ba\u015fkan\u0131 Ali Koyuncu, BBB G\u00fcney Marmara Koordinat\u00f6r\u00fc Murat Karakoyun da e\u015flik etti.<\/span><\/p>\n<p><strong><span style=\"font-family: arial, helvetica, sans-serif; font-size: 14px;\">AYRIM YOK E\u015e\u0130T H\u0130ZMET VAR<br \/>\n<\/span><\/strong><span style=\"font-family: arial, helvetica, sans-serif; font-size: 14px;\">Sar\u0131beyler K\u00f6y\u00fc\u2019nde ise Ak\u0131n, k\u00f6y\u00fcn giri\u015finde me\u015faleler ile kar\u015f\u0131land\u0131. Ba\u015fkan\u2019\u0131n ziyaretinden \u00e7ok mutluluk duyduklar\u0131n\u0131 s\u00f6yleyen k\u00f6y sakinleri, hayata ge\u00e7irdi\u011fi projelerden dolay\u0131 da tebrik etti. \u00c7ocuklarla sohbet eden Ak\u0131n, onlara top ve oyuncak hediye etti. Vatanda\u015flara On On\u2019un kahve ve pastalar\u0131ndan ikram edildi. K\u00f6y sakinleriyle tek tek tokala\u015fan Ak\u0131n, Ramazan ay\u0131n\u0131 kutlad\u0131. Y\u00f6netim anlay\u0131\u015flar\u0131nda asla partizanl\u0131\u011fa yer olmad\u0131\u011f\u0131n\u0131 s\u00f6yleyen Ak\u0131n, \u201cKul hakk\u0131 yedirmiyorum; yedirmeyece\u011fim de. Her kesime e\u015fit hizmet g\u00f6t\u00fcr\u00fcyoruz. Bize g\u00fcvenen hi\u00e7 kimsenin g\u00fcvenini bo\u015fa \u00e7\u0131karmayaca\u011f\u0131z.\u201d dedi. \u00a0\u00c7ocuklar, Ba\u015fkan Ak\u0131n\u2019dan k\u00f6yde spor yapabilecekleri futbol sahas\u0131 ve spor \u00a0merkezi talep etti.<\/span><\/p>\n<p><strong><span style=\"font-family: arial, helvetica, sans-serif; font-size: 14px;\">\u201cHER \u015eEY\u0130 PLANLADIK\u201d<br \/>\n<\/span><\/strong><span style=\"font-family: arial, helvetica, sans-serif; font-size: 14px;\">Karacalar K\u00f6y\u00fc\u2019nde, vatanda\u015flarla \u00e7ay i\u00e7en Ak\u0131n, onlarla sohbet etti. Vatanda\u015flar\u0131n taleplerini dinleyen Ak\u0131n, \u015funlar\u0131 s\u00f6yledi: \u201cYava\u015f yava\u015f b\u00fct\u00fcn sorunlar\u0131 \u00e7\u00f6z\u00fcyor ve ihtiya\u00e7lar\u0131 gideriyoruz. Yollar yap\u0131lmam\u0131\u015f. Altyap\u0131 60 y\u0131ll\u0131k. \u015eik\u00e2yet etme noktas\u0131nda de\u011fil i\u015f yapma konumunday\u0131z. Konu\u015fmay\u0131p i\u015fimize bak\u0131yoruz. Ula\u015f\u0131m sorunu ya\u015fayan k\u00f6ylerinde bu ma\u011fduriyetini giderece\u011fiz. Alt\u0131 adet yeni nesil asfalt makinesi ald\u0131k. Her \u015feyi planlad\u0131k. Sizi mahcup etmeyece\u011fiz. Ben de particilik yok. Benim partim Bal\u0131kesir. Buna s\u00f6z verdim. S\u00f6z\u00fcm\u00fcn de arkas\u0131nday\u0131m.\u201d \u015feklinde konu\u015ftu.<\/span><\/p>\n<div class=\"row\">\n<div id=\"\" class=\"col-lg-3 col-md-4 col-sm-12 p-1\"><\/div>\n<\/div>\n","protected":false},"excerpt":{"rendered":"<p>Her f\u0131rsatta halk\u0131n i\u00e7inde olan Bal\u0131kesir B\u00fcy\u00fck\u015fehir Belediye Ba\u015fkan\u0131 Ahmet Ak\u0131n, Sava\u015ftepe\u2019de iftar\u0131n\u0131 a\u00e7t\u0131ktan sonra k\u00f6y ziyaretleri yapt\u0131. Vatanda\u015flar\u0131n yo\u011fun<\/p>\n","protected":false},"author":3,"featured_media":28415,"comment_status":"open","ping_status":"open","sticky":false,"template":"","format":"standard","meta":{"colormag_page_container_layout":"default_layout","colormag_page_sidebar_layout":"default_layout","footnotes":""},"categories":[1],"tags":[],"class_list":["post-28414","post","type-post","status-publish","format-standard","has-post-thumbnail","hentry","category-genel"],"_links":{"self":[{"href":"https:\/\/marmarayerelhizmet.com\/index.php\/wp-json\/wp\/v2\/posts\/28414","targetHints":{"allow":["GET"]}}],"collection":[{"href":"https:\/\/marmarayerelhizmet.com\/index.php\/wp-json\/wp\/v2\/posts"}],"about":[{"href":"https:\/\/marmarayerelhizmet.com\/index.php\/wp-json\/wp\/v2\/types\/post"}],"author":[{"embeddable":true,"href":"https:\/\/marmarayerelhizmet.com\/index.php\/wp-json\/wp\/v2\/users\/3"}],"replies":[{"embeddable":true,"href":"https:\/\/marmarayerelhizmet.com\/index.php\/wp-json\/wp\/v2\/comments?post=28414"}],"version-history":[{"count":0,"href":"https:\/\/marmarayerelhizmet.com\/index.php\/wp-json\/wp\/v2\/posts\/28414\/revisions"}],"wp:featuredmedia":[{"embeddable":true,"href":"https:\/\/marmarayerelhizmet.com\/index.php\/wp-json\/wp\/v2\/media\/28415"}],"wp:attachment":[{"href":"https:\/\/marmarayerelhizmet.com\/index.php\/wp-json\/wp\/v2\/media?parent=28414"}],"wp:term":[{"taxonomy":"category","embeddable":true,"href":"https:\/\/marmarayerelhizmet.com\/index.php\/wp-json\/wp\/v2\/categories?post=28414"},{"taxonomy":"post_tag","embeddable":true,"href":"https:\/\/marmarayerelhizmet.com\/index.php\/wp-json\/wp\/v2\/tags?post=28414"}],"curies":[{"name":"wp","href":"https:\/\/api.w.org\/{rel}","templated":true}]}}