{"id":28411,"date":"2025-03-07T23:30:12","date_gmt":"2025-03-07T20:30:12","guid":{"rendered":"https:\/\/marmarayerelhizmet.com\/?p=28411"},"modified":"2025-03-07T23:30:12","modified_gmt":"2025-03-07T20:30:12","slug":"calisanin-hakkini-savunan-baskan","status":"publish","type":"post","link":"https:\/\/marmarayerelhizmet.com\/index.php\/2025\/03\/07\/calisanin-hakkini-savunan-baskan\/","title":{"rendered":"\u00c7al\u0131\u015fan\u0131n Hakk\u0131n\u0131 Savunan Ba\u015fkan"},"content":{"rendered":"<div>\n<p><span style=\"font-family: arial, helvetica, sans-serif; font-size: 14px;\"><strong>Alt\u0131eyl\u00fcl Belediye Ba\u015fkan\u0131 Hakan \u015eehirli, memur \u00e7al\u0131\u015fma arkada\u015flar\u0131na y\u00f6nelik \u00f6nemli bir s\u00f6zle\u015fmeye imza att\u0131. <\/strong><\/p>\n<p>T\u00fcm-Bel-Sen Genel Ba\u015fkan\u0131 Erdal Bozkurt, Bal\u0131kesir\u2019deki bir\u00e7ok belediyeyi ziyaret ettiklerini ve haz\u0131rlanan s\u00f6zle\u015fmeleri incelediklerinde Alt\u0131eyl\u00fcl Belediyesi&#8217;nin en iyi noktada oldu\u011funu belirtti. Bozkurt, \u201cZaman\u0131nda bizler gibi y\u0131llarca sendikac\u0131l\u0131k yapm\u0131\u015f, \u00e7al\u0131\u015fan\u0131n hakk\u0131n\u0131 savunan bir belediye ba\u015fkan\u0131n\u0131n olmas\u0131 bizi \u00e7ok mutlu etti. Kendisine \u00e7al\u0131\u015fan arkada\u015flar\u0131na verdi\u011fi de\u011fer i\u00e7in te\u015fekk\u00fcr ediyorum,\u201d diyerek Ba\u015fkan \u015eehirli\u2019yi \u00f6vd\u00fc.<\/span><\/p>\n<\/div>\n<p><span style=\"font-size: 14px;\"><span style=\"font-family: arial, helvetica, sans-serif;\"><strong>Memurlar\u0131n Y\u00fcz\u00fcn\u00fc G\u00fcld\u00fcrecek D\u00fczenlemeler<br \/>\n<\/strong><\/span><span style=\"font-family: arial, helvetica, sans-serif;\">Ba\u015fkan \u015eehirli, y\u0131llarca sendikac\u0131l\u0131k yapm\u0131\u015f biri olarak, hem isteyen hem veren taraf olman\u0131n gereklili\u011fine dikkat \u00e7ekti. \u201cBen geldi\u011fim g\u00fcnden beri \u00e7al\u0131\u015fan\u0131n ekme\u011fini a\u015f\u0131n\u0131 nas\u0131l b\u00fcy\u00fct\u00fcr\u00fcz diye her f\u0131rsatta dile getiriyorum. Bu g\u00fcn T\u00fcm-Bel-Sen ile imzalad\u0131\u011f\u0131m\u0131z s\u00f6zle\u015fme kapsam\u0131nda, sosyal denge tazminat\u0131nda ayl\u0131k tavan tutar\u0131n\u0131n %120\u2019sini kar\u015f\u0131layarak \u00f6nemli bir art\u0131\u015f sa\u011fl\u0131yoruz. Ayr\u0131ca, Ramazan Bayram\u0131\u2019nda 10.000 TL, Kurban Bayram\u0131\u2019nda 15.000 TL, Cumhuriyet Bayram\u0131\u2019nda ise 10.000 TL ikramiye verece\u011fiz. Yakacak yard\u0131m\u0131 olarak da net 10.000 TL \u00f6deme yap\u0131lacak. Toplamda 45.000 TL\u2019lik bir ikramiye hesaplar\u0131n\u0131za yat\u0131r\u0131lacakt\u0131r. \u00c7al\u0131\u015fma arkada\u015flar\u0131m\u0131za hay\u0131rl\u0131 olsun,\u201d \u015feklinde konu\u015ftu.<br \/>\n<\/span><span style=\"font-family: arial, helvetica, sans-serif;\">S\u00f6zle\u015fme imza t\u00f6renine Belediye Ba\u015fkan Yard\u0131mc\u0131lar\u0131, Meclis \u00dcyeleri, Birim M\u00fcd\u00fcrleri ve T\u00fcm-Bel-Sen MYK \u00dcyesi Mehmet Aslan, \u015eube Ba\u015fkanlar\u0131 \u0130lker Omar Demiray, M\u00fcmin Kemanc\u0131 ve B\u00fclent Bar\u0131n da kat\u0131ld\u0131.<\/span><\/span><\/p>\n<div class=\"row mt-50\">\n<section id=\"exper-gallery\">\n<div id=\"exper-image-gallery\">\n<div class=\"row\">\n<div class=\"col-md-3\"><\/div>\n<\/div>\n<\/div>\n<\/section>\n<\/div>\n","protected":false},"excerpt":{"rendered":"<p>Alt\u0131eyl\u00fcl Belediye Ba\u015fkan\u0131 Hakan \u015eehirli, memur \u00e7al\u0131\u015fma arkada\u015flar\u0131na y\u00f6nelik \u00f6nemli bir s\u00f6zle\u015fmeye imza att\u0131. T\u00fcm-Bel-Sen Genel Ba\u015fkan\u0131 Erdal Bozkurt, Bal\u0131kesir\u2019deki<\/p>\n","protected":false},"author":3,"featured_media":28412,"comment_status":"open","ping_status":"open","sticky":false,"template":"","format":"standard","meta":{"colormag_page_container_layout":"default_layout","colormag_page_sidebar_layout":"default_layout","footnotes":""},"categories":[1,5,8],"tags":[],"class_list":["post-28411","post","type-post","status-publish","format-standard","has-post-thumbnail","hentry","category-genel","category-gundem","category-siyaset"],"_links":{"self":[{"href":"https:\/\/marmarayerelhizmet.com\/index.php\/wp-json\/wp\/v2\/posts\/28411","targetHints":{"allow":["GET"]}}],"collection":[{"href":"https:\/\/marmarayerelhizmet.com\/index.php\/wp-json\/wp\/v2\/posts"}],"about":[{"href":"https:\/\/marmarayerelhizmet.com\/index.php\/wp-json\/wp\/v2\/types\/post"}],"author":[{"embeddable":true,"href":"https:\/\/marmarayerelhizmet.com\/index.php\/wp-json\/wp\/v2\/users\/3"}],"replies":[{"embeddable":true,"href":"https:\/\/marmarayerelhizmet.com\/index.php\/wp-json\/wp\/v2\/comments?post=28411"}],"version-history":[{"count":0,"href":"https:\/\/marmarayerelhizmet.com\/index.php\/wp-json\/wp\/v2\/posts\/28411\/revisions"}],"wp:featuredmedia":[{"embeddable":true,"href":"https:\/\/marmarayerelhizmet.com\/index.php\/wp-json\/wp\/v2\/media\/28412"}],"wp:attachment":[{"href":"https:\/\/marmarayerelhizmet.com\/index.php\/wp-json\/wp\/v2\/media?parent=28411"}],"wp:term":[{"taxonomy":"category","embeddable":true,"href":"https:\/\/marmarayerelhizmet.com\/index.php\/wp-json\/wp\/v2\/categories?post=28411"},{"taxonomy":"post_tag","embeddable":true,"href":"https:\/\/marmarayerelhizmet.com\/index.php\/wp-json\/wp\/v2\/tags?post=28411"}],"curies":[{"name":"wp","href":"https:\/\/api.w.org\/{rel}","templated":true}]}}