{"id":28407,"date":"2025-03-05T18:59:00","date_gmt":"2025-03-05T15:59:00","guid":{"rendered":"https:\/\/marmarayerelhizmet.com\/?p=28407"},"modified":"2025-03-06T19:06:22","modified_gmt":"2025-03-06T16:06:22","slug":"aydemirden-ciftciye-buyuk-mujde","status":"publish","type":"post","link":"https:\/\/marmarayerelhizmet.com\/index.php\/2025\/03\/05\/aydemirden-ciftciye-buyuk-mujde\/","title":{"rendered":"Aydemir\u2019den \u00c7ift\u00e7iye B\u00fcy\u00fck M\u00fcjde"},"content":{"rendered":"<p><strong><span style=\"font-family: arial, helvetica, sans-serif; font-size: 14px;\">Tar\u0131m ve Orman Bakanl\u0131\u011f\u0131 taraf\u0131ndan Cumhurba\u015fkanl\u0131\u011f\u0131 karar\u0131yla sa\u011flanan hububat fark \u00f6demesi deste\u011fi kapsam\u0131nda Bal\u0131kesirli \u00e7ift\u00e7ilere 204,3 milyon TL \u00f6deme yap\u0131lacak.<\/span><\/strong><\/p>\n<p><span style=\"font-family: arial, helvetica, sans-serif; font-size: 14px;\">AK Parti Bal\u0131kesir \u0130l Ba\u015fkan\u0131 Mehmet Aydemir\u2019in k\u0131rsal mahalle ziyaretleri s\u0131ras\u0131nda \u00e7ift\u00e7ilerden gelen talepleri yerinde dinleyerek konuyu g\u00fcndeme ta\u015f\u0131mas\u0131 \u00fczerine, Tar\u0131m ve Orman Bakanl\u0131\u011f\u0131 ile kurdu\u011fu do\u011frudan irtibat sonucunda bu destek \u00f6demelerinin tarihi \u00f6ne \u00e7ekildi. \u00c7ift\u00e7ilerin ma\u011fduriyet ya\u015famamas\u0131 i\u00e7in yap\u0131lan giri\u015fimler neticesinde \u00f6demeler, 7 Mart Cuma g\u00fcn\u00fc \u00fcreticilerin hesaplar\u0131na yat\u0131r\u0131lacak.<br \/>\n<\/span><span style=\"font-family: arial, helvetica, sans-serif; font-size: 14px;\">Ba\u015fkan Aydemir, \u00e7ift\u00e7ilerin eme\u011finin kar\u015f\u0131l\u0131\u011f\u0131n\u0131 zaman\u0131nda alabilmesi i\u00e7in h\u00fck\u00fcmet nezdinde gerekli ad\u0131mlar\u0131 att\u0131klar\u0131n\u0131 belirterek, &#8220;\u00dcreten Bal\u0131kesir\u2019imizin al\u0131n terini korumak, \u00e7ift\u00e7ilerimizin yan\u0131nda olmak i\u00e7in sahada birebir dinledi\u011fimiz talepleri h\u0131zl\u0131ca ilgili mercilere ilettik. Tar\u0131m ve Orman Bakanl\u0131\u011f\u0131m\u0131z\u0131n destekleriyle \u00e7ift\u00e7imize nefes ald\u0131racak bu \u00f6deme, Bal\u0131kesir tar\u0131m\u0131na b\u00fcy\u00fck katk\u0131 sa\u011flayacakt\u0131r&#8221; dedi.<br \/>\n<\/span><span style=\"font-family: arial, helvetica, sans-serif; font-size: 14px;\">AK Parti\u2019nin tar\u0131m politikalar\u0131na verdi\u011fi \u00f6neme vurgu yapan Aydemir, \u00fcreticilere y\u00f6nelik desteklerin devam edece\u011fini belirterek, &#8220;Cumhurba\u015fkan\u0131m\u0131z Say\u0131n Recep Tayyip Erdo\u011fan\u2019\u0131n liderli\u011finde, \u00e7ift\u00e7imizin her zaman yan\u0131nda olmaya devam edece\u011fiz&#8221; ifadelerini kulland\u0131.<br \/>\n<\/span><span style=\"font-family: arial, helvetica, sans-serif; font-size: 14px;\">Bal\u0131kesirli \u00fcreticilerin y\u00fcz\u00fcn\u00fc g\u00fcld\u00fcrecek bu destek \u00f6demesinin \u00f6ne \u00e7ekilmesiyle birlikte, \u00e7ift\u00e7iler h\u00fck\u00fcmetin tar\u0131ma verdi\u011fi \u00f6nemin sahadaki yans\u0131malar\u0131n\u0131 do\u011frudan hissedecek. Bu s\u00fcrecin ba\u015far\u0131yla sonu\u00e7lanmas\u0131nda, AK Parti Genel Ba\u015fkan Yard\u0131mc\u0131s\u0131 Belgin Uygur, Bal\u0131kesir Milletvekilleri \u0130smail Ok, Mustafa Canbey ve Ali Taylan \u00d6ztaylan\u2019a \u00f6nemli katk\u0131lar\u0131 i\u00e7in te\u015fekk\u00fcr etti.<\/span><\/p>\n","protected":false},"excerpt":{"rendered":"<p>Tar\u0131m ve Orman Bakanl\u0131\u011f\u0131 taraf\u0131ndan Cumhurba\u015fkanl\u0131\u011f\u0131 karar\u0131yla sa\u011flanan hububat fark \u00f6demesi deste\u011fi kapsam\u0131nda Bal\u0131kesirli \u00e7ift\u00e7ilere 204,3 milyon TL \u00f6deme yap\u0131lacak.<\/p>\n","protected":false},"author":3,"featured_media":28408,"comment_status":"open","ping_status":"open","sticky":false,"template":"","format":"standard","meta":{"colormag_page_container_layout":"default_layout","colormag_page_sidebar_layout":"default_layout","footnotes":""},"categories":[1,5,8],"tags":[],"class_list":["post-28407","post","type-post","status-publish","format-standard","has-post-thumbnail","hentry","category-genel","category-gundem","category-siyaset"],"_links":{"self":[{"href":"https:\/\/marmarayerelhizmet.com\/index.php\/wp-json\/wp\/v2\/posts\/28407","targetHints":{"allow":["GET"]}}],"collection":[{"href":"https:\/\/marmarayerelhizmet.com\/index.php\/wp-json\/wp\/v2\/posts"}],"about":[{"href":"https:\/\/marmarayerelhizmet.com\/index.php\/wp-json\/wp\/v2\/types\/post"}],"author":[{"embeddable":true,"href":"https:\/\/marmarayerelhizmet.com\/index.php\/wp-json\/wp\/v2\/users\/3"}],"replies":[{"embeddable":true,"href":"https:\/\/marmarayerelhizmet.com\/index.php\/wp-json\/wp\/v2\/comments?post=28407"}],"version-history":[{"count":0,"href":"https:\/\/marmarayerelhizmet.com\/index.php\/wp-json\/wp\/v2\/posts\/28407\/revisions"}],"wp:featuredmedia":[{"embeddable":true,"href":"https:\/\/marmarayerelhizmet.com\/index.php\/wp-json\/wp\/v2\/media\/28408"}],"wp:attachment":[{"href":"https:\/\/marmarayerelhizmet.com\/index.php\/wp-json\/wp\/v2\/media?parent=28407"}],"wp:term":[{"taxonomy":"category","embeddable":true,"href":"https:\/\/marmarayerelhizmet.com\/index.php\/wp-json\/wp\/v2\/categories?post=28407"},{"taxonomy":"post_tag","embeddable":true,"href":"https:\/\/marmarayerelhizmet.com\/index.php\/wp-json\/wp\/v2\/tags?post=28407"}],"curies":[{"name":"wp","href":"https:\/\/api.w.org\/{rel}","templated":true}]}}