{"id":28398,"date":"2025-03-06T18:56:03","date_gmt":"2025-03-06T15:56:03","guid":{"rendered":"https:\/\/marmarayerelhizmet.com\/?p=28398"},"modified":"2025-03-06T18:56:03","modified_gmt":"2025-03-06T15:56:03","slug":"75-yil-cazibe-merkezi-olacak","status":"publish","type":"post","link":"https:\/\/marmarayerelhizmet.com\/index.php\/2025\/03\/06\/75-yil-cazibe-merkezi-olacak\/","title":{"rendered":"75. Y\u0131l Cazibe Merkezi Olacak"},"content":{"rendered":"<div>\n<p><strong><span style=\"font-family: arial, helvetica, sans-serif; font-size: 14px;\">Alt\u0131eyl\u00fcl Belediye Ba\u015fkan\u0131 Hakan \u015eehirli, Stadyum Kar\u015f\u0131s\u0131\u2019ndaki 75. Y\u0131l Park\u0131\u2019nda yap\u0131lan gen\u00e7ler ve emekliler i\u00e7in \u00f6zel projeleri ziyaret etti. Ba\u015fkan \u015eehirli, bu projelerin 2025 y\u0131l\u0131nda halk\u0131n hizmetine sunulaca\u011f\u0131n\u0131 a\u00e7\u0131klad\u0131.<\/span><\/strong><\/p>\n<\/div>\n<p><span style=\"font-family: arial, helvetica, sans-serif; font-size: 14px;\"><strong>Yeni Yap\u0131lar ve Planlamalar<br \/>\n<\/strong><\/span><span style=\"font-family: arial, helvetica, sans-serif; font-size: 14px;\">Ba\u015fkan \u015eehirli, 75. Y\u0131l Park\u0131\u2019nda gen\u00e7ler ve emekliler i\u00e7in yap\u0131lan projeler hakk\u0131nda detayl\u0131 bilgi verdi. 11.700 m\u00b2 alan \u00fczerine in\u015fa edilen parkta, gen\u00e7ler i\u00e7in 243 m\u00b2\u2019lik bir yap\u0131 yap\u0131lacak. Bu yap\u0131n\u0131n 150 m\u00b2\u2019si kapal\u0131 alan, 93 m\u00b2\u2019si ise yar\u0131 a\u00e7\u0131k alan olarak planland\u0131. Ayr\u0131ca, emekliler i\u00e7in 204 m\u00b2\u2019lik bir in\u015faat alan\u0131 ayr\u0131ld\u0131; bunun 154 m\u00b2\u2019si kapal\u0131 alan, 50 m\u00b2\u2019si ise yar\u0131 a\u00e7\u0131k mekan olacak. Ba\u015fkan \u015eehirli, bu projelerin 2025 y\u0131l\u0131 i\u00e7inde tamamlan\u0131p halk\u0131n hizmetine sunulaca\u011f\u0131n\u0131 duyurdu.<\/span><\/p>\n<p><span style=\"font-family: arial, helvetica, sans-serif; font-size: 14px;\"><strong>Bal\u0131kesirspor\u2019a \u00d6zel Yeni Tasar\u0131m<br \/>\n<\/strong><\/span><span style=\"font-family: arial, helvetica, sans-serif; font-size: 14px;\">Ba\u015fkan \u015eehirli, 75. Y\u0131l Park\u0131\u2019ndaki mevcut an\u0131t\u0131n bak\u0131m ve onar\u0131m\u0131n\u0131n yap\u0131laca\u011f\u0131n\u0131 belirtti. Ayr\u0131ca, Cumartesi Pazar\u0131 yak\u0131n\u0131ndaki park b\u00f6l\u00fcm\u00fcn\u00fcn, Bal\u0131kesirspor\u2019a \u00f6zel k\u0131rm\u0131z\u0131-beyaz renkleriyle yeniden tasarlan\u0131p yenilenece\u011fini s\u00f6yledi ve &#8220;Bal\u0131kesirspor sevgisini bir kez daha ortaya koyaca\u011f\u0131z&#8221; dedi.<br \/>\n<\/span><span style=\"font-family: arial, helvetica, sans-serif; font-size: 14px;\">Ziyaret s\u0131ras\u0131nda Ba\u015fkan Yard\u0131mc\u0131lar\u0131 Baha Torun, Do\u011fa\u00e7 Arabac\u0131 ve Birim M\u00fcd\u00fcrleri de Ba\u015fkan \u015eehirli\u2019ye e\u015flik etti.<\/span><\/p>\n<div class=\"row mt-50\">\n<section id=\"exper-gallery\">\n<div id=\"exper-image-gallery\">\n<div class=\"row\">\n<div class=\"col-md-3\"><\/div>\n<\/div>\n<\/div>\n<\/section>\n<\/div>\n","protected":false},"excerpt":{"rendered":"<p>Alt\u0131eyl\u00fcl Belediye Ba\u015fkan\u0131 Hakan \u015eehirli, Stadyum Kar\u015f\u0131s\u0131\u2019ndaki 75. Y\u0131l Park\u0131\u2019nda yap\u0131lan gen\u00e7ler ve emekliler i\u00e7in \u00f6zel projeleri ziyaret etti. Ba\u015fkan<\/p>\n","protected":false},"author":3,"featured_media":28399,"comment_status":"open","ping_status":"open","sticky":false,"template":"","format":"standard","meta":{"colormag_page_container_layout":"default_layout","colormag_page_sidebar_layout":"default_layout","footnotes":""},"categories":[1,5,8],"tags":[],"class_list":["post-28398","post","type-post","status-publish","format-standard","has-post-thumbnail","hentry","category-genel","category-gundem","category-siyaset"],"_links":{"self":[{"href":"https:\/\/marmarayerelhizmet.com\/index.php\/wp-json\/wp\/v2\/posts\/28398","targetHints":{"allow":["GET"]}}],"collection":[{"href":"https:\/\/marmarayerelhizmet.com\/index.php\/wp-json\/wp\/v2\/posts"}],"about":[{"href":"https:\/\/marmarayerelhizmet.com\/index.php\/wp-json\/wp\/v2\/types\/post"}],"author":[{"embeddable":true,"href":"https:\/\/marmarayerelhizmet.com\/index.php\/wp-json\/wp\/v2\/users\/3"}],"replies":[{"embeddable":true,"href":"https:\/\/marmarayerelhizmet.com\/index.php\/wp-json\/wp\/v2\/comments?post=28398"}],"version-history":[{"count":0,"href":"https:\/\/marmarayerelhizmet.com\/index.php\/wp-json\/wp\/v2\/posts\/28398\/revisions"}],"wp:featuredmedia":[{"embeddable":true,"href":"https:\/\/marmarayerelhizmet.com\/index.php\/wp-json\/wp\/v2\/media\/28399"}],"wp:attachment":[{"href":"https:\/\/marmarayerelhizmet.com\/index.php\/wp-json\/wp\/v2\/media?parent=28398"}],"wp:term":[{"taxonomy":"category","embeddable":true,"href":"https:\/\/marmarayerelhizmet.com\/index.php\/wp-json\/wp\/v2\/categories?post=28398"},{"taxonomy":"post_tag","embeddable":true,"href":"https:\/\/marmarayerelhizmet.com\/index.php\/wp-json\/wp\/v2\/tags?post=28398"}],"curies":[{"name":"wp","href":"https:\/\/api.w.org\/{rel}","templated":true}]}}