{"id":28389,"date":"2025-03-05T00:00:59","date_gmt":"2025-03-04T21:00:59","guid":{"rendered":"https:\/\/marmarayerelhizmet.com\/?p=28389"},"modified":"2025-03-04T18:15:38","modified_gmt":"2025-03-04T15:15:38","slug":"ramazanin-nesesi-paylastikca-cogaliyor","status":"publish","type":"post","link":"https:\/\/marmarayerelhizmet.com\/index.php\/2025\/03\/05\/ramazanin-nesesi-paylastikca-cogaliyor\/","title":{"rendered":"Ramazan\u2019\u0131n Ne\u015fesi Payla\u015ft\u0131k\u00e7a \u00c7o\u011fal\u0131yor"},"content":{"rendered":"<p><strong><span style=\"font-family: arial, helvetica, sans-serif;\">Ramazan\u2019\u0131n ruhunu yans\u0131tan program i\u00e7erikleriyle \u015fehrin d\u00f6rt bir yan\u0131ndan binlerce ki\u015fiyi Za\u011fnos Pa\u015fa Camii Meydan\u0131\u2019ndaki etkinlik alan\u0131nda bulu\u015fturan Bal\u0131kesir B\u00fcy\u00fck\u015fehir Belediye Ba\u015fkan\u0131 Ahmet Ak\u0131n\u2019\u0131n \u00f6nc\u00fcl\u00fc\u011f\u00fcnde kurulan iftar \u00e7ad\u0131r\u0131 ve mobil yemek t\u0131r\u0131yla binlerce vatanda\u015fa \u00fccretsiz yemek da\u011f\u0131t\u0131l\u0131yor.<\/span><\/strong><\/p>\n<p><span style=\"font-family: arial, helvetica, sans-serif;\">Bal\u0131kesir\u2019de Ramazan\u2019\u0131n maneviyat\u0131n\u0131 herkese ya\u015fatabilmek i\u00e7in sosyal yard\u0131mla\u015fma ve dayan\u0131\u015fmay\u0131 art\u0131ran Bal\u0131kesir B\u00fcy\u00fck\u015fehir Belediye Ba\u015fkan\u0131 Ahmet Ak\u0131n \u00f6nc\u00fcl\u00fc\u011f\u00fcnde il merkezindeki Atat\u00fcrk A\u00e7\u0131k Otopark\u0131\u2019nda kurulan iftar \u00e7ad\u0131r\u0131 her g\u00fcn istisnas\u0131z bin ki\u015fiyi a\u011f\u0131rl\u0131yor. G\u00fcnl\u00fck olarak farkl\u0131 mahallelerde iftar arac\u0131 ve iftar t\u0131r\u0131n\u0131n \u00fccretsiz paket yemek ikramlar\u0131yla binlerce ki\u015fi orucunu birlikte a\u00e7\u0131yor. Alt\u0131eyl\u00fcl ve Karesi\u2019de ba\u015flayan iftar ikramlar\u0131n\u0131n yan\u0131 s\u0131ra her ya\u015ftan Bal\u0131kesirli, Za\u011fnos Pa\u015fa Camii Meydan\u0131\u2019ndaki etkinliklerle de doyas\u0131ya e\u011fleniyor. Ramazan\u2019\u0131n ilk iki g\u00fcn\u00fcnde yo\u011fun bir kat\u0131l\u0131mla ger\u00e7ekle\u015fen programda semazen g\u00f6sterisi, kukla oyunu, ill\u00fczyon g\u00f6sterisi ve tasavvuf m\u00fczi\u011fi dinletisi ilgi g\u00f6rd\u00fc. \u00c7ocuklara \u00f6zel haz\u0131rlanan etkinliklerde pamuk \u015feker, Osmanl\u0131 macunu ikram\u0131 yap\u0131ld\u0131.<\/span><\/p>\n<p><strong><span style=\"font-family: arial, helvetica, sans-serif;\">\u201c\u0130FTAR PROGRAMI DA YEMEKLER DE \u00c7OK G\u00dcZELD\u0130\u201d<br \/>\n<\/span><\/strong><span style=\"font-family: arial, helvetica, sans-serif;\">Atat\u00fcrk A\u00e7\u0131k Otopark\u0131\u2019ndaki iftar \u00e7ad\u0131r\u0131nda orucunu a\u00e7an emekli Bayram Arslan, \u201cBen ger\u00e7ekten memnun kald\u0131m. Yemekler s\u0131cak geldi ve zaman\u0131nda yeti\u015fti\u201d diyerek memnuniyetini payla\u015ft\u0131.<br \/>\n<\/span><span style=\"font-family: arial, helvetica, sans-serif;\">Bal\u0131kesir \u00dcniversitesi\u2019nde \u00f6\u011frenci olan ve yurtta kald\u0131\u011f\u0131n\u0131 dile getiren Ethem \u00d6z\u00e7elik, \u201cAhmet Ba\u015fkan\u0131m\u0131n da Ramazan\u2019\u0131n\u0131 kutlar, bu imk\u00e2n\u0131 bizlere sa\u011flad\u0131\u011f\u0131 i\u00e7in kendisine te\u015fekk\u00fcr ederiz. \u0130ftar \u00e7ad\u0131r\u0131na ilgi yo\u011fundu ve yemekleri de tam iftar zaman\u0131na g\u00f6re getirdiler\u201d dedi. \u00d6z\u00e7elik, \u00f6\u011frenci oldu\u011fu i\u00e7in ev yemeklerini ayr\u0131ca \u00e7ok be\u011fendi\u011fini s\u00f6yledi.<\/span><\/p>\n<p><strong><span style=\"font-family: arial, helvetica, sans-serif;\">\u201c\u00d6\u011eRENC\u0130LER RAHAT B\u0130R \u015eEK\u0130LDE YEMEK Y\u0130YOR\u201d<br \/>\n<\/span><\/strong><span style=\"font-family: arial, helvetica, sans-serif;\">\u0130ftar \u00e7ad\u0131r\u0131nda birlik ve beraberlik i\u00e7inde oru\u00e7 a\u00e7man\u0131n \u00e7ok g\u00fczel oldu\u011funu s\u00f6yleyen Ela Var, \u201cBence b\u00f6yle bir projenin yap\u0131lmas\u0131 \u00e7ok g\u00fczel bir \u015fey \u00e7\u00fcnk\u00fc \u00f6\u011frenciler de daha rahat bir \u015fekilde yemek yiyebiliyor. Hepsi \u00e7ok g\u00fczeldi. H\u00f6\u015fmerimi, pilav\u0131, \u00e7orbas\u0131 ile hepsini \u00e7ok be\u011fendik\u201d s\u00f6zleriyle iftar men\u00fcs\u00fcn\u00fc de be\u011fendi\u011fini dile getirdi.<br \/>\n<\/span><span style=\"font-family: arial, helvetica, sans-serif;\">Bal\u0131kesir B\u00fcy\u00fck\u015fehir Belediyesi taraf\u0131ndan d\u00fczenlenen \u00d6nder K\u0131ran, \u201c\u00c7ok g\u00fczel bir organizasyon.Herkes memnundu, yemekler on numara. \u0130ftar \u00e7ad\u0131r\u0131m\u0131z \u00e7ok g\u00fczel. Ahmet Ak\u0131n Ba\u015fkan\u0131m\u0131za can\u0131 g\u00f6n\u00fclden te\u015fekk\u00fcr ediyorum\u201d dedi.<\/span><\/p>\n","protected":false},"excerpt":{"rendered":"<p>Ramazan\u2019\u0131n ruhunu yans\u0131tan program i\u00e7erikleriyle \u015fehrin d\u00f6rt bir yan\u0131ndan binlerce ki\u015fiyi Za\u011fnos Pa\u015fa Camii Meydan\u0131\u2019ndaki etkinlik alan\u0131nda bulu\u015fturan Bal\u0131kesir B\u00fcy\u00fck\u015fehir<\/p>\n","protected":false},"author":3,"featured_media":28390,"comment_status":"open","ping_status":"open","sticky":false,"template":"","format":"standard","meta":{"colormag_page_container_layout":"default_layout","colormag_page_sidebar_layout":"default_layout","footnotes":""},"categories":[1,5,8],"tags":[],"class_list":["post-28389","post","type-post","status-publish","format-standard","has-post-thumbnail","hentry","category-genel","category-gundem","category-siyaset"],"_links":{"self":[{"href":"https:\/\/marmarayerelhizmet.com\/index.php\/wp-json\/wp\/v2\/posts\/28389","targetHints":{"allow":["GET"]}}],"collection":[{"href":"https:\/\/marmarayerelhizmet.com\/index.php\/wp-json\/wp\/v2\/posts"}],"about":[{"href":"https:\/\/marmarayerelhizmet.com\/index.php\/wp-json\/wp\/v2\/types\/post"}],"author":[{"embeddable":true,"href":"https:\/\/marmarayerelhizmet.com\/index.php\/wp-json\/wp\/v2\/users\/3"}],"replies":[{"embeddable":true,"href":"https:\/\/marmarayerelhizmet.com\/index.php\/wp-json\/wp\/v2\/comments?post=28389"}],"version-history":[{"count":0,"href":"https:\/\/marmarayerelhizmet.com\/index.php\/wp-json\/wp\/v2\/posts\/28389\/revisions"}],"wp:featuredmedia":[{"embeddable":true,"href":"https:\/\/marmarayerelhizmet.com\/index.php\/wp-json\/wp\/v2\/media\/28390"}],"wp:attachment":[{"href":"https:\/\/marmarayerelhizmet.com\/index.php\/wp-json\/wp\/v2\/media?parent=28389"}],"wp:term":[{"taxonomy":"category","embeddable":true,"href":"https:\/\/marmarayerelhizmet.com\/index.php\/wp-json\/wp\/v2\/categories?post=28389"},{"taxonomy":"post_tag","embeddable":true,"href":"https:\/\/marmarayerelhizmet.com\/index.php\/wp-json\/wp\/v2\/tags?post=28389"}],"curies":[{"name":"wp","href":"https:\/\/api.w.org\/{rel}","templated":true}]}}