{"id":28386,"date":"2025-03-04T18:14:55","date_gmt":"2025-03-04T15:14:55","guid":{"rendered":"https:\/\/marmarayerelhizmet.com\/?p=28386"},"modified":"2025-03-04T18:14:55","modified_gmt":"2025-03-04T15:14:55","slug":"ustaoglu-cocuklarla-iftarda","status":"publish","type":"post","link":"https:\/\/marmarayerelhizmet.com\/index.php\/2025\/03\/04\/ustaoglu-cocuklarla-iftarda\/","title":{"rendered":"Ustao\u011flu, \u00c7ocuklarla \u0130ftarda"},"content":{"rendered":"<div><strong><span style=\"font-family: arial, helvetica, sans-serif; font-size: 14px;\">Vali \u0130smail Ustao\u011flu e\u015fi \u015eenay Ustao\u011flu ile birlikte Bal\u0131kesir Aile ve Sosyal Hizmetler \u0130l M\u00fcd\u00fcrl\u00fc\u011f\u00fcne ba\u011fl\u0131 \u00c7ocuk Koruma \u0130lk M\u00fcdahale ve De\u011ferlendirme Birimi, \u00c7ocuk Evleri Koordinasyon Merkezi M\u00fcd\u00fcrl\u00fc\u011f\u00fc ve \u0130htisasla\u015ft\u0131r\u0131lm\u0131\u015f \u00c7ocuk Evleri Sitesi M\u00fcd\u00fcrl\u00fc\u011f\u00fcnde koruma ve bak\u0131m alt\u0131nda bulunan \u00e7ocuklarla iftarda bulu\u015ftu.<\/span><\/strong><\/div>\n<div>\n<span style=\"font-family: arial, helvetica, sans-serif; font-size: 14px;\">Bal\u0131kesir \u00d6\u011fretmenevinde ger\u00e7ekle\u015ftirilen programda, devletin \u015fefkatli kollar\u0131nda hayata haz\u0131rlanan \u00e7ocuklarla yak\u0131ndan ilgilenen Vali Ustao\u011flu; Ramazan ay\u0131n\u0131n unutulan manevi de\u011ferleri ve ahl\u00e2ki g\u00fczellikleri hat\u0131rlamak ve hayata ge\u00e7irmek i\u00e7in bulunmaz bir f\u0131rsat oldu\u011funu s\u00f6yledi. Ustao\u011flu iftarda yapt\u0131\u011f\u0131 konu\u015fmada, \u201cRahmet kap\u0131lar\u0131n\u0131n ard\u0131na kadar a\u00e7\u0131k oldu\u011fu bu kutlu ayda, bug\u00fcn iftar sofram\u0131z\u0131 \u015fenlendiren siz de\u011ferli yavrular\u0131m\u0131zla birlikte olman\u0131n gurur ve mutlulu\u011funu ya\u015f\u0131yorum. Rabbim\u2019in, bizleri Ramazan-\u0131 \u015eerif\u2019e kavu\u015fturdu\u011fu gibi sa\u011fl\u0131k ve afiyetle bayrama da eri\u015ftirmesini diliyorum.\u201d diye konu\u015ftu.\u00a0<\/span><\/div>\n<div><\/div>\n<div><span style=\"font-family: arial, helvetica, sans-serif; font-size: 14px;\"><strong>Ustao\u011flu, \u201cK\u00fclt\u00fcr\u00fcm\u00fczde Devlet; Hem Anad\u0131r, Hem Babad\u0131r\u201d<\/strong><\/span><\/div>\n<div><span style=\"font-family: arial, helvetica, sans-serif; font-size: 14px;\">Hat\u0131rlanmay\u0131 bekleyen insanlar\u0131n kalplerinde bulu\u015fman\u0131n yan\u0131 s\u0131ra \u00e7ocuklar\u0131n ne\u015fesi olman\u0131n da b\u00fcy\u00fck bir onur oldu\u011funu s\u00f6zlerine ekleyen Ustao\u011flu, \u201c\u0130\u00e7inde bulundu\u011fumuz kutlu ve m\u00fcbarek Ramazan Ay\u0131 vesilesi ile \u00e7ocuklar\u0131m\u0131z\u0131n ba\u015f\u0131n\u0131 ok\u015famak, y\u00fczlerini g\u00fcld\u00fcrmek, bir g\u00f6n\u00fcle dokunmak ve bir y\u00fcz\u00fc tebess\u00fcm ettirmek temel gayemizdir. Devletimiz, \u00e7ocuk evleri ve siteleriyle kalacak yeri olmayan \u00e7ocuklar\u0131m\u0131z\u0131n bak\u0131m\u0131n\u0131 \u00fcstlenmektedir. Kimsesizlerin kimsesi olan devletimiz \u00e7e\u015fitli sebeplerle anne-babas\u0131ndan ayr\u0131 d\u00fc\u015fen \u00e7ocuklar\u0131m\u0131z\u0131n s\u0131\u011f\u0131naca\u011f\u0131 yeg\u00e2ne g\u00fcvenli limand\u0131r. Aile bireylerinin eksikli\u011fini evlatlar\u0131m\u0131za hissettirmeme noktas\u0131nda milletimizin t\u00fcm kesimlerine g\u00f6rev d\u00fc\u015fmektedir. Devletimizin kanatlar\u0131 alt\u0131ndaki \u00e7ocuklar\u0131m\u0131z 85 milyon vatanda\u015f\u0131m\u0131z\u0131n ortak evlad\u0131d\u0131r. Bu anlay\u0131\u015fla birbirimizi g\u00f6zetti\u011fimizde sorunlar\u0131n daha da hafifleyece\u011fine, daha sa\u011fl\u0131kl\u0131, huzurlu, g\u00fcvenli bir toplum olaca\u011f\u0131m\u0131za inan\u0131yorum.\u201d ifadelerine yer verdi.\u00a0<\/span><\/div>\n<div><span style=\"font-family: arial, helvetica, sans-serif; font-size: 14px;\">Devletin sevgisine emanet edilen evlatlar\u0131n her zaman yanlar\u0131nda oldu\u011funu ve olaca\u011f\u0131n\u0131 dile getiren Vali Ustao\u011flu, \u201cBizler sizleri \u00e7ok seviyoruz. Sizleri kendi \u00e7ocuklar\u0131m\u0131zdan ayr\u0131 tutmuyoruz. Sizlerin mutlulu\u011fu bizim de mutlulu\u011fumuzdur. Unutmay\u0131n bizler de sizin bir aileniziz. Biliyorsunuz bizim k\u00fclt\u00fcr\u00fcm\u00fczde devlet hem anad\u0131r, hem babad\u0131r. \u00a0Hayallerinizi ger\u00e7ekle\u015ftirmeniz i\u00e7in devlet olarak t\u00fcm deste\u011fi vermeye haz\u0131r\u0131z. Sizleri, gelece\u011fe en iyi \u015fekilde haz\u0131rlamak bizlerin en asli g\u00f6revidir. Ya\u015fam\u0131n\u0131zda sa\u011fl\u0131k, mutluluk ve ba\u015far\u0131 diliyorum. Yolunuz da, baht\u0131n\u0131z da a\u00e7\u0131k olsun.\u201d dedi.<\/span><\/div>\n<div>\n<div id=\"w26eaa0b98e6945d1910af8ad2d677214\">\n<div class=\"row d-none d-md-flex\">\n<div class=\"row zgLarge\"><\/div>\n<\/div>\n<\/div>\n<\/div>\n","protected":false},"excerpt":{"rendered":"<p>Vali \u0130smail Ustao\u011flu e\u015fi \u015eenay Ustao\u011flu ile birlikte Bal\u0131kesir Aile ve Sosyal Hizmetler \u0130l M\u00fcd\u00fcrl\u00fc\u011f\u00fcne ba\u011fl\u0131 \u00c7ocuk Koruma \u0130lk M\u00fcdahale<\/p>\n","protected":false},"author":3,"featured_media":28387,"comment_status":"open","ping_status":"open","sticky":false,"template":"","format":"standard","meta":{"colormag_page_container_layout":"default_layout","colormag_page_sidebar_layout":"default_layout","footnotes":""},"categories":[1,5,8],"tags":[],"class_list":["post-28386","post","type-post","status-publish","format-standard","has-post-thumbnail","hentry","category-genel","category-gundem","category-siyaset"],"_links":{"self":[{"href":"https:\/\/marmarayerelhizmet.com\/index.php\/wp-json\/wp\/v2\/posts\/28386","targetHints":{"allow":["GET"]}}],"collection":[{"href":"https:\/\/marmarayerelhizmet.com\/index.php\/wp-json\/wp\/v2\/posts"}],"about":[{"href":"https:\/\/marmarayerelhizmet.com\/index.php\/wp-json\/wp\/v2\/types\/post"}],"author":[{"embeddable":true,"href":"https:\/\/marmarayerelhizmet.com\/index.php\/wp-json\/wp\/v2\/users\/3"}],"replies":[{"embeddable":true,"href":"https:\/\/marmarayerelhizmet.com\/index.php\/wp-json\/wp\/v2\/comments?post=28386"}],"version-history":[{"count":0,"href":"https:\/\/marmarayerelhizmet.com\/index.php\/wp-json\/wp\/v2\/posts\/28386\/revisions"}],"wp:featuredmedia":[{"embeddable":true,"href":"https:\/\/marmarayerelhizmet.com\/index.php\/wp-json\/wp\/v2\/media\/28387"}],"wp:attachment":[{"href":"https:\/\/marmarayerelhizmet.com\/index.php\/wp-json\/wp\/v2\/media?parent=28386"}],"wp:term":[{"taxonomy":"category","embeddable":true,"href":"https:\/\/marmarayerelhizmet.com\/index.php\/wp-json\/wp\/v2\/categories?post=28386"},{"taxonomy":"post_tag","embeddable":true,"href":"https:\/\/marmarayerelhizmet.com\/index.php\/wp-json\/wp\/v2\/tags?post=28386"}],"curies":[{"name":"wp","href":"https:\/\/api.w.org\/{rel}","templated":true}]}}