{"id":28383,"date":"2025-03-04T18:13:17","date_gmt":"2025-03-04T15:13:17","guid":{"rendered":"https:\/\/marmarayerelhizmet.com\/?p=28383"},"modified":"2025-03-04T18:13:17","modified_gmt":"2025-03-04T15:13:17","slug":"balikesirde-mod10-ruzgari-esti","status":"publish","type":"post","link":"https:\/\/marmarayerelhizmet.com\/index.php\/2025\/03\/04\/balikesirde-mod10-ruzgari-esti\/","title":{"rendered":"Bal\u0131kesir\u2019de MOD10 R\u00fczg\u00e2r\u0131 Esti"},"content":{"rendered":"<p><strong><span style=\"font-family: arial, helvetica, sans-serif; font-size: 14px;\">Bal\u0131kesir B\u00fcy\u00fck\u015fehir Belediye Orkestras\u0131 b\u00fcnyesinde faaliyet g\u00f6steren ve birbirinden yetenekli gen\u00e7lerden olu\u015fan MOD10 Gen\u00e7lik Orkestras\u0131, ikinci sezonun ilk konserinde izleyenlere unutulmaz bir gece ya\u015fatt\u0131.<\/span><\/strong><\/p>\n<p><span style=\"font-family: arial, helvetica, sans-serif; font-size: 14px;\">Gen\u00e7lerin m\u00fczik yetene\u011fini ke\u015ffetmek ve hayallerine ad\u0131m ad\u0131m yakla\u015fmalar\u0131n\u0131 sa\u011flamak amac\u0131yla Bal\u0131kesir B\u00fcy\u00fck\u015fehir Belediyesi Orkestras\u0131 b\u00fcnyesinde kurulan MOD10 Gen\u00e7lik Orkestras\u0131 ikinci sezon konserlerine co\u015fkuyla ba\u015flad\u0131. Avlu Kongre ve K\u00fclt\u00fcr Merkezi\u2019nde ger\u00e7ekle\u015fen konsere kat\u0131l\u0131m olduk\u00e7a yo\u011fun oldu. \u015eef Umut Ayral y\u00f6netiminde tamam\u0131 8-18 ya\u015flar\u0131 aras\u0131ndaki birbirinden yetenekli 45 gen\u00e7ten olu\u015fan MOD10 Gen\u00e7lik Orkestras\u0131, T\u00fcrk m\u00fczi\u011finin en sevilen eserlerine hayat verdi. Konser sonunda gen\u00e7 m\u00fczisyenler ve konuklar, hep bir a\u011f\u0131zdan \u201cYa\u015fa Mustafa Kemal Pa\u015fa Ya\u015fa Mar\u015f\u0131\u201dn\u0131 seslendirdiler. Konsere; Bal\u0131kesir B\u00fcy\u00fck\u015fehir Belediye Ba\u015fkan Vekili Volkan Alt\u0131n\u00f6z, Bal\u0131kesir B\u00fcy\u00fck\u015fehir Belediye Ba\u015fkan Vekili ve Bal\u0131kesir Kent Konseyi Ba\u015fkan\u0131 Sevin\u00e7 Baykan \u00d6zden\u2019in yan\u0131 s\u0131ra \u00e7ok say\u0131da vatanda\u015f kat\u0131l\u0131m sa\u011flad\u0131.<\/span><\/p>\n<p><strong><span style=\"font-family: arial, helvetica, sans-serif; font-size: 14px;\">\u201c20 \u0130L\u00c7EM\u0130ZDE BU ETK\u0130NL\u0130KLER\u0130M\u0130Z DEVAM EDECEK\u201d<br \/>\n<\/span><\/strong><span style=\"font-family: arial, helvetica, sans-serif; font-size: 14px;\">MOD10 Gen\u00e7lik Orkestras\u0131\u2019n\u0131n muhte\u015fem bir konsere imza att\u0131\u011f\u0131n\u0131 s\u00f6yleyen Bal\u0131kesir B\u00fcy\u00fck\u015fehir Belediye Ba\u015fkan Vekili Volkan Alt\u0131n\u00f6z, \u201cHi\u00e7 bitmesini istemedi\u011fimiz bir gecenin sonuna geldik. Ahmet Ba\u015fkan\u0131m\u0131z\u0131n sonsuz sevgi ve sayg\u0131lar\u0131n\u0131 sizlere sunuyorum. \u00c7ocuklar\u0131m\u0131z, gen\u00e7lerimiz \u00e7ok g\u00fczel bir ak\u015fam ya\u015fatt\u0131lar bize. Bu gecenin kahraman\u0131 Umut hocam\u0131z\u0131 da unutmuyoruz, orkestram\u0131zla birlikte; \u00e7ocuklar\u0131m\u0131z\u0131, gen\u00e7lerimizi emanet ediyoruz. O da ger\u00e7ekten ba\u015far\u0131l\u0131 \u00e7al\u0131\u015fmalarla bizleri gururland\u0131r\u0131yor. 20 il\u00e7emizde bu etkinliklerimizi sonuna kadar devam ettirece\u011fiz\u201d diyerek k\u00fclt\u00fcr sanat programlar\u0131n\u0131n da her ge\u00e7en g\u00fcn artarak s\u00fcrece\u011fini dile getirdi.<\/span><\/p>\n<p><strong><span style=\"font-family: arial, helvetica, sans-serif; font-size: 14px;\">\u201cHEP\u0130N\u0130Z\u0130N Y\u00dcRE\u011e\u0130NE SA\u011eLIK\u201d<br \/>\n<\/span><\/strong><span style=\"font-family: arial, helvetica, sans-serif; font-size: 14px;\">Sevin\u00e7 Baykan \u00d6zden, \u201cKonserde eme\u011fi ge\u00e7en herkesi y\u00fcrekten kutluyorum. Benim \u00e7ok de\u011ferli \u015fehrimin \u00e7ocuklar\u0131n\u0131n \u00e7ok de\u011ferli velileri burada. Hepinizin y\u00fcre\u011fine sa\u011fl\u0131k b\u00f6yle \u00e7ocuklar yeti\u015ftirdi\u011finiz i\u00e7in. Hepinize tek tek te\u015fekk\u00fcr ediyoruz\u201d \u015feklinde konu\u015ftu.<\/span><\/p>\n<p><strong><span style=\"font-family: arial, helvetica, sans-serif; font-size: 14px;\">\u201c\u00c7OK G\u00dcZELD\u0130 B\u0130R KONSERD\u0130\u201d<br \/>\n<\/span><\/strong><span style=\"font-family: arial, helvetica, sans-serif; font-size: 14px;\">\u00c7ok g\u00fczel bir konser izlediklerini s\u00f6yleyen Merve Kopuk, \u201cBurada \u00f6\u011frencilerim vard\u0131. Onlar\u0131 izlemeye geldim. Ger\u00e7ekten \u00e7ok \u00e7ok ba\u015far\u0131l\u0131lard\u0131. \u0130zlerken g\u00f6zlerim doldu ve gurur duydum. Tebrik ederim ger\u00e7ekten Bal\u0131kesir B\u00fcy\u00fck\u015fehir Belediyesi b\u00f6yle bir \u015feye vesile oldu\u011fu i\u00e7in \u00e7ok te\u015fekk\u00fcr ederim\u201d\u00a0ifadelerini kulland\u0131. Arkada\u015flar\u0131n\u0131n da MOD10 Gen\u00e7lik Orkestras\u0131\u2019nda yer ald\u0131\u011f\u0131n\u0131 s\u00f6yleyen Damla K\u00fcm\u00fcr, \u201c\u00c7ok g\u00fczeldi ger\u00e7ekten. \u0130kinci sezona \u00e7ok iyi bir giri\u015f yap\u0131ld\u0131. Orkestradaki \u00e7o\u011fu ki\u015fi arkada\u015f\u0131md\u0131. \u00c7ok g\u00fczel e\u011flendik. Hepsinin a\u011fz\u0131na sa\u011fl\u0131k\u201d \u015feklinde konu\u015ftu.<\/span><\/p>\n","protected":false},"excerpt":{"rendered":"<p>Bal\u0131kesir B\u00fcy\u00fck\u015fehir Belediye Orkestras\u0131 b\u00fcnyesinde faaliyet g\u00f6steren ve birbirinden yetenekli gen\u00e7lerden olu\u015fan MOD10 Gen\u00e7lik Orkestras\u0131, ikinci sezonun ilk konserinde izleyenlere<\/p>\n","protected":false},"author":3,"featured_media":28384,"comment_status":"open","ping_status":"open","sticky":false,"template":"","format":"standard","meta":{"colormag_page_container_layout":"default_layout","colormag_page_sidebar_layout":"default_layout","footnotes":""},"categories":[1,5,6,8],"tags":[],"class_list":["post-28383","post","type-post","status-publish","format-standard","has-post-thumbnail","hentry","category-genel","category-gundem","category-kultur-sanat","category-siyaset"],"_links":{"self":[{"href":"https:\/\/marmarayerelhizmet.com\/index.php\/wp-json\/wp\/v2\/posts\/28383","targetHints":{"allow":["GET"]}}],"collection":[{"href":"https:\/\/marmarayerelhizmet.com\/index.php\/wp-json\/wp\/v2\/posts"}],"about":[{"href":"https:\/\/marmarayerelhizmet.com\/index.php\/wp-json\/wp\/v2\/types\/post"}],"author":[{"embeddable":true,"href":"https:\/\/marmarayerelhizmet.com\/index.php\/wp-json\/wp\/v2\/users\/3"}],"replies":[{"embeddable":true,"href":"https:\/\/marmarayerelhizmet.com\/index.php\/wp-json\/wp\/v2\/comments?post=28383"}],"version-history":[{"count":0,"href":"https:\/\/marmarayerelhizmet.com\/index.php\/wp-json\/wp\/v2\/posts\/28383\/revisions"}],"wp:featuredmedia":[{"embeddable":true,"href":"https:\/\/marmarayerelhizmet.com\/index.php\/wp-json\/wp\/v2\/media\/28384"}],"wp:attachment":[{"href":"https:\/\/marmarayerelhizmet.com\/index.php\/wp-json\/wp\/v2\/media?parent=28383"}],"wp:term":[{"taxonomy":"category","embeddable":true,"href":"https:\/\/marmarayerelhizmet.com\/index.php\/wp-json\/wp\/v2\/categories?post=28383"},{"taxonomy":"post_tag","embeddable":true,"href":"https:\/\/marmarayerelhizmet.com\/index.php\/wp-json\/wp\/v2\/tags?post=28383"}],"curies":[{"name":"wp","href":"https:\/\/api.w.org\/{rel}","templated":true}]}}