{"id":28380,"date":"2025-03-04T18:11:33","date_gmt":"2025-03-04T15:11:33","guid":{"rendered":"https:\/\/marmarayerelhizmet.com\/?p=28380"},"modified":"2025-03-04T18:11:33","modified_gmt":"2025-03-04T15:11:33","slug":"muhtarlardan-baskan-sehirliye-ziyaret","status":"publish","type":"post","link":"https:\/\/marmarayerelhizmet.com\/index.php\/2025\/03\/04\/muhtarlardan-baskan-sehirliye-ziyaret\/","title":{"rendered":"Muhtarlardan Ba\u015fkan \u015eehirli&#8217;ye Ziyaret"},"content":{"rendered":"<div>\n<p><strong><span style=\"font-family: arial, helvetica, sans-serif;\">Alt\u0131eyl\u00fcl \u0130l\u00e7e Mahalle Muhtarlar\u0131, Alt\u0131eyl\u00fcl Belediye Ba\u015fkan\u0131 Hakan \u015eehirli&#8217;yi makam\u0131nda ziyaret ederek kendisini tebrik ettiler.<\/span><\/strong><\/p>\n<\/div>\n<p><strong><span style=\"font-family: arial, helvetica, sans-serif;\">Muhtarlardan Ba\u015fkan \u015eehirli\u2019ye Tebrik<br \/>\n<\/span><\/strong><span style=\"font-family: arial, helvetica, sans-serif;\">Alt\u0131eyl\u00fcl \u0130l\u00e7e Mahalle Muhtarlar\u0131, Alt\u0131eyl\u00fcl Belediye Ba\u015fkan\u0131 Hakan \u015eehirli\u2019nin ba\u015far\u0131lar\u0131n\u0131 kutlamak i\u00e7in bir araya geldi. Muhtarlar, ge\u00e7ti\u011fimiz g\u00fcnlerde Avrupa&#8217;n\u0131n \u00f6nde gelen yerel y\u00f6netimlerinden biri olarak kabul edilen Alt\u0131eyl\u00fcl Belediyesi\u2019nin, Avrupa Yerel Demokrasi Haftas\u0131 Y\u0131ll\u0131k Koordinasyon Toplant\u0131s\u0131\u2019nda elde etti\u011fi ba\u015far\u0131y\u0131 vurgulad\u0131lar. Ba\u015fkan Hakan \u015eehirli\u2019nin, Fransa\u2019n\u0131n Strazburg kentinde d\u00fczenlenen etkinlikte ald\u0131\u011f\u0131 \u00f6d\u00fcl\u00fcn ard\u0131ndan, muhtarlar ba\u015fkanlar\u0131n\u0131 ziyaret ederek kendilerini kutlad\u0131klar\u0131n\u0131 belirttiler. Muhtarlar, &#8220;Ba\u015fkan\u0131m\u0131z\u0131n bu \u00f6d\u00fcl\u00fc almas\u0131, Alt\u0131eyl\u00fcl\u2019\u00fcn yerel y\u00f6netim alan\u0131nda ne kadar ileriye gitti\u011fini g\u00f6steriyor. Bizler de kendisini tebrik ediyoruz ve ba\u015far\u0131lar\u0131n\u0131n devam\u0131n\u0131 diliyoruz.&#8221; dediler.<\/span><\/p>\n<p><strong><span style=\"font-family: arial, helvetica, sans-serif;\">94 Mahallemiz \u0130le Kocaman Bir Aileyiz<br \/>\n<\/span><\/strong><span style=\"font-family: arial, helvetica, sans-serif;\">Alt\u0131eyl\u00fcl Belediye Ba\u015fkan\u0131 Hakan \u015eehirli, muhtarlar\u0131 makam\u0131nda a\u011f\u0131rlayarak, il\u00e7ede y\u00fcr\u00fct\u00fclen hizmetler ve projeler hakk\u0131nda bilgilendirmelerde bulundu. Ziyaret i\u00e7in muhtarlara te\u015fekk\u00fcr eden Ba\u015fkan \u015eehirli, \u015fu ifadeleri kulland\u0131: &#8220;Bug\u00fcn burada, ziyaretleri ile beni onurland\u0131ran ve gururland\u0131ran t\u00fcm muhtarlar\u0131m\u0131za te\u015fekk\u00fcr ediyorum. G\u00f6reve geldi\u011fim g\u00fcnden itibaren her mahallemizi ayr\u0131 ayr\u0131 ziyaret ederek, halk\u0131m\u0131za en iyi hizmeti g\u00f6t\u00fcrmeye \u00e7al\u0131\u015f\u0131yoruz. 94 mahallemiz ile b\u00fcy\u00fck bir aile olduk. Her bir mahallemize e\u015fit hizmet sunmak i\u00e7in gece g\u00fcnd\u00fcz demeden \u00e7al\u0131\u015fmalar\u0131m\u0131z\u0131 s\u00fcrd\u00fcr\u00fcyoruz. Bu s\u00fcre\u00e7te, muhtarlar\u0131m\u0131zla birlikte i\u015fbirli\u011fi i\u00e7inde \u00e7al\u0131\u015farak, sorunlar\u0131 \u00e7\u00f6zme ve halk\u0131m\u0131za daha iyi hizmet sunma yolunda \u00f6nemli ad\u0131mlar at\u0131yoruz.&#8221;<br \/>\n<\/span><span style=\"font-family: arial, helvetica, sans-serif;\">Ba\u015fkan \u015eehirli, il\u00e7edeki t\u00fcm mahallelerin kalk\u0131nmas\u0131 i\u00e7in her zaman yanlar\u0131nda olduklar\u0131n\u0131 belirterek, &#8220;Hedefimiz, Alt\u0131eyl\u00fcl\u2019\u00fc her alanda daha da ileriye ta\u015f\u0131mak. Mahallelerimizin sorunlar\u0131n\u0131 birlikte tespit ediyor ve birlikte \u00e7\u00f6z\u00fcme kavu\u015fturuyoruz. Bundan sonra da her zaman yan\u0131n\u0131zda olaca\u011f\u0131m.&#8221; dedi.<\/span><\/p>\n<div class=\"row mt-50\">\n<section id=\"exper-gallery\">\n<div id=\"exper-image-gallery\">\n<div class=\"row\">\n<div class=\"col-md-3\"><\/div>\n<\/div>\n<\/div>\n<\/section>\n<\/div>\n","protected":false},"excerpt":{"rendered":"<p>Alt\u0131eyl\u00fcl \u0130l\u00e7e Mahalle Muhtarlar\u0131, Alt\u0131eyl\u00fcl Belediye Ba\u015fkan\u0131 Hakan \u015eehirli&#8217;yi makam\u0131nda ziyaret ederek kendisini tebrik ettiler. Muhtarlardan Ba\u015fkan \u015eehirli\u2019ye Tebrik Alt\u0131eyl\u00fcl<\/p>\n","protected":false},"author":3,"featured_media":28381,"comment_status":"open","ping_status":"open","sticky":false,"template":"","format":"standard","meta":{"colormag_page_container_layout":"default_layout","colormag_page_sidebar_layout":"default_layout","footnotes":""},"categories":[1,5,8],"tags":[],"class_list":["post-28380","post","type-post","status-publish","format-standard","has-post-thumbnail","hentry","category-genel","category-gundem","category-siyaset"],"_links":{"self":[{"href":"https:\/\/marmarayerelhizmet.com\/index.php\/wp-json\/wp\/v2\/posts\/28380","targetHints":{"allow":["GET"]}}],"collection":[{"href":"https:\/\/marmarayerelhizmet.com\/index.php\/wp-json\/wp\/v2\/posts"}],"about":[{"href":"https:\/\/marmarayerelhizmet.com\/index.php\/wp-json\/wp\/v2\/types\/post"}],"author":[{"embeddable":true,"href":"https:\/\/marmarayerelhizmet.com\/index.php\/wp-json\/wp\/v2\/users\/3"}],"replies":[{"embeddable":true,"href":"https:\/\/marmarayerelhizmet.com\/index.php\/wp-json\/wp\/v2\/comments?post=28380"}],"version-history":[{"count":0,"href":"https:\/\/marmarayerelhizmet.com\/index.php\/wp-json\/wp\/v2\/posts\/28380\/revisions"}],"wp:featuredmedia":[{"embeddable":true,"href":"https:\/\/marmarayerelhizmet.com\/index.php\/wp-json\/wp\/v2\/media\/28381"}],"wp:attachment":[{"href":"https:\/\/marmarayerelhizmet.com\/index.php\/wp-json\/wp\/v2\/media?parent=28380"}],"wp:term":[{"taxonomy":"category","embeddable":true,"href":"https:\/\/marmarayerelhizmet.com\/index.php\/wp-json\/wp\/v2\/categories?post=28380"},{"taxonomy":"post_tag","embeddable":true,"href":"https:\/\/marmarayerelhizmet.com\/index.php\/wp-json\/wp\/v2\/tags?post=28380"}],"curies":[{"name":"wp","href":"https:\/\/api.w.org\/{rel}","templated":true}]}}