{"id":28323,"date":"2025-02-24T18:35:55","date_gmt":"2025-02-24T15:35:55","guid":{"rendered":"https:\/\/marmarayerelhizmet.com\/?p=28323"},"modified":"2025-02-24T18:35:55","modified_gmt":"2025-02-24T15:35:55","slug":"buyuksehir-emittten-odulle-dondu","status":"publish","type":"post","link":"https:\/\/marmarayerelhizmet.com\/index.php\/2025\/02\/24\/buyuksehir-emittten-odulle-dondu\/","title":{"rendered":"B\u00fcy\u00fck\u015fehir EMITT\u2019ten \u00d6d\u00fclle D\u00f6nd\u00fc"},"content":{"rendered":"<div class=\"tg-post\">\n<article id=\"post-41220\" class=\"post-41220 post type-post status-publish format-standard has-post-thumbnail hentry category-genel category-siyaset\">\n<div class=\"cm-post-content\">\n<div class=\"cm-entry-summary\">\n<p><span style=\"font-family: arial, helvetica, sans-serif; font-size: 14px;\"><strong>Bal\u0131kesir B\u00fcy\u00fck\u015fehir Belediyesi, d\u00fcnyan\u0131n en b\u00fcy\u00fck turizm fuarlar\u0131ndan biri olan Do\u011fu Akdeniz Uluslararas\u0131 Turizm ve Seyahat Fuar\u0131\u2019ndan (EMITT) \u201c28. Y\u0131l Onur \u00d6d\u00fcl\u00fc\u201d ile d\u00f6nd\u00fc.<\/strong><\/span><\/p>\n<p><span style=\"font-family: arial, helvetica, sans-serif; font-size: 14px;\">\u0130stanbul T\u00dcYAP Fuar ve Kongre Merkezi\u2019nde 5-7 \u015eubat 2025 g\u00fcnleri aras\u0131nda 28\u2019incisi d\u00fczenlenen Do\u011fu Akdeniz Uluslararas\u0131 Turizm ve Seyahat Fuar\u0131\u2019nda (EMITT) Bal\u0131kesir B\u00fcy\u00fck\u015fehir Belediyesi, 28. Y\u0131l Onur \u00d6d\u00fcl\u00fc\u2019ne lay\u0131k g\u00f6r\u00fcld\u00fc. Fuarda ilk g\u00fcnden itibaren lezzetli zeytinya\u011flar\u0131ndan, zengin bal \u00e7e\u015fitlerine kadar \u00e7ok say\u0131da y\u00f6resel de\u011ferleriyle ilgi \u00e7eken Bal\u0131kesir B\u00fcy\u00fck\u015fehir Belediyesi \u201cDestinasyonlar\u201d kategorisinde yapt\u0131\u011f\u0131 geni\u015f kapsaml\u0131 tan\u0131t\u0131m \u00e7al\u0131\u015fmalar\u0131 ve i\u015f birlikleriyle bu \u00f6d\u00fcl\u00fc almaya hak kazand\u0131.<\/span><\/p>\n<p><span style=\"font-family: arial, helvetica, sans-serif; font-size: 14px;\"><strong>\u201cBALIKES\u0130R\u2019\u0130M\u0130Z ZENG\u0130N TUR\u0130ZM POTANS\u0130YEL\u0130YLE \u00d6NE \u00c7IKIYOR\u201d<br \/>\n<\/strong>T\u00fcrkiye\u2019nin sakl\u0131 cenneti Bal\u0131kesir\u2019de turizm potansiyelini artt\u0131r\u0131p, \u00e7e\u015fitlendirmek i\u00e7in \u00e7al\u0131\u015fmalar\u0131n ba\u015flad\u0131\u011f\u0131n\u0131 dile getiren Bal\u0131kesir B\u00fcy\u00fck\u015fehir Belediye Ba\u015fkan\u0131 Ahmet Ak\u0131n, \u201cBal\u0131kesir, \u00fclkemizin ve hatta d\u00fcnyan\u0131n en g\u00fczel kenti. Co\u011frafi konumu, do\u011fal zenginlikleri ve k\u00fclt\u00fcrel de\u011ferleriyle \u015fehrimiz olduk\u00e7a y\u00fcksek bir turizm potansiyeline sahip. Bal\u0131kesir\u2019in turizm alan\u0131nda hak etti\u011fi yere gelmesi i\u00e7in ortak ak\u0131l ve vizyonla \u00e7al\u0131\u015f\u0131yoruz. \u015eehrimiz k\u0131rsal ve eko turizm a\u00e7\u0131s\u0131ndan T\u00fcrkiye\u2019nin en \u00f6nde gelen ili. Tar\u0131msal kalk\u0131nma k\u0131rsal turizmle entegre edilerek \u00e7ok y\u00f6nl\u00fc bir kalk\u0131nma olu\u015fturabilir. Bunun yan\u0131 s\u0131ra zengin bir mutfa\u011f\u0131m\u0131z var. Gastronomi festivalleri ile bu potansiyeli de \u00f6ne \u00e7\u0131karmay\u0131 hedefliyoruz. T\u00fcrkiye\u2019nin \u00f6nemli termallerine sahibiz. \u0130limizde sa\u011fl\u0131k turizmi de s\u00fcrd\u00fcr\u00fclebilir bir \u015fekilde yap\u0131labilir. Bal\u0131kesir\u2019imizin turizm potansiyelini geli\u015ftirmek i\u00e7in \u00e7al\u0131\u015fmalar\u0131m\u0131z\u0131 ba\u015flatt\u0131k. D\u00fcnyan\u0131n en b\u00fcy\u00fck turizm fuarlar\u0131ndan birisi olan EMITT\u2019te yer almaktan ve onur \u00f6d\u00fcl\u00fcne lay\u0131k g\u00f6r\u00fclmekten mutluluk duyduk. Bal\u0131kesir\u2019imizin lezzetli mutfa\u011f\u0131 ve g\u00f6z al\u0131c\u0131 do\u011fas\u0131n\u0131 tan\u0131tt\u0131\u011f\u0131m\u0131z fuara kat\u0131l\u0131m g\u00f6steren herkese te\u015fekk\u00fcr ediyorum.\u201d ifadelerini kulland\u0131.<\/span><\/p>\n<p><span style=\"font-family: arial, helvetica, sans-serif; font-size: 14px;\"><strong>TUR\u0130ZM\u0130N NABZI EMITT FUARI\u2019NDA ATTI<br \/>\n<\/strong>EMITT Fuar\u0131\u2019nda yerli ve yabanc\u0131 bir\u00e7ok kat\u0131l\u0131mc\u0131n\u0131n ziyaret etti\u011fi Bal\u0131kesir B\u00fcy\u00fck\u015fehir Belediyesi tan\u0131t\u0131m stand\u0131nda; Edremit, Burhaniye, Havran, G\u00f6nen ve S\u0131nd\u0131rg\u0131 belediyeleri de yer ald\u0131. Fuarda Ayval\u0131k ve G\u00f6me\u00e7 stantlar\u0131 da ziyaret\u00e7ilerini a\u011f\u0131rlad\u0131. Bal\u0131kesir B\u00fcy\u00fck\u015fehir Belediyesi, b\u00f6lgenin do\u011fal g\u00fczelliklerini, tarihi miras\u0131n\u0131 ve k\u00fclt\u00fcrel zenginliklerini en iyi \u015fekilde temsil ederek turizm sekt\u00f6r\u00fcndeki yerini g\u00fc\u00e7lendirdi.<\/span><\/p>\n<div class=\"row\">\n<div id=\"\" class=\"col-lg-3 col-md-4 col-sm-12 p-1\"><\/div>\n<\/div>\n<\/div>\n<\/div>\n<\/article>\n<\/div>\n","protected":false},"excerpt":{"rendered":"<p>Bal\u0131kesir B\u00fcy\u00fck\u015fehir Belediyesi, d\u00fcnyan\u0131n en b\u00fcy\u00fck turizm fuarlar\u0131ndan biri olan Do\u011fu Akdeniz Uluslararas\u0131 Turizm ve Seyahat Fuar\u0131\u2019ndan (EMITT) \u201c28. Y\u0131l<\/p>\n","protected":false},"author":3,"featured_media":28324,"comment_status":"open","ping_status":"open","sticky":false,"template":"","format":"standard","meta":{"colormag_page_container_layout":"default_layout","colormag_page_sidebar_layout":"default_layout","footnotes":""},"categories":[1,5,8],"tags":[],"class_list":["post-28323","post","type-post","status-publish","format-standard","has-post-thumbnail","hentry","category-genel","category-gundem","category-siyaset"],"_links":{"self":[{"href":"https:\/\/marmarayerelhizmet.com\/index.php\/wp-json\/wp\/v2\/posts\/28323","targetHints":{"allow":["GET"]}}],"collection":[{"href":"https:\/\/marmarayerelhizmet.com\/index.php\/wp-json\/wp\/v2\/posts"}],"about":[{"href":"https:\/\/marmarayerelhizmet.com\/index.php\/wp-json\/wp\/v2\/types\/post"}],"author":[{"embeddable":true,"href":"https:\/\/marmarayerelhizmet.com\/index.php\/wp-json\/wp\/v2\/users\/3"}],"replies":[{"embeddable":true,"href":"https:\/\/marmarayerelhizmet.com\/index.php\/wp-json\/wp\/v2\/comments?post=28323"}],"version-history":[{"count":0,"href":"https:\/\/marmarayerelhizmet.com\/index.php\/wp-json\/wp\/v2\/posts\/28323\/revisions"}],"wp:featuredmedia":[{"embeddable":true,"href":"https:\/\/marmarayerelhizmet.com\/index.php\/wp-json\/wp\/v2\/media\/28324"}],"wp:attachment":[{"href":"https:\/\/marmarayerelhizmet.com\/index.php\/wp-json\/wp\/v2\/media?parent=28323"}],"wp:term":[{"taxonomy":"category","embeddable":true,"href":"https:\/\/marmarayerelhizmet.com\/index.php\/wp-json\/wp\/v2\/categories?post=28323"},{"taxonomy":"post_tag","embeddable":true,"href":"https:\/\/marmarayerelhizmet.com\/index.php\/wp-json\/wp\/v2\/tags?post=28323"}],"curies":[{"name":"wp","href":"https:\/\/api.w.org\/{rel}","templated":true}]}}