{"id":28316,"date":"2025-02-24T18:33:29","date_gmt":"2025-02-24T15:33:29","guid":{"rendered":"https:\/\/marmarayerelhizmet.com\/?p=28316"},"modified":"2025-02-24T18:33:41","modified_gmt":"2025-02-24T15:33:41","slug":"ibadethanelerde-temizlik-seferberligi","status":"publish","type":"post","link":"https:\/\/marmarayerelhizmet.com\/index.php\/2025\/02\/24\/ibadethanelerde-temizlik-seferberligi\/","title":{"rendered":"\u0130badethanelerde Temizlik Seferberli\u011fi"},"content":{"rendered":"<div class=\"tg-post\">\n<article id=\"post-41223\" class=\"post-41223 post type-post status-publish format-standard has-post-thumbnail hentry category-genel category-ilceler category-siyaset\">\n<div class=\"cm-post-content\">\n<div class=\"cm-entry-summary\">\n<div>\n<p><span style=\"font-family: arial, helvetica, sans-serif; font-size: 14px;\"><strong>Alt\u0131eyl\u00fcl Belediyesi, il\u00e7edeki ibadethaneleri, mescitleri, cem evlerini ve hasta, ya\u015fl\u0131 bak\u0131ma muhta\u00e7 vatanda\u015flar\u0131n evlerini d\u00fczenli olarak temizleyerek, vatanda\u015flara hijyenik alanlar sunuyor.<br \/>\n<\/strong><br \/>\n<strong>\u0130BADETHANELERDE DETAYLI TEM\u0130ZL\u0130K<br \/>\n<\/strong><\/span><span style=\"font-family: arial, helvetica, sans-serif; font-size: 14px;\">\u0130l\u00e7enin cadde, sokak ve parklar\u0131nda yo\u011fun bir temizlik \u00e7al\u0131\u015fmas\u0131 y\u00fcr\u00fcten Alt\u0131eyl\u00fcl Belediyesi ekipleri, ayn\u0131 zamanda il\u00e7edeki ibadethaneleri de d\u00fczenli olarak temizliyor. Ekipler, ibadethanelerin i\u00e7 temizli\u011finin yan\u0131 s\u0131ra, bah\u00e7elerinde bulunan \u00e7\u00f6pleri de temizleyerek, bu alanlar\u0131 hizmete haz\u0131r hale getiriyor.<\/span><\/p>\n<\/div>\n<p><span style=\"font-family: arial, helvetica, sans-serif; font-size: 14px;\"><strong>RAMAZAN AYI \u00d6NCES\u0130 TEM\u0130ZL\u0130K SEFERBERL\u0130\u011e\u0130<br \/>\n<\/strong>Ramazan ay\u0131 \u00f6ncesinde ise Temizlik \u0130\u015fleri M\u00fcd\u00fcrl\u00fc\u011f\u00fc ekipleri, camilerin duvarlar\u0131ndan \u015fad\u0131rvanlara, camlardan hal\u0131lara, lavabolara kadar ibadethanenin her b\u00f6lgesinin temizli\u011fini sa\u011fl\u0131yor. Haz\u0131rlanan planlama \u00e7er\u00e7evesinde, il\u00e7edeki t\u00fcm camilerde hummal\u0131 bir temizlik \u00e7al\u0131\u015fmas\u0131na devam ediliyor.<\/span><\/p>\n<p><span style=\"font-family: arial, helvetica, sans-serif; font-size: 14px;\"><strong>BA\u015eKAN HAKAN \u015eEH\u0130RL\u0130\u2019DEN A\u00c7IKLAMA<br \/>\n<\/strong>Alt\u0131eyl\u00fcl Belediye Ba\u015fkan\u0131 Hakan \u015eehirli, yapt\u0131\u011f\u0131 a\u00e7\u0131klamada, \u201cTemizlik \u0130\u015fleri M\u00fcd\u00fcrl\u00fc\u011f\u00fcm\u00fczdeki \u00e7al\u0131\u015fma arkada\u015flar\u0131m\u0131z, ibadethaneleri, mescitleri, cem evlerini ve hasta, ya\u015fl\u0131 bak\u0131ma muhta\u00e7 vatanda\u015flar\u0131m\u0131z\u0131n evlerini d\u00fczenli olarak temizliyor. Ayr\u0131ca, yakla\u015fan m\u00fcbarek Ramazan ay\u0131 sebebiyle cami temizli\u011fi \u00e7al\u0131\u015fmalar\u0131m\u0131z\u0131, yaln\u0131zca ibadet yerlerimizin hijyenini sa\u011flamak i\u00e7in de\u011fil, halk\u0131m\u0131z\u0131n sa\u011fl\u0131\u011f\u0131n\u0131 korumak amac\u0131yla da \u00f6nemli bir ad\u0131m olarak g\u00f6r\u00fcyoruz.\u201d \u015feklinde konu\u015ftu.<\/span><\/p>\n<div class=\"row mt-50\">\n<section id=\"exper-gallery\">\n<div id=\"exper-image-gallery\">\n<div class=\"row\">\n<div class=\"col-md-3\"><\/div>\n<\/div>\n<\/div>\n<\/section>\n<\/div>\n<\/div>\n<\/div>\n<\/article>\n<\/div>\n","protected":false},"excerpt":{"rendered":"<p>Alt\u0131eyl\u00fcl Belediyesi, il\u00e7edeki ibadethaneleri, mescitleri, cem evlerini ve hasta, ya\u015fl\u0131 bak\u0131ma muhta\u00e7 vatanda\u015flar\u0131n evlerini d\u00fczenli olarak temizleyerek, vatanda\u015flara hijyenik alanlar<\/p>\n","protected":false},"author":3,"featured_media":28317,"comment_status":"open","ping_status":"open","sticky":false,"template":"","format":"standard","meta":{"colormag_page_container_layout":"default_layout","colormag_page_sidebar_layout":"default_layout","footnotes":""},"categories":[1,5,8],"tags":[],"class_list":["post-28316","post","type-post","status-publish","format-standard","has-post-thumbnail","hentry","category-genel","category-gundem","category-siyaset"],"_links":{"self":[{"href":"https:\/\/marmarayerelhizmet.com\/index.php\/wp-json\/wp\/v2\/posts\/28316","targetHints":{"allow":["GET"]}}],"collection":[{"href":"https:\/\/marmarayerelhizmet.com\/index.php\/wp-json\/wp\/v2\/posts"}],"about":[{"href":"https:\/\/marmarayerelhizmet.com\/index.php\/wp-json\/wp\/v2\/types\/post"}],"author":[{"embeddable":true,"href":"https:\/\/marmarayerelhizmet.com\/index.php\/wp-json\/wp\/v2\/users\/3"}],"replies":[{"embeddable":true,"href":"https:\/\/marmarayerelhizmet.com\/index.php\/wp-json\/wp\/v2\/comments?post=28316"}],"version-history":[{"count":0,"href":"https:\/\/marmarayerelhizmet.com\/index.php\/wp-json\/wp\/v2\/posts\/28316\/revisions"}],"wp:featuredmedia":[{"embeddable":true,"href":"https:\/\/marmarayerelhizmet.com\/index.php\/wp-json\/wp\/v2\/media\/28317"}],"wp:attachment":[{"href":"https:\/\/marmarayerelhizmet.com\/index.php\/wp-json\/wp\/v2\/media?parent=28316"}],"wp:term":[{"taxonomy":"category","embeddable":true,"href":"https:\/\/marmarayerelhizmet.com\/index.php\/wp-json\/wp\/v2\/categories?post=28316"},{"taxonomy":"post_tag","embeddable":true,"href":"https:\/\/marmarayerelhizmet.com\/index.php\/wp-json\/wp\/v2\/tags?post=28316"}],"curies":[{"name":"wp","href":"https:\/\/api.w.org\/{rel}","templated":true}]}}