{"id":28300,"date":"2025-02-21T00:11:49","date_gmt":"2025-02-20T21:11:49","guid":{"rendered":"https:\/\/marmarayerelhizmet.com\/?p=28300"},"modified":"2025-02-21T00:11:49","modified_gmt":"2025-02-20T21:11:49","slug":"ogrencilere-beslenme-destegi","status":"publish","type":"post","link":"https:\/\/marmarayerelhizmet.com\/index.php\/2025\/02\/21\/ogrencilere-beslenme-destegi\/","title":{"rendered":"\u00d6\u011frencilere, Beslenme Deste\u011fi"},"content":{"rendered":"<p><strong><span style=\"font-family: arial, helvetica, sans-serif; font-size: 14px;\">Ge\u00e7im s\u0131k\u0131nt\u0131s\u0131 \u00e7eken aileleri yaln\u0131z b\u0131rakmayan Bal\u0131kesir B\u00fcy\u00fck\u015fehir Belediye Ba\u015fkan\u0131 Ahmet Ak\u0131n\u2019\u0131n, o ailelerin \u00e7ocuklar\u0131n\u0131n dengeli ve sa\u011fl\u0131kl\u0131 g\u0131daya eri\u015fimi i\u00e7in hayata ge\u00e7irdi\u011fi beslenme deste\u011fi, yar\u0131y\u0131l tatilinden sonra da devam ediyor. Sa\u011f elin verdi\u011fini sol el g\u00f6rmeden, insan onurunu incitmeyecek \u015fartlar\u0131nda ula\u015ft\u0131r\u0131lan beslenme paketleri, uzman diyetisyen kontrol\u00fcnde be\u015f g\u00fcnl\u00fck olarak haz\u0131rlan\u0131yor.<\/span><\/strong><\/p>\n<p><span style=\"font-family: arial, helvetica, sans-serif; font-size: 14px;\">Halk\u00e7\u0131 belediyecili\u011fin en \u00f6nemli g\u00f6revlerinden birinin kent yoksullu\u011fuyla m\u00fccadele etmek oldu\u011funu belirten Bal\u0131kesir B\u00fcy\u00fck\u015fehir Belediye Ba\u015fkan\u0131 Ahmet Ak\u0131n, Bal\u0131kesir\u2019de hi\u00e7bir \u00e7ocu\u011fun yata\u011fa a\u00e7 girmemesi i\u00e7in m\u00fccadele ettiklerinin alt\u0131n\u0131 \u00e7izerken \u00fc\u00e7 ilkokul \u00f6\u011frencisinden birinin okula giderken kahvalt\u0131 yapamad\u0131\u011f\u0131n\u0131 s\u00f6yledi. Kentte ya\u015fayan hi\u00e7bir \u00e7ocu\u011fun, kahvalt\u0131 yapmadan okula gitmeyece\u011finin teminat\u0131n\u0131 veren Ak\u0131n, hi\u00e7bir ailenin de \u00e7ocuklar\u0131na bu imk\u00e2n\u0131 sa\u011flayamad\u0131\u011f\u0131 i\u00e7in s\u0131k\u0131nt\u0131 \u00e7ekmeyece\u011fini s\u00f6yledi. Ba\u015fkan Ak\u0131n, her zaman bu ailelerin yanlar\u0131nda olmaya devam edeceklerini s\u00f6yledi. Bu kapsamda okula giden \u00e7ocuklar\u0131n sa\u011fl\u0131kl\u0131 g\u0131daya eri\u015fimini sa\u011flamak i\u00e7in Beslenme Deste\u011fi Projesi ba\u015flat\u0131ld\u0131. \u0130lk d\u00f6nem devam eden proje, ikinci d\u00f6nemde devam edecek. 20 il\u00e7ede dar gelirli ailelerin ilkokul \u00e7a\u011f\u0131ndaki \u00e7ocuklar\u0131na, uzman diyetisyenler taraf\u0131ndan haz\u0131rlanan beslenme paketleri da\u011f\u0131t\u0131l\u0131yor. Evlere kadar ula\u015fan ve hafta ba\u015f\u0131nda teslim edilen beslenme deste\u011finin i\u00e7erisinde sandvi\u00e7, kuruyemi\u015f, meyve, s\u00fct ve meyse suyu gibi temel besinler bulunuyor. Geli\u015fim \u00e7a\u011f\u0131ndaki \u00e7ocuklar\u0131n sa\u011fl\u0131kl\u0131 ve yeterli beslenmesi, fiziksel geli\u015fim d\u0131\u015f\u0131nda e\u011fitim hayatlar\u0131nda da ba\u015far\u0131lar\u0131n\u0131n artmas\u0131n\u0131n sa\u011flanmas\u0131 i\u00e7in Bal\u0131kesir B\u00fcy\u00fck\u015fehir Belediyesi taraf\u0131ndan sa\u011flanan beslenme deste\u011fi okul d\u00f6nemi boyunca devam edecek.<\/span><\/p>\n<p><strong><span style=\"font-family: arial, helvetica, sans-serif; font-size: 14px;\">Beslenme deste\u011fi s\u00fcrecek<br \/>\n<\/span><\/strong><span style=\"font-family: arial, helvetica, sans-serif; font-size: 14px;\">Halk\u00e7\u0131 belediyecilik anlay\u0131\u015f\u0131yla e\u011fitimde f\u0131rsat e\u015fitli\u011fine katk\u0131 sunmay\u0131 ama\u00e7layan Bal\u0131kesir B\u00fcy\u00fck\u015fehir Belediye Ba\u015fkan\u0131 Ahmet Ak\u0131n, &#8220;E\u011fitim \u00f6\u011fretim y\u0131l\u0131m\u0131z\u0131n ikinci d\u00f6nemi ba\u015flad\u0131. \u0130lk yar\u0131y\u0131lda oldu\u011fu gibi bu d\u00f6nem de \u00f6\u011frencilerimize y\u00f6nelik beslenme deste\u011fini s\u00fcrd\u00fcr\u00fcyoruz. Ekonomik zorluk ya\u015fayan, dar gelirli ailelerimizin y\u00fck\u00fcn\u00fc bir nebze de olsa hafifletmek istiyoruz. Hem evlatlar\u0131m\u0131z sa\u011fl\u0131kl\u0131 g\u0131daya eri\u015febilsin hem de ailelerimiz \u00e7ocuklar\u0131n\u0131n beslenme \u00e7antalar\u0131n\u0131 doldurabilsin, mahcubiyet hissetmesin diye bu projemizi \u00e7ok \u00f6nemsiyorum. \u00d6\u011frencilerimizin beslenme deste\u011fini evlerine kadar ula\u015ft\u0131r\u0131p, sa\u011f elin verdi\u011fini sol el g\u00f6rmeden insan onuruna yak\u0131\u015f\u0131r \u015fekilde \u00e7al\u0131\u015fmalar\u0131m\u0131z\u0131 s\u00fcrd\u00fcr\u00fcyoruz. \u00d6\u011frencilerimizin daima yan\u0131nda, hizmetindeyiz. \u00c7ocuklar bizim g\u00f6zbebe\u011fimiz&#8221; ifadelerini kulland\u0131.<\/span><\/p>\n<p><strong><span style=\"font-family: arial, helvetica, sans-serif; font-size: 14px;\">Haftal\u0131k men\u00fc<br \/>\n<\/span><\/strong><span style=\"font-family: arial, helvetica, sans-serif; font-size: 14px;\">Bal\u0131kesir B\u00fcy\u00fck\u015fehir Belediye Ba\u015fkan\u0131 Ahmet Ak\u0131n taraf\u0131ndan 2024-2025 e\u011fitim \u00f6\u011fretim y\u0131l\u0131n\u0131n ba\u015f\u0131nda hayata ge\u00e7irilen \u00f6\u011frencilere y\u00f6nelik beslenme deste\u011fi, ikinci yar\u0131y\u0131lda da h\u0131z kesmeden s\u00fcr\u00fcyor. Bal\u0131kesir B\u00fcy\u00fck\u015fehir Belediyesi Sa\u011fl\u0131k ve Sosyal Hizmetler Daire Ba\u015fkanl\u0131\u011f\u0131 \u00f6nc\u00fcl\u00fc\u011f\u00fcnde kentin d\u00f6rt bir yan\u0131ndaki \u00f6\u011frenciler i\u00e7in beslenme deste\u011fi sa\u011flan\u0131yor. 444 40 10 numaral\u0131 Yak\u0131n \u00c7\u00f6z\u00fcm \u00c7a\u011fr\u0131 Merkezi\u2019ni arayan ya da Yak\u0131n \u00c7\u00f6z\u00fcm Merkezleri\u2019nde kay\u0131t olu\u015fturan ailelerin beslenme talebi, sosyal inceleme kapsam\u0131nda uzman sosyologlar taraf\u0131ndan tespit ediliyor. Buna g\u00f6re ilkokul \u00e7a\u011f\u0131ndaki \u00f6\u011frencilere y\u00f6nelik protein, karbonhidrat ve ya\u011f dengesine g\u00f6re haz\u0131rlanan beslenme paketleri haftal\u0131k olacak \u015fekilde evlerine teslim ediliyor.<\/span><\/p>\n<p>&nbsp;<\/p>\n","protected":false},"excerpt":{"rendered":"<p>Ge\u00e7im s\u0131k\u0131nt\u0131s\u0131 \u00e7eken aileleri yaln\u0131z b\u0131rakmayan Bal\u0131kesir B\u00fcy\u00fck\u015fehir Belediye Ba\u015fkan\u0131 Ahmet Ak\u0131n\u2019\u0131n, o ailelerin \u00e7ocuklar\u0131n\u0131n dengeli ve sa\u011fl\u0131kl\u0131 g\u0131daya eri\u015fimi<\/p>\n","protected":false},"author":3,"featured_media":28301,"comment_status":"open","ping_status":"open","sticky":false,"template":"","format":"standard","meta":{"colormag_page_container_layout":"default_layout","colormag_page_sidebar_layout":"default_layout","footnotes":""},"categories":[45,1,5,8],"tags":[],"class_list":["post-28300","post","type-post","status-publish","format-standard","has-post-thumbnail","hentry","category-egitim","category-genel","category-gundem","category-siyaset"],"_links":{"self":[{"href":"https:\/\/marmarayerelhizmet.com\/index.php\/wp-json\/wp\/v2\/posts\/28300","targetHints":{"allow":["GET"]}}],"collection":[{"href":"https:\/\/marmarayerelhizmet.com\/index.php\/wp-json\/wp\/v2\/posts"}],"about":[{"href":"https:\/\/marmarayerelhizmet.com\/index.php\/wp-json\/wp\/v2\/types\/post"}],"author":[{"embeddable":true,"href":"https:\/\/marmarayerelhizmet.com\/index.php\/wp-json\/wp\/v2\/users\/3"}],"replies":[{"embeddable":true,"href":"https:\/\/marmarayerelhizmet.com\/index.php\/wp-json\/wp\/v2\/comments?post=28300"}],"version-history":[{"count":0,"href":"https:\/\/marmarayerelhizmet.com\/index.php\/wp-json\/wp\/v2\/posts\/28300\/revisions"}],"wp:featuredmedia":[{"embeddable":true,"href":"https:\/\/marmarayerelhizmet.com\/index.php\/wp-json\/wp\/v2\/media\/28301"}],"wp:attachment":[{"href":"https:\/\/marmarayerelhizmet.com\/index.php\/wp-json\/wp\/v2\/media?parent=28300"}],"wp:term":[{"taxonomy":"category","embeddable":true,"href":"https:\/\/marmarayerelhizmet.com\/index.php\/wp-json\/wp\/v2\/categories?post=28300"},{"taxonomy":"post_tag","embeddable":true,"href":"https:\/\/marmarayerelhizmet.com\/index.php\/wp-json\/wp\/v2\/tags?post=28300"}],"curies":[{"name":"wp","href":"https:\/\/api.w.org\/{rel}","templated":true}]}}