{"id":28285,"date":"2025-02-19T19:31:44","date_gmt":"2025-02-19T16:31:44","guid":{"rendered":"https:\/\/marmarayerelhizmet.com\/?p=28285"},"modified":"2025-02-19T19:31:44","modified_gmt":"2025-02-19T16:31:44","slug":"altieylul-yilin-partner-kurulusu","status":"publish","type":"post","link":"https:\/\/marmarayerelhizmet.com\/index.php\/2025\/02\/19\/altieylul-yilin-partner-kurulusu\/","title":{"rendered":"Alt\u0131eyl\u00fcl &#8216;Y\u0131l\u0131n Partner Kurulu\u015fu&#8217;"},"content":{"rendered":"<p><strong>Alt\u0131eyl\u00fcl Belediyesi, Avrupa Yerel Demokrasi Haftas\u0131\u201d etkinlikleri kapsam\u0131nda \u201cY\u0131l\u0131n Partner Kurulu\u015fu\u201d unvan\u0131n\u0131 almak \u00fczere Fransa\u2019ya resmi olarak davet edildi.<\/strong><\/p>\n<p>Avrupa Konseyi Yerel ve B\u00f6lgesel Y\u00f6netimler Kongresi\u2019nin Avrupa Yerel Demokrasi Haftas\u0131\u2019nda verdi\u011fi Y\u0131l\u0131n Partner Kurulu\u015fu \u00f6d\u00fcl\u00fcn\u00fc 47 Avrupa Konseyi \u00fcyesi \u00fclkeleri aras\u0131ndan yap\u0131lan binlerce etkinlik incelenerek yerel y\u00f6netimlere takdim edilecek.<\/p>\n<p><strong>BA\u015eKAN \u015eEH\u0130RL\u0130: ALTIEYL\u00dcL\u2019\u00dc TANITMAYA DEVAM EDECE\u011e\u0130Z!<\/strong><br \/>\nBelediye Ba\u015fkan\u0131 Hakan \u015eehirli, mutluyuz gururluyuz g\u00f6reve geldi\u011fimizden bu yana Avrupa Yerel Demokrasi Haftas\u0131 etkinleri kapsam\u0131nda, gen\u00e7ler, ya\u015fl\u0131lar, \u00e7ocuklar ve \u00f6zel gereksinimli vatanda\u015flar\u0131m\u0131z\u0131 kucaklayan aktivitelerle ger\u00e7ekle\u015ftirdi\u011fimiz etkinliklerle \u2018Y\u0131l\u0131n Partner Kurulu\u015fu\u2019 unvan\u0131n\u0131 ald\u0131klar\u0131n\u0131 s\u00f6yledi.<br \/>\nBu \u00f6d\u00fcl bizim i\u00e7in \u00e7ok k\u0131ymetli Alt\u0131eyl\u00fcl tarihinde ilk kez Avrupa yolunu a\u00e7m\u0131\u015f olduk, sa\u011flanan s\u00fcreklili\u011fi g\u00f6stermesi a\u00e7\u0131s\u0131ndan \u00f6nemli oldu\u011funa dikkat \u00e7eken Ba\u015fkan \u015eehirli, \u201cBunu ger\u00e7ekle\u015ftirmemizi sa\u011flayan uzun zamand\u0131r temaslar kurarak yo\u011fun \u00e7al\u0131\u015fmalar y\u00fcr\u00fcten ba\u015fta Ba\u015fkan Yard\u0131mc\u0131m\u0131z Tayfun Canl\u0131\u2019ya, D\u0131\u015f \u0130li\u015fkiler Birimi Personellerimize ve kom\u015fular\u0131m\u0131za \u00e7ok te\u015fekk\u00fcr ederken, Alt\u0131eyl\u00fcl\u2019\u00fcn ismini ve tan\u0131t\u0131m\u0131n\u0131 yapmaya her alanda devam edeceklerini\u201d belirtti.<\/p>\n<p><strong>H\u0130BE PROJELER\u0130N \u00d6N\u00dcN\u00dc A\u00c7ACAK!<\/strong><br \/>\nKonuyla ilgili a\u00e7\u0131klama yapan Ba\u015fkan Yard\u0131mc\u0131s\u0131 Tayfun Canl\u0131 da; Ba\u015fkan\u0131m\u0131zla birlikte g\u00f6reve geldi\u011fimizde ilk yapt\u0131\u011f\u0131m\u0131z i\u015flerden bir tanesi D\u0131\u015f \u0130li\u015fkiler Birimini kurmak oldu. D\u0131\u015f \u0130li\u015fkiler Birimimizle koordineli olarak bir s\u00fcredir Avrupa Birli\u011fi, Avrupa Konseyi gibi uluslararas\u0131 kurulu\u015flarla resmi yaz\u0131\u015fmalar\u0131 ve etkinlik takvimlerini olu\u015fturmu\u015ftuk. Avrupa&#8217;n\u0131n en prestijli program\u0131na \u00dclkemizi temsilen davet almaya hak kazanan yerel y\u00f6netim olman\u0131n hakl\u0131 gururunu ya\u015f\u0131yoruz. Alt\u0131eyl\u00fcl\u2019\u00fcn tarihine ba\u015far\u0131l\u0131 bir \u00e7al\u0131\u015fmaya imza att\u0131k. Eme\u011fi ge\u00e7en herkese te\u015fekk\u00fcr ederken \u00f6n\u00fcm\u00fczdeki s\u00fcre\u00e7te a\u00e7\u0131klanacak hibe proje programlar\u0131n\u0131n ve AB deste\u011finin Alt\u0131eyl\u00fcl\u2019de \u00f6n\u00fcn\u00fc a\u00e7acak en b\u00fcy\u00fck etken olacak.<\/p>\n<p><strong>26 \u015eUBAT FRANSA\u2019DA D\u00dcZENLENECEK<\/strong><br \/>\nAvrupa Konseyi Yerel ve B\u00f6lgesel Y\u00f6netimler Kongresi taraf\u0131ndan koordine edilen Avrupa Yerel Demokrasi Haftas\u0131 (ELDW) Y\u0131ll\u0131k Koordinasyon Toplant\u0131s\u0131, \u00a0Fransa&#8217;n\u0131n Strazburg kentinde 26 \u015eubat \u00c7ar\u015famba g\u00fcn\u00fc toplanacak. Alt\u0131eyl\u00fcl Belediyesi de bu tarihte resmi olarak davet edildi. Alt\u0131eyl\u00fcl Belediye Ba\u015fkan\u0131 Hakan \u015eehirli ve Ba\u015fkan Yard\u0131mc\u0131s\u0131 Tayfun Canl\u0131 kat\u0131l\u0131m sa\u011flayacak.<\/p>\n","protected":false},"excerpt":{"rendered":"<p>Alt\u0131eyl\u00fcl Belediyesi, Avrupa Yerel Demokrasi Haftas\u0131\u201d etkinlikleri kapsam\u0131nda \u201cY\u0131l\u0131n Partner Kurulu\u015fu\u201d unvan\u0131n\u0131 almak \u00fczere Fransa\u2019ya resmi olarak davet edildi. Avrupa<\/p>\n","protected":false},"author":3,"featured_media":28286,"comment_status":"open","ping_status":"open","sticky":false,"template":"","format":"standard","meta":{"colormag_page_container_layout":"default_layout","colormag_page_sidebar_layout":"default_layout","footnotes":""},"categories":[1,5,8],"tags":[],"class_list":["post-28285","post","type-post","status-publish","format-standard","has-post-thumbnail","hentry","category-genel","category-gundem","category-siyaset"],"_links":{"self":[{"href":"https:\/\/marmarayerelhizmet.com\/index.php\/wp-json\/wp\/v2\/posts\/28285","targetHints":{"allow":["GET"]}}],"collection":[{"href":"https:\/\/marmarayerelhizmet.com\/index.php\/wp-json\/wp\/v2\/posts"}],"about":[{"href":"https:\/\/marmarayerelhizmet.com\/index.php\/wp-json\/wp\/v2\/types\/post"}],"author":[{"embeddable":true,"href":"https:\/\/marmarayerelhizmet.com\/index.php\/wp-json\/wp\/v2\/users\/3"}],"replies":[{"embeddable":true,"href":"https:\/\/marmarayerelhizmet.com\/index.php\/wp-json\/wp\/v2\/comments?post=28285"}],"version-history":[{"count":0,"href":"https:\/\/marmarayerelhizmet.com\/index.php\/wp-json\/wp\/v2\/posts\/28285\/revisions"}],"wp:featuredmedia":[{"embeddable":true,"href":"https:\/\/marmarayerelhizmet.com\/index.php\/wp-json\/wp\/v2\/media\/28286"}],"wp:attachment":[{"href":"https:\/\/marmarayerelhizmet.com\/index.php\/wp-json\/wp\/v2\/media?parent=28285"}],"wp:term":[{"taxonomy":"category","embeddable":true,"href":"https:\/\/marmarayerelhizmet.com\/index.php\/wp-json\/wp\/v2\/categories?post=28285"},{"taxonomy":"post_tag","embeddable":true,"href":"https:\/\/marmarayerelhizmet.com\/index.php\/wp-json\/wp\/v2\/tags?post=28285"}],"curies":[{"name":"wp","href":"https:\/\/api.w.org\/{rel}","templated":true}]}}