{"id":28272,"date":"2025-02-16T18:19:36","date_gmt":"2025-02-16T15:19:36","guid":{"rendered":"https:\/\/marmarayerelhizmet.com\/?p=28272"},"modified":"2025-02-17T08:20:19","modified_gmt":"2025-02-17T05:20:19","slug":"ferdi-tayfur-altieylulde-anildi","status":"publish","type":"post","link":"https:\/\/marmarayerelhizmet.com\/index.php\/2025\/02\/16\/ferdi-tayfur-altieylulde-anildi\/","title":{"rendered":"Ferdi Tayfur Alt\u0131eyl\u00fcl\u2019de An\u0131ld\u0131"},"content":{"rendered":"<div class=\"tg-post\">\n<article id=\"post-40970\" class=\"post-40970 post type-post status-publish format-standard has-post-thumbnail hentry category-genel category-ilceler category-kultur-sanat category-siyaset\">\n<div class=\"cm-post-content\">\n<div class=\"cm-entry-summary\">\n<div>\n<p><span style=\"font-family: arial, helvetica, sans-serif; font-size: 14px;\"><strong>Arabesk m\u00fczi\u011finin efsanevi ismi Ferdi Tayfur, 2 Ocak\u2019ta hayat\u0131n\u0131 kaybetmesinin ard\u0131ndan, Alt\u0131eyl\u00fcl Belediyesi taraf\u0131ndan \u00f6zel bir etkinlik ile an\u0131ld\u0131.<\/strong><\/span><\/p>\n<p><span style=\"font-family: arial, helvetica, sans-serif; font-size: 14px;\">Ferdi Tayfur\u2019un unutulmaz \u015fark\u0131lar\u0131 ve hat\u0131ras\u0131, bu anlaml\u0131 gecede bir kez daha g\u00fcndeme geldi.<\/p>\n<p><\/span><strong style=\"font-family: arial, helvetica, sans-serif; font-size: 14px;\">Alt\u0131eyl\u00fcl Belediyesi\u2019nden Ferdi Tayfur Gecesi<br \/>\n<\/strong><span style=\"font-family: arial, helvetica, sans-serif; font-size: 14px;\">Alt\u0131eyl\u00fcl Belediyesi, Ferdi Tayfur\u2019u anmak i\u00e7in anlaml\u0131 bir program d\u00fczenledi. Etkinlikte \u00fcnl\u00fc sanat\u00e7\u0131 Ahmet Sel\u00e7uk \u0130lkan, Ferdi Tayfur\u2019un en bilinen \u015fark\u0131lar\u0131ndan baz\u0131lar\u0131n\u0131 seslendirdi. Programa kat\u0131l\u0131m yo\u011fun oldu ve geceye \u00f6zel anlar ya\u015fand\u0131.<\/span><\/p>\n<\/div>\n<p><span style=\"font-family: arial, helvetica, sans-serif; font-size: 14px;\"><strong>Seninle Bir \u00d6m\u00fcr<br \/>\n<\/strong>Geceye Alt\u0131eyl\u00fcl Belediye Ba\u015fkan\u0131 Hakan \u015eehirli ve e\u015fi H\u00fcveyla \u015eehirli de kat\u0131ld\u0131. Ba\u015fkan \u015eehirli, etkinlik s\u0131ras\u0131nda Ahmet Sel\u00e7uk \u0130lkan ile birlikte Ferdi Tayfur\u2019un \u201cGe\u00e7en Y\u0131l \u201d \u015fark\u0131s\u0131n\u0131 seslendirdi. \u00c7iftin dans etti\u011fi anlar sosyal medyada b\u00fcy\u00fck ilgi g\u00f6rd\u00fc ve Ba\u015fkan \u015eehirli, payla\u015ft\u0131\u011f\u0131 foto\u011frafla birlikte, \u201cSeninle Bir \u00d6m\u00fcr\u2026\u201d notunu d\u00fc\u015ft\u00fc.<\/span><\/p>\n<p><span style=\"font-family: arial, helvetica, sans-serif; font-size: 14px;\"><strong>Hat\u0131ran Yeter<br \/>\n<\/strong>Ba\u015fkan Hakan \u015eehirli, gece sonunda yapt\u0131\u011f\u0131 konu\u015fmada Ahmet Sel\u00e7uk \u0130lkan ve ekibine te\u015fekk\u00fcr etti. \u015eehirli, \u201cDe\u011ferli Kom\u015fular\u0131m, Ahmet Sel\u00e7uk \u0130lkan ve ekibi bize \u00e7ok g\u00fczel bir gece ya\u015fatt\u0131. Biz, Sevgililer G\u00fcn\u00fc haftas\u0131nda hem Ferdi Tayfur\u2019u anal\u0131m hem de Ahmet Abi\u2019nin sevgiyi, h\u00fcz\u00fcn ve birlikteli\u011fi anlatan \u015fiirlerini dinleyelim istedik. \u00c7ok sa\u011f olsun, bizlerle oldu\u011fu i\u00e7in te\u015fekk\u00fcr ediyorum.\u201d diyerek geceyi anlaml\u0131 k\u0131lan herkese minnettarl\u0131\u011f\u0131n\u0131 ifade etti.<\/span><\/p>\n<div class=\"row mt-50\">\n<section id=\"exper-gallery\">\n<div id=\"exper-image-gallery\">\n<div class=\"row\">\n<div class=\"col-md-3\"><\/div>\n<\/div>\n<\/div>\n<\/section>\n<\/div>\n<\/div>\n<\/div>\n<\/article>\n<\/div>\n","protected":false},"excerpt":{"rendered":"<p>Arabesk m\u00fczi\u011finin efsanevi ismi Ferdi Tayfur, 2 Ocak\u2019ta hayat\u0131n\u0131 kaybetmesinin ard\u0131ndan, Alt\u0131eyl\u00fcl Belediyesi taraf\u0131ndan \u00f6zel bir etkinlik ile an\u0131ld\u0131. Ferdi<\/p>\n","protected":false},"author":3,"featured_media":28273,"comment_status":"open","ping_status":"open","sticky":false,"template":"","format":"standard","meta":{"colormag_page_container_layout":"default_layout","colormag_page_sidebar_layout":"default_layout","footnotes":""},"categories":[1,5,6,8],"tags":[],"class_list":["post-28272","post","type-post","status-publish","format-standard","has-post-thumbnail","hentry","category-genel","category-gundem","category-kultur-sanat","category-siyaset"],"_links":{"self":[{"href":"https:\/\/marmarayerelhizmet.com\/index.php\/wp-json\/wp\/v2\/posts\/28272","targetHints":{"allow":["GET"]}}],"collection":[{"href":"https:\/\/marmarayerelhizmet.com\/index.php\/wp-json\/wp\/v2\/posts"}],"about":[{"href":"https:\/\/marmarayerelhizmet.com\/index.php\/wp-json\/wp\/v2\/types\/post"}],"author":[{"embeddable":true,"href":"https:\/\/marmarayerelhizmet.com\/index.php\/wp-json\/wp\/v2\/users\/3"}],"replies":[{"embeddable":true,"href":"https:\/\/marmarayerelhizmet.com\/index.php\/wp-json\/wp\/v2\/comments?post=28272"}],"version-history":[{"count":0,"href":"https:\/\/marmarayerelhizmet.com\/index.php\/wp-json\/wp\/v2\/posts\/28272\/revisions"}],"wp:featuredmedia":[{"embeddable":true,"href":"https:\/\/marmarayerelhizmet.com\/index.php\/wp-json\/wp\/v2\/media\/28273"}],"wp:attachment":[{"href":"https:\/\/marmarayerelhizmet.com\/index.php\/wp-json\/wp\/v2\/media?parent=28272"}],"wp:term":[{"taxonomy":"category","embeddable":true,"href":"https:\/\/marmarayerelhizmet.com\/index.php\/wp-json\/wp\/v2\/categories?post=28272"},{"taxonomy":"post_tag","embeddable":true,"href":"https:\/\/marmarayerelhizmet.com\/index.php\/wp-json\/wp\/v2\/tags?post=28272"}],"curies":[{"name":"wp","href":"https:\/\/api.w.org\/{rel}","templated":true}]}}