{"id":28192,"date":"2025-02-05T18:58:59","date_gmt":"2025-02-05T15:58:59","guid":{"rendered":"https:\/\/marmarayerelhizmet.com\/?p=28192"},"modified":"2025-02-05T18:58:59","modified_gmt":"2025-02-05T15:58:59","slug":"muhammed-ali-altieylulde-anildi","status":"publish","type":"post","link":"https:\/\/marmarayerelhizmet.com\/index.php\/2025\/02\/05\/muhammed-ali-altieylulde-anildi\/","title":{"rendered":"Muhammed Ali Alt\u0131eyl\u00fcl\u2019de An\u0131ld\u0131"},"content":{"rendered":"<p><strong><span style=\"font-family: arial, helvetica, sans-serif; font-size: 14px;\">Alt\u0131eyl\u00fcl Belediyesi Gen\u00e7lik ve Spor M\u00fcd\u00fcrl\u00fc\u011f\u00fc ve Bal\u0131kesir \u00dcniversitesi\u2019nin ortakla\u015fa d\u00fczenledi\u011fi etkinlik, d\u00fcnyaca \u00fcnl\u00fc boks\u00f6r Muhammed Ali\u2019yi anmak amac\u0131yla Hasan Can K\u00fclt\u00fcr Merkezi\u2019nde ger\u00e7ekle\u015fti. Yap\u0131mc\u0131 ve spiker Bilgehan Demir\u2019in kaleme ald\u0131\u011f\u0131 &#8220;Kay\u0131p Madalyon&#8221; kitab\u0131n\u0131n s\u00f6yle\u015fi ve imza bulu\u015fmas\u0131 b\u00fcy\u00fck ilgi g\u00f6rd\u00fc.<\/span><\/strong><\/p>\n<p><span style=\"font-family: arial, helvetica, sans-serif; font-size: 14px;\">Y\u0131llarca boks ma\u00e7lar\u0131 anlatan ve spikerlik yapan Bilgehan Demir, etkinlikte yapt\u0131\u011f\u0131 konu\u015fmas\u0131nda kitab\u0131n\u0131n do\u011fu\u015funu anlatt\u0131. Demir, &#8220;Av\u015fa Adas\u0131\u2019nda otururken akl\u0131ma bir fikir geldi. \u2018Muhammed Ali ve Etki Etti\u011fi 1001 Hayat &#8211; Kay\u0131p Madalyon\u2019 kitab\u0131n\u0131 yazay\u0131m dedim. Ve ortaya 656 sayfal\u0131k bir eser \u00e7\u0131kt\u0131&#8221; dedi. Demir, etkinlikte kendisini yaln\u0131z b\u0131rakmayan Alt\u0131eyl\u00fcl Belediye Ba\u015fkan\u0131 Hakan \u015eehirli\u2019ye ve kat\u0131l\u0131mc\u0131lara te\u015fekk\u00fcr etti.<\/span><\/p>\n<p><strong><span style=\"font-family: arial, helvetica, sans-serif; font-size: 14px;\">Alt\u0131eyl\u00fcl Belediye Ba\u015fkan\u0131 Hakan \u015eehirli\u2019den anlaml\u0131 mesajlar<br \/>\n<\/span><\/strong><span style=\"font-family: arial, helvetica, sans-serif; font-size: 14px;\">Alt\u0131eyl\u00fcl Belediye Ba\u015fkan\u0131 Hakan \u015eehirli, etkinlikte yapt\u0131\u011f\u0131 konu\u015fmada, &#8220;Bug\u00fcn burada Bilgehan Demir karde\u015fimle birlikte Muhammed Ali\u2019yi an\u0131yoruz. Onun hayat\u0131n\u0131 ve \u2018Kay\u0131p Madalyon\u2019 efsanesini Alt\u0131eyl\u00fcl\u2019de bulu\u015fturduk. Bu kitap, bir insan\u0131n azim ve kararl\u0131l\u0131kla kar\u015f\u0131la\u015ft\u0131\u011f\u0131 engelleri nas\u0131l a\u015fabilece\u011fini g\u00f6steriyor&#8221; diye konu\u015ftu.<br \/>\n<\/span><span style=\"font-family: arial, helvetica, sans-serif; font-size: 14px;\">Ba\u015fkan \u015eehirli, boks\u00f6r Ali Eren Demirezen\u2019e yap\u0131lan engellemelerle ilgili de konu\u015farak, &#8220;Ali Eren Demirezen karde\u015fimizle her zaman gurur duyuyoruz ve yan\u0131nda olmaya devam edece\u011fiz&#8221; diyerek destek verdi.<\/span><\/p>\n","protected":false},"excerpt":{"rendered":"<p>Alt\u0131eyl\u00fcl Belediyesi Gen\u00e7lik ve Spor M\u00fcd\u00fcrl\u00fc\u011f\u00fc ve Bal\u0131kesir \u00dcniversitesi\u2019nin ortakla\u015fa d\u00fczenledi\u011fi etkinlik, d\u00fcnyaca \u00fcnl\u00fc boks\u00f6r Muhammed Ali\u2019yi anmak amac\u0131yla Hasan<\/p>\n","protected":false},"author":3,"featured_media":28193,"comment_status":"open","ping_status":"open","sticky":false,"template":"","format":"standard","meta":{"colormag_page_container_layout":"default_layout","colormag_page_sidebar_layout":"default_layout","footnotes":""},"categories":[1,5,6,8],"tags":[],"class_list":["post-28192","post","type-post","status-publish","format-standard","has-post-thumbnail","hentry","category-genel","category-gundem","category-kultur-sanat","category-siyaset"],"_links":{"self":[{"href":"https:\/\/marmarayerelhizmet.com\/index.php\/wp-json\/wp\/v2\/posts\/28192","targetHints":{"allow":["GET"]}}],"collection":[{"href":"https:\/\/marmarayerelhizmet.com\/index.php\/wp-json\/wp\/v2\/posts"}],"about":[{"href":"https:\/\/marmarayerelhizmet.com\/index.php\/wp-json\/wp\/v2\/types\/post"}],"author":[{"embeddable":true,"href":"https:\/\/marmarayerelhizmet.com\/index.php\/wp-json\/wp\/v2\/users\/3"}],"replies":[{"embeddable":true,"href":"https:\/\/marmarayerelhizmet.com\/index.php\/wp-json\/wp\/v2\/comments?post=28192"}],"version-history":[{"count":0,"href":"https:\/\/marmarayerelhizmet.com\/index.php\/wp-json\/wp\/v2\/posts\/28192\/revisions"}],"wp:featuredmedia":[{"embeddable":true,"href":"https:\/\/marmarayerelhizmet.com\/index.php\/wp-json\/wp\/v2\/media\/28193"}],"wp:attachment":[{"href":"https:\/\/marmarayerelhizmet.com\/index.php\/wp-json\/wp\/v2\/media?parent=28192"}],"wp:term":[{"taxonomy":"category","embeddable":true,"href":"https:\/\/marmarayerelhizmet.com\/index.php\/wp-json\/wp\/v2\/categories?post=28192"},{"taxonomy":"post_tag","embeddable":true,"href":"https:\/\/marmarayerelhizmet.com\/index.php\/wp-json\/wp\/v2\/tags?post=28192"}],"curies":[{"name":"wp","href":"https:\/\/api.w.org\/{rel}","templated":true}]}}