{"id":28021,"date":"2025-01-03T18:59:12","date_gmt":"2025-01-03T15:59:12","guid":{"rendered":"https:\/\/marmarayerelhizmet.com\/?p=28021"},"modified":"2025-01-03T18:59:12","modified_gmt":"2025-01-03T15:59:12","slug":"kadinlarin-el-emegi-carsi-2025te-hayat-buldu","status":"publish","type":"post","link":"https:\/\/marmarayerelhizmet.com\/index.php\/2025\/01\/03\/kadinlarin-el-emegi-carsi-2025te-hayat-buldu\/","title":{"rendered":"Kad\u0131nlar\u0131n El Eme\u011fi \u00c7AR\u015eI 2025\u2019te Hayat Buldu"},"content":{"rendered":"<p><strong><span style=\"font-family: arial, helvetica, sans-serif; font-size: 14px;\">Bal\u0131kesir B\u00fcy\u00fck\u015fehir Belediyesi ve Bal\u0131kesir Kent Konseyi i\u015f birli\u011finde Avlu Kongre ve K\u00fclt\u00fcr Merkezi fuaye alan\u0131nda hayata ge\u00e7irilen \u2019\u00c7ar\u015f\u0131 2025\u2019 be\u015f g\u00fcnde 20 bin ziyaret\u00e7iyi a\u011f\u0131rlad\u0131.<\/span><\/strong><\/p>\n<p><span style=\"font-family: arial, helvetica, sans-serif; font-size: 14px;\">Bal\u0131kesir Kad\u0131n \u00c7al\u0131\u015ftay\u0131\u2019nda \u00fcreten kad\u0131nlardan gelen talep \u00fczerine Bal\u0131kesir Kent Konseyi tavsiye karar\u0131yla hayata ge\u00e7en \u201c\u00c7AR\u015eI 2025\u201d 27-31 Aral\u0131k tarihleri aras\u0131nda 20 bine yak\u0131n ziyaret\u00e7iyi a\u011f\u0131rlad\u0131. Bal\u0131kesir B\u00fcy\u00fck\u015fehir Belediyesi taraf\u0131ndan yeni y\u0131l konseptiyle haz\u0131rlanan etkinlikte kad\u0131nlar\u0131n haz\u0131rlad\u0131\u011f\u0131 el eme\u011fi \u00fcr\u00fcnler tan\u0131t\u0131larak sat\u0131\u015fa sunuldu. Bal\u0131kesir B\u00fcy\u00fck\u015fehir Belediye Ba\u015fkan\u0131 Ahmet Ak\u0131n\u2019\u0131n e\u015fi Arbil Ak\u0131n\u2019\u0131n destekleriyle kad\u0131nlar\u0131n i\u015f g\u00fcc\u00fcne kat\u0131l\u0131m\u0131n\u0131 art\u0131rmay\u0131 hedefleyen proje kapsam\u0131nda \u015fehrin ticari hayat\u0131 da canland\u0131.<\/span><\/p>\n<p><strong><span style=\"font-family: arial, helvetica, sans-serif; font-size: 14px;\">\u201cKad\u0131nlar\u0131n eme\u011fine sahip \u00e7\u0131kaca\u011f\u0131z\u201d<br \/>\n<\/span><\/strong><span style=\"font-family: arial, helvetica, sans-serif; font-size: 14px;\">Kad\u0131nlar\u0131n \u00fcretti\u011fi \u00fcr\u00fcnleri satabilecekleri kal\u0131c\u0131 sat\u0131\u015f noktalar\u0131 olu\u015fturacaklar\u0131 m\u00fcjdesini veren Ba\u015fkan Ahmet Ak\u0131n, \u201cKad\u0131nlar\u0131n eme\u011fine sahip \u00e7\u0131k\u0131yoruz. Onlar\u0131n sosyal ve ekonomik anlamda toplumda g\u00fc\u00e7lenmeleri i\u00e7in Bal\u0131kesir B\u00fcy\u00fck\u015fehir Belediyesi olarak \u00e7al\u0131\u015fmalar\u0131m\u0131z\u0131 s\u00fcrd\u00fcr\u00fcyoruz. Kad\u0131nlar\u0131n ekonomik anlamda \u00f6zg\u00fcvenlerinin artmas\u0131 i\u00e7in i\u015f g\u00fcc\u00fcne kat\u0131l\u0131mlar\u0131n\u0131 \u00f6nemsiyoruz. Kad\u0131n \u00fcreticilerin \u00fcrettikleri \u00fcr\u00fcnleri satabilecekleri kal\u0131c\u0131 sat\u0131\u015f tesislerimizi hayata ge\u00e7irece\u011fiz\u201d dedi.<\/span><\/p>\n<p><strong><span style=\"font-family: arial, helvetica, sans-serif; font-size: 14px;\">\u201c\u00dcreten kad\u0131nlar\u0131 her zaman destekliyoruz\u201d<br \/>\n<\/span><\/strong><span style=\"font-family: arial, helvetica, sans-serif; font-size: 14px;\">Kad\u0131nlar\u0131n toplumsal ya\u015famda daha fazla yer alabilmesi i\u00e7in \u00fcretimde daha aktif olmas\u0131n\u0131n \u00f6nemine de\u011finen Arbil Ak\u0131n, \u201cBiz \u00fcreten kad\u0131nlar\u0131 her zaman destekliyoruz. Kad\u0131nlar\u0131n kendi emekleriyle yapm\u0131\u015f olduklar\u0131 her biri el eme\u011fi g\u00f6z nuru \u00fcr\u00fcnler tan\u0131t\u0131ld\u0131, sat\u0131\u015fa sunuldu. Keyifli ve g\u00fczel bir organizasyon oldu. \u00dcreten ve \u00fcrettikleriyle aile b\u00fct\u00e7esine katk\u0131 sunan t\u00fcm kad\u0131nlar\u0131n yan\u0131nday\u0131z\u201d ifadelerini kulland\u0131.<\/span><\/p>\n<p><strong><span style=\"font-family: arial, helvetica, sans-serif; font-size: 14px;\">\u201c\u015eehrin sosyal dokusuna kal\u0131c\u0131 katk\u0131lar sunmay\u0131 ama\u00e7l\u0131yoruz\u201d<br \/>\n<\/span><\/strong><span style=\"font-family: arial, helvetica, sans-serif; font-size: 14px;\">Kad\u0131nlar\u0131n aile ekonomilerine katk\u0131 sa\u011flamas\u0131 ve dayan\u0131\u015fma ruhunun g\u00fc\u00e7lenmesi a\u00e7\u0131s\u0131ndan \u00c7AR\u015eI 2025 projesini \u00e7ok \u00f6nemsedi\u011fini dile getiren Bal\u0131kesir Kent Konseyi Ba\u015fkan\u0131 Sevin\u00e7 Baykan \u00d6zden, \u201cBal\u0131kesir B\u00fcy\u00fck\u015fehir Belediyesi ve Bal\u0131kesir Kent Konseyi i\u015f birli\u011fiyle d\u00fczenlenen Bal\u0131kesir Kad\u0131n \u00c7al\u0131\u015ftay\u0131\u2019nda, &#8220;Kad\u0131n ve Ekonomik G\u00fc\u00e7lenme&#8221; oturumunda \u00fcreten kad\u0131nlar\u0131n stant talepleri \u00f6nemli bir ihtiya\u00e7 olarak \u00f6ne \u00e7\u0131kt\u0131.Bu talepler do\u011frultusunda kad\u0131nlar\u0131n ekonomik ve sosyal hayat\u0131n\u0131 g\u00fc\u00e7lendirmeyi hedefleyen &#8220;\u00c7ar\u015f\u01312025&#8221; projesi hayata ge\u00e7irildi. Bal\u0131kesir Kent Konseyi\u2019nin tavsiye kararlar\u0131 do\u011frultusunda, &#8220;\u00c7ar\u015f\u01312025&#8243;in kal\u0131c\u0131 bir kad\u0131n \u00fcretici sat\u0131\u015f merkezi olarak faaliyet g\u00f6stermesi hedefleniyor. Bal\u0131kesir B\u00fcy\u00fck\u015fehir Belediye Ba\u015fkan\u0131 Ahmet Ak\u0131n ve k\u0131ymetli e\u015fi Arbil Ak\u0131n\u2019\u0131n destekleriyle bu proje, kad\u0131nlar\u0131n ekonomik ba\u011f\u0131ms\u0131zl\u0131klar\u0131n\u0131 g\u00fc\u00e7lendirmeyi, giri\u015fimcilik potansiyellerini a\u00e7\u0131\u011fa \u00e7\u0131karmay\u0131 ve \u015fehrin sosyal dokusuna kal\u0131c\u0131 katk\u0131lar sunmay\u0131 ama\u00e7l\u0131yor\u201d \u015feklinde konu\u015ftu.<\/span><\/p>\n<p><strong><span style=\"font-family: arial, helvetica, sans-serif; font-size: 14px;\">102 stant kuruldu, 200 kad\u0131n desteklendi<br \/>\n<\/span><\/strong><span style=\"font-family: arial, helvetica, sans-serif; font-size: 14px;\">Bal\u0131kesir\u2019deki kad\u0131n giri\u015fimcileri bulu\u015fturan etkinlik kapsam\u0131nda Avlu Kongre ve K\u00fclt\u00fcr Merkezi fuaye alan\u0131nda 102 stant kuruldu. Stantlarda 200 kad\u0131n, el eme\u011fi g\u00f6z nuru \u00fcr\u00fcnlerini sat\u0131\u015fa sundular. \u00d6rg\u00fc \u00e7antalardan, lezzetli yiyeceklere kadar pek \u00e7ok farkl\u0131 \u00fcr\u00fcn \u00e7e\u015fidinin yer ald\u0131\u011f\u0131 \u00c7AR\u015eI 2025\u2019e vatanda\u015flar da yo\u011fun ilgi g\u00f6sterdi. 27 Aral\u0131k 2024\u2019te kap\u0131lar\u0131n\u0131 a\u00e7an ve 31 Aral\u0131k\u2019a kadar 5 g\u00fcn boyunca hizmet veren \u00c7AR\u015eI 2025, kad\u0131nlar\u0131n aile b\u00fct\u00e7elerine katk\u0131 sa\u011flamalar\u0131 i\u00e7in \u00f6nemli bir f\u0131rsat oldu. Kad\u0131n kooperatifleri ve \u00fcreticiler i\u00e7in kal\u0131c\u0131 sat\u0131\u015f yerleri olu\u015fturacaklar\u0131n\u0131n m\u00fcjdesini veren Ba\u015fkan Ahmet Ak\u0131n, ailesiyle birlikte stantlar\u0131 ziyaret ederek, her \u00fcreticinin taleplerini de tek tek dinledi.<br \/>\n<\/span><span style=\"font-family: arial, helvetica, sans-serif; font-size: 14px;\">Desteklerinden dolay\u0131 Bal\u0131kesir B\u00fcy\u00fck\u015fehir Belediye Ba\u015fkan\u0131 Ahmet Ak\u0131n\u2019a te\u015fekk\u00fcr eden giri\u015fimci kad\u0131nlar, el eme\u011fi \u00fcr\u00fcnlerinin tan\u0131t\u0131m ve sat\u0131\u015f\u0131n\u0131 rahatl\u0131kla yapabildiklerini s\u00f6ylediler. Kad\u0131nlara i\u015f hayat\u0131nda daha fazla yer a\u00e7mak amac\u0131yla hayata ge\u00e7irilen ve \u015fehrin sosyal hayat\u0131na katk\u0131 sunan \u00e7al\u0131\u015fma do\u011frultusunda gastronomiden kaybolmaya y\u00fcz tutmu\u015f sanatlara kadar pek \u00e7ok tasar\u0131m da g\u00fcn y\u00fcz\u00fcne \u00e7\u0131kt\u0131.<\/span><\/p>\n","protected":false},"excerpt":{"rendered":"<p>Bal\u0131kesir B\u00fcy\u00fck\u015fehir Belediyesi ve Bal\u0131kesir Kent Konseyi i\u015f birli\u011finde Avlu Kongre ve K\u00fclt\u00fcr Merkezi fuaye alan\u0131nda hayata ge\u00e7irilen \u2019\u00c7ar\u015f\u0131 2025\u2019<\/p>\n","protected":false},"author":3,"featured_media":28022,"comment_status":"open","ping_status":"open","sticky":false,"template":"","format":"standard","meta":{"colormag_page_container_layout":"default_layout","colormag_page_sidebar_layout":"default_layout","footnotes":""},"categories":[1,5,8],"tags":[],"class_list":["post-28021","post","type-post","status-publish","format-standard","has-post-thumbnail","hentry","category-genel","category-gundem","category-siyaset"],"_links":{"self":[{"href":"https:\/\/marmarayerelhizmet.com\/index.php\/wp-json\/wp\/v2\/posts\/28021","targetHints":{"allow":["GET"]}}],"collection":[{"href":"https:\/\/marmarayerelhizmet.com\/index.php\/wp-json\/wp\/v2\/posts"}],"about":[{"href":"https:\/\/marmarayerelhizmet.com\/index.php\/wp-json\/wp\/v2\/types\/post"}],"author":[{"embeddable":true,"href":"https:\/\/marmarayerelhizmet.com\/index.php\/wp-json\/wp\/v2\/users\/3"}],"replies":[{"embeddable":true,"href":"https:\/\/marmarayerelhizmet.com\/index.php\/wp-json\/wp\/v2\/comments?post=28021"}],"version-history":[{"count":0,"href":"https:\/\/marmarayerelhizmet.com\/index.php\/wp-json\/wp\/v2\/posts\/28021\/revisions"}],"wp:featuredmedia":[{"embeddable":true,"href":"https:\/\/marmarayerelhizmet.com\/index.php\/wp-json\/wp\/v2\/media\/28022"}],"wp:attachment":[{"href":"https:\/\/marmarayerelhizmet.com\/index.php\/wp-json\/wp\/v2\/media?parent=28021"}],"wp:term":[{"taxonomy":"category","embeddable":true,"href":"https:\/\/marmarayerelhizmet.com\/index.php\/wp-json\/wp\/v2\/categories?post=28021"},{"taxonomy":"post_tag","embeddable":true,"href":"https:\/\/marmarayerelhizmet.com\/index.php\/wp-json\/wp\/v2\/tags?post=28021"}],"curies":[{"name":"wp","href":"https:\/\/api.w.org\/{rel}","templated":true}]}}