{"id":28014,"date":"2025-01-01T19:01:41","date_gmt":"2025-01-01T16:01:41","guid":{"rendered":"https:\/\/marmarayerelhizmet.com\/?p=28014"},"modified":"2025-01-01T19:01:41","modified_gmt":"2025-01-01T16:01:41","slug":"yeni-yilin-ilk-ziyareti-kazazede-cocuklara","status":"publish","type":"post","link":"https:\/\/marmarayerelhizmet.com\/index.php\/2025\/01\/01\/yeni-yilin-ilk-ziyareti-kazazede-cocuklara\/","title":{"rendered":"Yeni Y\u0131l\u0131n \u0130lk Ziyareti Kazazede \u00c7ocuklara"},"content":{"rendered":"<p><strong><span style=\"font-family: arial, helvetica, sans-serif; font-size: 14px;\">Alt\u0131eyl\u00fcl Belediye Ba\u015fkan\u0131 Hakan \u015eehirli, 2025 y\u0131l\u0131n\u0131n ilk g\u00fcn\u00fcnde anlaml\u0131 bir ziyarete imza att\u0131. Ba\u015fkan \u015eehirli y\u0131l\u0131n ilk ziyareti Kaza yapan \u00f6\u011frencilere ge\u00e7mi\u015f olsun ziyareti yapt\u0131.<\/span><\/strong><\/p>\n<p><span style=\"font-family: arial, helvetica, sans-serif; font-size: 14px;\">Pamuk\u00e7u mevkiinde ya\u015fanan elim bir trafik kazas\u0131nda yaralanan \u00f6\u011frencileri ve ailelerini Nergiz Mahallesi\u2019nde ziyaret etti. Ge\u00e7ti\u011fimiz g\u00fcnlerdeki kazada, servis arac\u0131yla seyir halindeyken kaza ge\u00e7iren \u00f6\u011frencileri hastanede ziyaret eden Ba\u015fkan \u015eehirli, \u00e7ocuklar\u0131n tedavi s\u00fcre\u00e7lerini yak\u0131ndan takip ettiklerini belirtti.<br \/>\n<\/span><span style=\"font-family: arial, helvetica, sans-serif; font-size: 14px;\">Ba\u015fkan \u015eehirli yapt\u0131\u011f\u0131 a\u00e7\u0131klamada, &#8220;Ge\u00e7ti\u011fimiz g\u00fcnlerde Pamuk\u00e7u mevkiinde meydana gelen kazada de\u011ferli \u00f6\u011frencilerimizi hastanede ziyaret etmi\u015ftik. \u015e\u00fck\u00fcrler olsun, g\u00fcn ge\u00e7tik\u00e7e durumlar\u0131 iyiye gidiyor. S\u00fcre\u00e7lerini titizlikle izliyoruz. O g\u00fcn hastanede \u00e7ocuklar\u0131m\u0131z\u0131 ziyaret etti\u011fimde, \u2019\u00c7antam nerede, ayakkab\u0131m\u0131 \u00e7\u0131karmay\u0131n kaybolmas\u0131n\u2019 gibi s\u00f6zleri beni \u00e7ok etkiledi. O an hemen \u00e7al\u0131\u015fma arkada\u015flar\u0131ma talimat verdim, her bir \u00f6\u011frencimiz i\u00e7in \u00e7anta, k\u0131rtasiye seti, mont, ayakkab\u0131, k\u0131yafet ve oyuncaklar haz\u0131rlay\u0131n dedim. Hastaneden \u00e7\u0131kt\u0131ktan sonra onlarla tekrar bir araya gelip, bu hediyeleri kendilerine takdim edece\u011fiz. Bug\u00fcn de yeni y\u0131l\u0131n ilk g\u00fcn\u00fcnde 23 evlad\u0131m\u0131z\u0131 ve ailelerini ziyaret ettik. 6 \u00f6\u011frencimizin tedavisi ise hala hastanede devam ediyor. Dualar\u0131m\u0131z o evlatlar\u0131m\u0131z\u0131n da sa\u011fl\u0131kla ailesine, okullar\u0131na kavu\u015fmas\u0131 y\u00f6n\u00fcnde\u201d dedi.<br \/>\n<\/span><span style=\"font-family: arial, helvetica, sans-serif; font-size: 14px;\">Ziyaretinin ard\u0131ndan Ba\u015fkan \u015eehirli, Ba\u015fkan Yard\u0131mc\u0131lar\u0131 ile birlikte Nergiz Mahallesi\u2019nde bulunan bir kahvehanede vatanda\u015flarla bir araya gelerek taleplerini dinledi. Ba\u015fkan \u015eehirli, Pamuk\u00e7u Mahallesi\u2019nde emniyet mensuplar\u0131n\u0131 da ziyaret edip tatl\u0131 ikram\u0131nda bulundu.<br \/>\n<\/span><span style=\"font-family: arial, helvetica, sans-serif; font-size: 14px;\">Ziyarete Ba\u015fkan Yard\u0131mc\u0131lar\u0131 Tayfun Canl\u0131, Mehmet Derdiman, Baha Torun, Serdar Karaka\u015f , \u00d6zel Kalem M\u00fcd\u00fcr\u00fc Ahmet Deniz ve Gen\u00e7lik ve Spor Hizmetleri M\u00fcd\u00fcrl\u00fc\u011f\u00fc Hakan Semerci\u2019 de e\u015flik etti. \u0130HA<\/span><\/p>\n","protected":false},"excerpt":{"rendered":"<p>Alt\u0131eyl\u00fcl Belediye Ba\u015fkan\u0131 Hakan \u015eehirli, 2025 y\u0131l\u0131n\u0131n ilk g\u00fcn\u00fcnde anlaml\u0131 bir ziyarete imza att\u0131. Ba\u015fkan \u015eehirli y\u0131l\u0131n ilk ziyareti Kaza<\/p>\n","protected":false},"author":3,"featured_media":28015,"comment_status":"open","ping_status":"open","sticky":false,"template":"","format":"standard","meta":{"colormag_page_container_layout":"default_layout","colormag_page_sidebar_layout":"default_layout","footnotes":""},"categories":[45,1,5,8],"tags":[],"class_list":["post-28014","post","type-post","status-publish","format-standard","has-post-thumbnail","hentry","category-egitim","category-genel","category-gundem","category-siyaset"],"_links":{"self":[{"href":"https:\/\/marmarayerelhizmet.com\/index.php\/wp-json\/wp\/v2\/posts\/28014","targetHints":{"allow":["GET"]}}],"collection":[{"href":"https:\/\/marmarayerelhizmet.com\/index.php\/wp-json\/wp\/v2\/posts"}],"about":[{"href":"https:\/\/marmarayerelhizmet.com\/index.php\/wp-json\/wp\/v2\/types\/post"}],"author":[{"embeddable":true,"href":"https:\/\/marmarayerelhizmet.com\/index.php\/wp-json\/wp\/v2\/users\/3"}],"replies":[{"embeddable":true,"href":"https:\/\/marmarayerelhizmet.com\/index.php\/wp-json\/wp\/v2\/comments?post=28014"}],"version-history":[{"count":0,"href":"https:\/\/marmarayerelhizmet.com\/index.php\/wp-json\/wp\/v2\/posts\/28014\/revisions"}],"wp:featuredmedia":[{"embeddable":true,"href":"https:\/\/marmarayerelhizmet.com\/index.php\/wp-json\/wp\/v2\/media\/28015"}],"wp:attachment":[{"href":"https:\/\/marmarayerelhizmet.com\/index.php\/wp-json\/wp\/v2\/media?parent=28014"}],"wp:term":[{"taxonomy":"category","embeddable":true,"href":"https:\/\/marmarayerelhizmet.com\/index.php\/wp-json\/wp\/v2\/categories?post=28014"},{"taxonomy":"post_tag","embeddable":true,"href":"https:\/\/marmarayerelhizmet.com\/index.php\/wp-json\/wp\/v2\/tags?post=28014"}],"curies":[{"name":"wp","href":"https:\/\/api.w.org\/{rel}","templated":true}]}}