{"id":27981,"date":"2024-12-25T19:40:07","date_gmt":"2024-12-25T16:40:07","guid":{"rendered":"https:\/\/marmarayerelhizmet.com\/?p=27981"},"modified":"2024-12-25T19:40:07","modified_gmt":"2024-12-25T16:40:07","slug":"sindirgida-kadin-sagligina-katki","status":"publish","type":"post","link":"https:\/\/marmarayerelhizmet.com\/index.php\/2024\/12\/25\/sindirgida-kadin-sagligina-katki\/","title":{"rendered":"S\u0131nd\u0131rg\u0131\u2019da Kad\u0131n Sa\u011fl\u0131\u011f\u0131na Katk\u0131"},"content":{"rendered":"<p><strong><span style=\"font-family: arial, helvetica, sans-serif; font-size: 14px;\">Bal\u0131kesir\u2019in S\u0131nd\u0131rg\u0131 il\u00e7esinde kad\u0131nlar\u0131n erken te\u015fhisle hayata tutunmas\u0131 i\u00e7in \u00f6nemli bir ad\u0131m at\u0131ld\u0131. Her y\u0131l tekrarlanan kanser tarama program\u0131 \u00e7er\u00e7evesinde Cumhuriyet Meydan\u0131\u2019nda kurulan Mobil Sa\u011fl\u0131k T\u0131r\u0131nda, 30-70 ya\u015f aras\u0131ndaki bin kad\u0131na meme, rahim a\u011fz\u0131 ve kal\u0131n ba\u011f\u0131rsak kanseri taramas\u0131 yap\u0131ld\u0131.<\/span><\/strong><\/p>\n<p><span style=\"font-family: arial, helvetica, sans-serif; font-size: 14px;\">S\u0131nd\u0131rg\u0131 Belediyesi\u2019nin lojistik deste\u011fiyle hayata ge\u00e7irilen projede, Bal\u0131kesir B\u00fcy\u00fck\u015fehir Belediyesi ve il\u00e7e kaymakaml\u0131\u011f\u0131 da destek verdi. \u0130l\u00e7e sa\u011fl\u0131k m\u00fcd\u00fcrl\u00fc\u011f\u00fc taraf\u0131ndan belirlenen ya\u015f gruplar\u0131 ve k\u0131rsal mahallelerdeki kad\u0131nlara ula\u015f\u0131m, yemek ve gezi planlamas\u0131 yap\u0131ld\u0131.<br \/>\n<\/span><span style=\"font-family: arial, helvetica, sans-serif; font-size: 14px;\">Taramaya kat\u0131lan kad\u0131nlar, bu imk\u00e2ndan olduk\u00e7a memnun olduklar\u0131n\u0131 belirtti. Erken te\u015fhisin \u00f6nemini vurgulayan kad\u0131nlar, b\u00f6yle bir hizmetin il\u00e7ede verilmesinden dolay\u0131 mutlu olduklar\u0131n\u0131 ifade etti.<\/span><\/p>\n<p><strong><span style=\"font-family: arial, helvetica, sans-serif; font-size: 14px;\">Erken tan\u0131 hayat kurtar\u0131r<br \/>\n<\/span><\/strong><span style=\"font-family: arial, helvetica, sans-serif; font-size: 14px;\">S\u0131nd\u0131rg\u0131 \u0130l\u00e7e Sa\u011fl\u0131k M\u00fcd\u00fcr\u00fc Mustafa Yurt, her y\u0131l oldu\u011fu gibi bu y\u0131l da kanser taramalar\u0131na devam ettiklerini belirterek, &#8220;75 mahallenin tamam\u0131na ula\u015ft\u0131k ve bin hastam\u0131za kanser taramas\u0131 ger\u00e7ekle\u015ftirdik. Katk\u0131lar\u0131ndan dolay\u0131 mahalle muhtarlar\u0131m\u0131za, S\u0131nd\u0131rg\u0131 Belediyemize ve eme\u011fi ge\u00e7en herkese te\u015fekk\u00fcr ediyorum. Erken tan\u0131 hayat kurtar\u0131r.&#8221; dedi.<br \/>\n<\/span><span style=\"font-family: arial, helvetica, sans-serif; font-size: 14px;\">S\u0131nd\u0131rg\u0131\u2019nda kad\u0131n sa\u011fl\u0131\u011f\u0131na yap\u0131lan yat\u0131r\u0131m, binlerce kad\u0131n\u0131n hayat\u0131na dokunuyor. Erken te\u015fhis sayesinde bir\u00e7ok hastal\u0131\u011f\u0131n \u00f6n\u00fcne ge\u00e7ilmesi hedefleniyor. Projenin ba\u015far\u0131l\u0131 sonu\u00e7lar\u0131, hem sa\u011fl\u0131k \u00e7al\u0131\u015fanlar\u0131n\u0131 hem de vatanda\u015flar\u0131 memnun etti.<\/span><\/p>\n","protected":false},"excerpt":{"rendered":"<p>Bal\u0131kesir\u2019in S\u0131nd\u0131rg\u0131 il\u00e7esinde kad\u0131nlar\u0131n erken te\u015fhisle hayata tutunmas\u0131 i\u00e7in \u00f6nemli bir ad\u0131m at\u0131ld\u0131. Her y\u0131l tekrarlanan kanser tarama program\u0131 \u00e7er\u00e7evesinde<\/p>\n","protected":false},"author":3,"featured_media":27982,"comment_status":"open","ping_status":"open","sticky":false,"template":"","format":"standard","meta":{"colormag_page_container_layout":"default_layout","colormag_page_sidebar_layout":"default_layout","footnotes":""},"categories":[1,5,7,8],"tags":[],"class_list":["post-27981","post","type-post","status-publish","format-standard","has-post-thumbnail","hentry","category-genel","category-gundem","category-saglik","category-siyaset"],"_links":{"self":[{"href":"https:\/\/marmarayerelhizmet.com\/index.php\/wp-json\/wp\/v2\/posts\/27981","targetHints":{"allow":["GET"]}}],"collection":[{"href":"https:\/\/marmarayerelhizmet.com\/index.php\/wp-json\/wp\/v2\/posts"}],"about":[{"href":"https:\/\/marmarayerelhizmet.com\/index.php\/wp-json\/wp\/v2\/types\/post"}],"author":[{"embeddable":true,"href":"https:\/\/marmarayerelhizmet.com\/index.php\/wp-json\/wp\/v2\/users\/3"}],"replies":[{"embeddable":true,"href":"https:\/\/marmarayerelhizmet.com\/index.php\/wp-json\/wp\/v2\/comments?post=27981"}],"version-history":[{"count":0,"href":"https:\/\/marmarayerelhizmet.com\/index.php\/wp-json\/wp\/v2\/posts\/27981\/revisions"}],"wp:featuredmedia":[{"embeddable":true,"href":"https:\/\/marmarayerelhizmet.com\/index.php\/wp-json\/wp\/v2\/media\/27982"}],"wp:attachment":[{"href":"https:\/\/marmarayerelhizmet.com\/index.php\/wp-json\/wp\/v2\/media?parent=27981"}],"wp:term":[{"taxonomy":"category","embeddable":true,"href":"https:\/\/marmarayerelhizmet.com\/index.php\/wp-json\/wp\/v2\/categories?post=27981"},{"taxonomy":"post_tag","embeddable":true,"href":"https:\/\/marmarayerelhizmet.com\/index.php\/wp-json\/wp\/v2\/tags?post=27981"}],"curies":[{"name":"wp","href":"https:\/\/api.w.org\/{rel}","templated":true}]}}