{"id":27979,"date":"2024-12-23T18:34:20","date_gmt":"2024-12-23T15:34:20","guid":{"rendered":"https:\/\/marmarayerelhizmet.com\/?p=27979"},"modified":"2024-12-23T18:34:20","modified_gmt":"2024-12-23T15:34:20","slug":"sokaktaki-canlar-icin-yola-cikti","status":"publish","type":"post","link":"https:\/\/marmarayerelhizmet.com\/index.php\/2024\/12\/23\/sokaktaki-canlar-icin-yola-cikti\/","title":{"rendered":"Sokaktaki Canlar \u0130\u00e7in Yola \u00c7\u0131kt\u0131"},"content":{"rendered":"<p><strong><span style=\"font-family: arial, helvetica, sans-serif; font-size: 14px;\">Bal\u0131kesir B\u00fcy\u00fck\u015fehir Belediyesi mobil hayvan bak\u0131m ve tedavi arac\u0131 \u201cCan Dost\u201dun Aral\u0131k-Ocak program\u0131 belli oldu. Can Dost, her g\u00fcn farkl\u0131 bir il\u00e7ede sokak hayvanlar\u0131na \u015fifa da\u011f\u0131tacak.<\/span><\/strong><\/p>\n<p><span style=\"font-family: arial, helvetica, sans-serif; font-size: 14px;\">Bal\u0131kesir\u2019i g\u00fcvenli bir kent haline getirmek i\u00e7in \u00e7al\u0131\u015fan Bal\u0131kesir B\u00fcy\u00fck\u015fehir Belediyesi\u2019nin \u201cCan Dost\u201d yerinde hayvan bak\u0131m ve tedavi arac\u0131 20 il\u00e7eyi tek tek gezerek sokak hayvanlar\u0131n\u0131n tedavi ve sa\u011fl\u0131k taramalar\u0131n\u0131 yap\u0131yor. Aral\u0131k-Ocak program\u0131 kapsam\u0131nda \u201cCan Dost\u201d, Sava\u015ftepe\u2019den \u00e7\u0131kt\u0131\u011f\u0131 yolculu\u011fu 17 Ocak 2025\u2019te Alt\u0131eyl\u00fcl\u2019de tamamlayacak. T\u00fcm il\u00e7elerde farkl\u0131 g\u00fcnlerde ger\u00e7ekle\u015fecek ziyaretlerde sokak hayvanlar\u0131n\u0131n kapsaml\u0131 sa\u011fl\u0131k taramalar\u0131 yap\u0131lacak. Uzman veteriner hekimler taraf\u0131ndan sessiz canlar\u0131n parazit uygulamas\u0131, kuduz a\u015f\u0131s\u0131 ve tedavileri ger\u00e7ekle\u015fecek.<\/span><\/p>\n<p><strong><span style=\"font-family: arial, helvetica, sans-serif; font-size: 14px;\">Her il\u00e7e tek tek ziyaret edilecek<br \/>\n<\/span><\/strong><span style=\"font-family: arial, helvetica, sans-serif; font-size: 14px;\">Sokakta zor \u015fartlarda ya\u015fayan hayvanlar\u0131n daha kaliteli ve ula\u015f\u0131labilir hizmet alabilmelerini sa\u011flayan \u201cCan Dost\u201d 23 Aral\u0131k\u2019ta S\u0131nd\u0131rg\u0131 Cumhuriyet Meydan\u0131 ve 24 Aral\u0131k\u2019ta Kepsut Cumhuriyet Meydan\u0131 ile devam edecek. Bal\u0131kesir B\u00fcy\u00fck\u015fehir Belediyesi \u00c7evre Koruma ve Kontrol Dairesi Ba\u015fkanl\u0131\u011f\u0131 b\u00fcnyesinde hizmet veren \u201cCan Dost\u201d; 25 Aral\u0131k\u2019ta Dursunbey Kent Meydan\u0131, 26 Aral\u0131k\u2019ta Balya Cumhuriyet Meydan\u0131, 27 Aral\u0131k\u2019ta \u0130vrindi Atat\u00fcrk Meydan\u0131, 30 Aral\u0131k\u2019ta Havran eski belediye \u00f6n\u00fc ve 31 Aral\u0131k\u2019ta Edremit Alt\u0131noluk Cumhuriyet Meydan\u0131\u2019nda olacak. 2025\u2019in ilk g\u00fcnlerinde 2 Ocak\u2019ta Burhaniye Cumhuriyet Meydan\u0131\u2019nda, 3 Ocak\u2019ta G\u00f6me\u00e7 Cumhuriyet Meydan\u0131 ve 6 Ocak\u2019ta Ayval\u0131k Cumhuriyet Meydan\u0131\u2019nda il\u00e7e ziyaretlerini s\u00fcrd\u00fcrecek olan \u201cCan Dost\u201d, 7 Ocak\u2019ta Susurluk Heykel Meydan\u0131\u2019nda, 8 Ocak\u2019ta Manyas Atat\u00fcrk Meydan\u0131\u2019nda, 9 Ocak\u2019ta G\u00f6nen H\u00fck\u00fcmet Meydan\u0131\u2019nda ve 10 Ocak\u2019ta Band\u0131rma Cumhuriyet Meydan\u0131\u2019nda hizmet verecek. Sokak hayvanlar\u0131 i\u00e7in t\u00fcm klinik imk\u00e2nlar\u0131 seferber eden \u201cCan Dost\u201dun Aral\u0131k-Ocak program\u0131 13 Ocak\u2019ta Erdek Cumhuriyet Meydan\u0131 ve 14 Ocak\u2019ta Marmara Adas\u0131 Pa\u015fa Liman\u0131\u2019n\u0131 ziyaretlerinin ard\u0131ndan 16 Ocak\u2019ta Karesi Millet Bah\u00e7esi ve 17 Ocak Alt\u0131eyl\u00fcl Atat\u00fcrk Park\u0131\u2019nda tamamlanacak.<\/span><\/p>\n","protected":false},"excerpt":{"rendered":"<p>Bal\u0131kesir B\u00fcy\u00fck\u015fehir Belediyesi mobil hayvan bak\u0131m ve tedavi arac\u0131 \u201cCan Dost\u201dun Aral\u0131k-Ocak program\u0131 belli oldu. Can Dost, her g\u00fcn farkl\u0131<\/p>\n","protected":false},"author":3,"featured_media":27980,"comment_status":"open","ping_status":"open","sticky":false,"template":"","format":"standard","meta":{"colormag_page_container_layout":"default_layout","colormag_page_sidebar_layout":"default_layout","footnotes":""},"categories":[1,5,7,8],"tags":[],"class_list":["post-27979","post","type-post","status-publish","format-standard","has-post-thumbnail","hentry","category-genel","category-gundem","category-saglik","category-siyaset"],"_links":{"self":[{"href":"https:\/\/marmarayerelhizmet.com\/index.php\/wp-json\/wp\/v2\/posts\/27979","targetHints":{"allow":["GET"]}}],"collection":[{"href":"https:\/\/marmarayerelhizmet.com\/index.php\/wp-json\/wp\/v2\/posts"}],"about":[{"href":"https:\/\/marmarayerelhizmet.com\/index.php\/wp-json\/wp\/v2\/types\/post"}],"author":[{"embeddable":true,"href":"https:\/\/marmarayerelhizmet.com\/index.php\/wp-json\/wp\/v2\/users\/3"}],"replies":[{"embeddable":true,"href":"https:\/\/marmarayerelhizmet.com\/index.php\/wp-json\/wp\/v2\/comments?post=27979"}],"version-history":[{"count":0,"href":"https:\/\/marmarayerelhizmet.com\/index.php\/wp-json\/wp\/v2\/posts\/27979\/revisions"}],"wp:featuredmedia":[{"embeddable":true,"href":"https:\/\/marmarayerelhizmet.com\/index.php\/wp-json\/wp\/v2\/media\/27980"}],"wp:attachment":[{"href":"https:\/\/marmarayerelhizmet.com\/index.php\/wp-json\/wp\/v2\/media?parent=27979"}],"wp:term":[{"taxonomy":"category","embeddable":true,"href":"https:\/\/marmarayerelhizmet.com\/index.php\/wp-json\/wp\/v2\/categories?post=27979"},{"taxonomy":"post_tag","embeddable":true,"href":"https:\/\/marmarayerelhizmet.com\/index.php\/wp-json\/wp\/v2\/tags?post=27979"}],"curies":[{"name":"wp","href":"https:\/\/api.w.org\/{rel}","templated":true}]}}