{"id":27976,"date":"2024-12-22T18:10:59","date_gmt":"2024-12-22T15:10:59","guid":{"rendered":"https:\/\/marmarayerelhizmet.com\/?p=27976"},"modified":"2024-12-22T18:10:59","modified_gmt":"2024-12-22T15:10:59","slug":"pazarci-esnafinin-cilesi-bitiyor","status":"publish","type":"post","link":"https:\/\/marmarayerelhizmet.com\/index.php\/2024\/12\/22\/pazarci-esnafinin-cilesi-bitiyor\/","title":{"rendered":"Pazarc\u0131 Esnaf\u0131n\u0131n \u00c7ilesi Bitiyor"},"content":{"rendered":"<p><strong><span style=\"font-family: arial, helvetica, sans-serif; font-size: 14px;\">Alt\u0131eyl\u00fcl il\u00e7esi Bah\u00e7elievler Mahallesi\u2019nde kurulan semt pazar\u0131n\u0131 gezen Bal\u0131kesir B\u00fcy\u00fck\u015fehir Belediye Ba\u015fkan\u0131 Ahmet Ak\u0131n, hava \u015fartlar\u0131 nedeniyle zor anlar ya\u015fayan pazarc\u0131lar\u0131n kapal\u0131 semt pazar\u0131 talebine y\u00f6nelik \u00e7al\u0131\u015fma ba\u015flatacaklar\u0131n\u0131 s\u00f6yledi.<\/span><\/strong><\/p>\n<p><span style=\"font-family: arial, helvetica, sans-serif; font-size: 14px;\">Bal\u0131kesir B\u00fcy\u00fck\u015fehir Belediye Ba\u015fkan\u0131 Ahmet Ak\u0131n, Alt\u0131eyl\u00fcl il\u00e7esi Bah\u00e7elievler Mahallesi\u2019nde kurulan semt pazar\u0131n\u0131 gezdi. Esnafa hay\u0131rl\u0131 i\u015fler dileyen Ak\u0131n, al\u0131\u015fveri\u015f yapan vatanda\u015flarla sohbet etti. Ziyaret esnas\u0131nda aniden ba\u015flayan sa\u011fanak ya\u011f\u0131\u015fa ra\u011fmen program\u0131n\u0131 yar\u0131da kesmeyen Ak\u0131n, pazarc\u0131 esnaf\u0131n\u0131n ya\u015fad\u0131\u011f\u0131 zor anlara tan\u0131kl\u0131k etti. \u00c7e\u015fitli \u00f6nlemler alarak \u00fcr\u00fcnlerini korumaya \u00e7al\u0131\u015fan esnaf, Ba\u015fkan Ak\u0131n\u2019dan kapal\u0131 semt pazar\u0131 yap\u0131lmas\u0131n\u0131 talep etti. Esnaf, \u00f6zellikle k\u0131\u015f aylar\u0131nda hava \u015fartlar\u0131 nedeniyle zor anlar ya\u015fad\u0131klar\u0131n\u0131 ve bu durumun m\u00fc\u015fteri say\u0131lar\u0131n\u0131 d\u00fc\u015f\u00fcrd\u00fc\u011f\u00fcn\u00fc ifade ederken Ba\u015fkan Ak\u0131n, ivedi bir \u015fekilde pazarc\u0131lar\u0131n bu talebine cevap vermek i\u00e7in gerekli ad\u0131mlar\u0131 atacaklar\u0131n\u0131 s\u00f6yledi. Alt\u0131eyl\u00fcl Belediyesi ile ortakla\u015fa bu soruna \u00e7\u00f6z\u00fcm olu\u015fturaca\u011f\u0131n\u0131 aktard\u0131.<\/span><\/p>\n<p><strong><span style=\"font-family: arial, helvetica, sans-serif; font-size: 14px;\">Daha konforlu ve modern pazar alan\u0131<br \/>\n<\/span><\/strong><span style=\"font-family: arial, helvetica, sans-serif; font-size: 14px;\">Ya\u011fmurda esnafla ve vatanda\u015flarla birlikte \u0131slanan Ak\u0131n, bir\u00e7ok Avrupa \u00fclkesinde oldu\u011fu gibi daha modern ve konforlu pazar yerini in\u015fa etmek istediklerini aktar\u0131rken sadece bir g\u00fcn de\u011fil haftan\u0131n her g\u00fcn\u00fc a\u00e7\u0131k olabilecek bir alan\u0131 Bal\u0131kesir\u2019e kazand\u0131rmak istediklerini s\u00f6yledi. Pazarda sat\u0131\u015f yapanlar\u0131n yar\u0131ya yak\u0131n\u0131 kad\u0131nlardan olu\u015furken onlar\u0131n ekonomik anlamda g\u00fc\u00e7lenmesi i\u00e7inde ihtiya\u00e7 duyulan pazar yerinin in\u015fas\u0131 i\u00e7in t\u00fcm gayreti g\u00f6sterece\u011fini vurgulad\u0131. Al\u0131\u015fveri\u015f yapan vatanda\u015flar\u0131n ya\u015fad\u0131klar\u0131 b\u00f6lgelerdeki ula\u015f\u0131m, do\u011falgaz, elektrik sorunlar\u0131n\u0131 da not eden Ak\u0131n, \u00e7\u00f6z\u00fcme kavu\u015fturmak i\u00e7in ilgili birimlere talimat verdi.<\/span><\/p>\n<p><strong><span style=\"font-family: arial, helvetica, sans-serif; font-size: 14px;\">\u00dcretmek kadar satmak da \u00f6nemli<br \/>\n<\/span><\/strong><span style=\"font-family: arial, helvetica, sans-serif; font-size: 14px;\">Tar\u0131m \u00fcr\u00fcnlerini yeti\u015ftirmek kadar onlar\u0131n pazarlanmas\u0131n\u0131n da ekonomik kalk\u0131nmada \u00f6nemli bir rol oynad\u0131\u011f\u0131n\u0131 ifade eden Ak\u0131n, vatanda\u015f\u0131n \u00fcretti\u011fi \u00fcr\u00fcnlerin ne tarlada ne de pazarda kalmas\u0131na m\u00fcsaade etmeyeceklerini s\u00f6yledi. Bal\u0131kesir\u2019i kalk\u0131nd\u0131racak en \u00f6nemli sekt\u00f6rlerden birinin tar\u0131m oldu\u011funu s\u00f6yleyen Ak\u0131n, \u201cBu pazar sorununu \u00e7\u00f6zmemiz laz\u0131m. Esnaf\u0131n ya\u015fad\u0131klar\u0131n\u0131 yerinde g\u00f6rmem laz\u0131m ki onlar\u0131n istek ve taleplerini en g\u00fczel \u015fekilde kar\u015f\u0131layal\u0131m. Alt\u0131eyl\u00fcl Belediyesi ile gerekli g\u00f6r\u00fc\u015fmeleri yap\u0131p esnaf\u0131m\u0131z\u0131n bu ma\u011fduriyetini gidermeye \u00e7al\u0131\u015faca\u011f\u0131z. Onlar\u0131n tarlada al\u0131n teriyle \u00fcrettikleri \u00fcr\u00fcnleri en g\u00fczel \u015fartlarda sat\u0131\u015f\u0131n\u0131 sa\u011flamak biz yerel y\u00f6neticilerin boynunun borcudur.\u201d dedi.<br \/>\n<\/span><span style=\"font-family: arial, helvetica, sans-serif; font-size: 14px;\">Ba\u015fkan Ak\u0131n, ziyareti esnas\u0131nda pazar al\u0131\u015fveri\u015fini de ger\u00e7ekle\u015ftirdi. Vatanda\u015flar\u0131n hay\u0131r dualar\u0131n\u0131 alan Ak\u0131n, \u201cHep birlikte ba\u015faraca\u011f\u0131z\u201d dedi.<\/span><\/p>\n","protected":false},"excerpt":{"rendered":"<p>Alt\u0131eyl\u00fcl il\u00e7esi Bah\u00e7elievler Mahallesi\u2019nde kurulan semt pazar\u0131n\u0131 gezen Bal\u0131kesir B\u00fcy\u00fck\u015fehir Belediye Ba\u015fkan\u0131 Ahmet Ak\u0131n, hava \u015fartlar\u0131 nedeniyle zor anlar ya\u015fayan<\/p>\n","protected":false},"author":3,"featured_media":27977,"comment_status":"open","ping_status":"open","sticky":false,"template":"","format":"standard","meta":{"colormag_page_container_layout":"default_layout","colormag_page_sidebar_layout":"default_layout","footnotes":""},"categories":[1,5,8],"tags":[],"class_list":["post-27976","post","type-post","status-publish","format-standard","has-post-thumbnail","hentry","category-genel","category-gundem","category-siyaset"],"_links":{"self":[{"href":"https:\/\/marmarayerelhizmet.com\/index.php\/wp-json\/wp\/v2\/posts\/27976","targetHints":{"allow":["GET"]}}],"collection":[{"href":"https:\/\/marmarayerelhizmet.com\/index.php\/wp-json\/wp\/v2\/posts"}],"about":[{"href":"https:\/\/marmarayerelhizmet.com\/index.php\/wp-json\/wp\/v2\/types\/post"}],"author":[{"embeddable":true,"href":"https:\/\/marmarayerelhizmet.com\/index.php\/wp-json\/wp\/v2\/users\/3"}],"replies":[{"embeddable":true,"href":"https:\/\/marmarayerelhizmet.com\/index.php\/wp-json\/wp\/v2\/comments?post=27976"}],"version-history":[{"count":0,"href":"https:\/\/marmarayerelhizmet.com\/index.php\/wp-json\/wp\/v2\/posts\/27976\/revisions"}],"wp:featuredmedia":[{"embeddable":true,"href":"https:\/\/marmarayerelhizmet.com\/index.php\/wp-json\/wp\/v2\/media\/27977"}],"wp:attachment":[{"href":"https:\/\/marmarayerelhizmet.com\/index.php\/wp-json\/wp\/v2\/media?parent=27976"}],"wp:term":[{"taxonomy":"category","embeddable":true,"href":"https:\/\/marmarayerelhizmet.com\/index.php\/wp-json\/wp\/v2\/categories?post=27976"},{"taxonomy":"post_tag","embeddable":true,"href":"https:\/\/marmarayerelhizmet.com\/index.php\/wp-json\/wp\/v2\/tags?post=27976"}],"curies":[{"name":"wp","href":"https:\/\/api.w.org\/{rel}","templated":true}]}}