{"id":27973,"date":"2024-12-21T18:07:28","date_gmt":"2024-12-21T15:07:28","guid":{"rendered":"https:\/\/marmarayerelhizmet.com\/?p=27973"},"modified":"2024-12-22T18:08:58","modified_gmt":"2024-12-22T15:08:58","slug":"baskan-akin-kadinlari-guclendirecegiz","status":"publish","type":"post","link":"https:\/\/marmarayerelhizmet.com\/index.php\/2024\/12\/21\/baskan-akin-kadinlari-guclendirecegiz\/","title":{"rendered":"Ba\u015fkan Ak\u0131n: \u201cKad\u0131nlar\u0131 G\u00fc\u00e7lendirece\u011fiz\u201d"},"content":{"rendered":"<p><strong><span style=\"font-family: arial, helvetica, sans-serif; font-size: 14px;\">Bal\u0131kesir\u2019de faaliyet g\u00f6steren kad\u0131n kooperatifleri bir araya geldi. Kad\u0131n Kooperatifleriyle bulu\u015fan Bal\u0131kesir B\u00fcy\u00fck\u015fehir Belediye Ba\u015fkan\u0131 Ahmet Ak\u0131n, \u201cKad\u0131n kooperatiflerinden ba\u015flayarak, t\u00fcm k\u0131rsal kalk\u0131nma kooperatiflerini i\u00e7ine alan i\u015fleyen ve s\u00fcrd\u00fcr\u00fclebilir bir ticaret sistemi olu\u015fturaca\u011f\u0131z. Kad\u0131nlar\u0131n gelirlerini art\u0131raca\u011f\u0131z\u201d dedi<\/span><\/strong><\/p>\n<p><span style=\"font-family: arial, helvetica, sans-serif; font-size: 14px;\">Program sonunda kad\u0131n kooperatiflerinin kapasitelerini g\u00fc\u00e7lendirmek i\u00e7in Bal\u0131kesir B\u00fcy\u00fck\u015fehir Belediyesi ile Kad\u0131n Eme\u011fini De\u011ferlendirme Vakf\u0131 aras\u0131nda protokol imzaland\u0131.<br \/>\n<\/span><span style=\"font-family: arial, helvetica, sans-serif; font-size: 14px;\">Kad\u0131nlar\u0131n, ekonomik olarak g\u00fc\u00e7lenmesi ve sosyal hayatta daha fazla yer almas\u0131n\u0131n sa\u011flanmas\u0131 noktas\u0131nda kad\u0131n kooperatiflerinin \u00f6nemine her platformda dikkat \u00e7eken Bal\u0131kesir B\u00fcy\u00fck\u015fehir Belediye Ba\u015fkan\u0131 Ahmet Ak\u0131n ve e\u015fi Arbil Ak\u0131n Kad\u0131n Kooperatifleri ile bulu\u015ftu.<br \/>\n<\/span><span style=\"font-family: arial, helvetica, sans-serif; font-size: 14px;\">Bal\u0131kesir B\u00fcy\u00fck\u015fehir Belediyesi, Bal\u0131kesir Kent Konseyi, Bapka ve Kad\u0131n Eme\u011fini De\u011ferlendirme Vakf\u0131 (KEDV) i\u015f birli\u011finde d\u00fczenlenen programa Ba\u015fkan Ak\u0131n\u2019\u0131n ve e\u015fi Arbil Ak\u0131n\u2019\u0131n yan\u0131 s\u0131ra CHP Genel Ba\u015fkan Yard\u0131mc\u0131s\u0131 Ensar Aytekin\u2019in e\u015fi \u00d6zlem Aytekin, CHP Kad\u0131n Kollar\u0131 Genel Ba\u015fkan Yard\u0131mc\u0131s\u0131 H\u00fcrm\u00fcz Avc\u0131, Balya, Alt\u0131eyl\u00fcl, \u0130vrindi, Sava\u015ftepe ve S\u0131nd\u0131rg\u0131 il\u00e7eleri Belediye Ba\u015fkanlar\u0131, Kent Konseyi Ba\u015fkan\u0131 Sevin\u00e7 Baykan \u00d6zden, KEDV Y\u00f6netim Kurulu Ba\u015fkan\u0131 ve Genel Koordinat\u00f6r\u00fc \u015eeng\u00fcl Ak\u00e7ar, Kad\u0131n Kooperatifleri temsilcilerinin yan\u0131 s\u0131ra \u00e7ok say\u0131da davetli kat\u0131ld\u0131. Program sonunda kad\u0131n kooperatiflerinin kapasitelerini g\u00fc\u00e7lendirmek i\u00e7in Bal\u0131kesir B\u00fcy\u00fck\u015fehir Belediyesi ile Kad\u0131n Eme\u011fini De\u011ferlendirme Vakf\u0131 aras\u0131nda protokol imzaland\u0131. Ba\u015fkan Ak\u0131n, i\u015f birli\u011fi ve desteklerinden dolay\u0131 KEDV\u2019e te\u015fekk\u00fcr etti.<\/span><\/p>\n<p><strong><span style=\"font-family: arial, helvetica, sans-serif; font-size: 14px;\">Pandemi sonras\u0131 kooperatiflere ilgi artt\u0131<br \/>\n<\/span><\/strong><span style=\"font-family: arial, helvetica, sans-serif; font-size: 14px;\">Kentin emek\u00e7i kad\u0131nlar\u0131n\u0131n b\u00fcy\u00fck bir potansiyele sahip oldu\u011funu s\u00f6yleyen Bal\u0131kesir B\u00fcy\u00fck\u015fehir Belediye Ba\u015fkan\u0131 Ahmet Ak\u0131n, \u201cK\u00f6kleri Cumhuriyet \u00f6ncesine dayanan ama esas\u0131nda Ulu \u00d6nderimiz Gazi Mustafa Kemal Atat\u00fcrk\u2019\u00fcn halk\u00e7\u0131 uygulamalar\u0131ndan biri olarak, ger\u00e7ek Cumhuriyet d\u00f6neminde yap\u0131ld\u0131\u011f\u0131 Kooperatif\u00e7ilik; bug\u00fcn sosyal ve ekonomik refah\u0131n anahtar\u0131 olarak tam da kar\u015f\u0131m\u0131zda duruyor. Biliyorsunuz, Birle\u015fmi\u015f Milletler 2025 y\u0131l\u0131n\u0131 D\u00fcnya Kooperatif\u00e7ilik Y\u0131l\u0131 olarak belirledi. Bunun bir temeli var. \u00d6zellikle 2008-2009 K\u00fcresel Finans Krizi\u2019nden sonra dayan\u0131kl\u0131 olmalar\u0131 sebebiyle d\u00fcnyada kooperatiflere olan ilgi giderek artt\u0131.\u201d dedi.<br \/>\n<\/span><span style=\"font-family: arial, helvetica, sans-serif; font-size: 14px;\">T\u00fcm d\u00fcnyada etkili olan Covid-19 salg\u0131n\u0131n\u0131n ard\u0131ndan d\u00fcnyay\u0131 derinden etkileyen kriz ortam\u0131n\u0131n kooperatiflere olan ihtiyac\u0131 derinle\u015ftirdi\u011fini belirten Ak\u0131n, \u201cKooperatifler, e\u015fitsizliklerle ve ekonomik krizlerle ba\u015fa \u00e7\u0131kman\u0131n, g\u00fcn\u00fcm\u00fcz \u015fartlar\u0131nda T\u00fcrkiye\u2019deki kentleri de ku\u015fatan kent yoksullu\u011funu yenmenin en \u00f6nemli yollar\u0131ndan biri. Bu kent yoksullu\u011fu \u015fu anda T\u00fcrkiye\u2019nin en \u00f6nemli sorunlar\u0131ndan bir tanesi. K\u00f6ylerimiz bombo\u015f, \u00fcretim yar\u0131 yar\u0131ya hatta \u00e7ok daha a\u015fa\u011f\u0131lara inmi\u015f durumda. K\u00f6y\u00fcnde \u00fcretemeyen kad\u0131nlar, \u00e7ocuklar\u0131n\u0131 \u015fehirlere \u00e7al\u0131\u015fmaya g\u00f6nderiyor. Hem artan girdi maliyetler hem de olumsuz \u015fartlar herkesi \u00fcretimden uzakla\u015ft\u0131ran bir duruma getirdi. G\u00fcn\u00fcn sonunda da kente gidip, i\u015f bulmak i\u00e7in m\u00fccadele eden ama istedi\u011fi i\u015fi bulamayan kent yoksullar\u0131yla kar\u015f\u0131 kar\u015f\u0131ya kald\u0131k. \u0130\u015fte bunu yenmenin en b\u00fcy\u00fck yollar\u0131ndan bir tanesi de kooperatif\u00e7ilik.\u201d \u015feklinde konu\u015ftu.<\/span><\/p>\n<p><strong><span style=\"font-family: arial, helvetica, sans-serif; font-size: 14px;\">\u201cBu d\u00fczeni kabul etmiyoruz\u201d<br \/>\n<\/span><\/strong><span style=\"font-family: arial, helvetica, sans-serif; font-size: 14px;\">Bal\u0131kesir\u2019in \u00e7ok \u00f6nemli kad\u0131n kooperatiflerine sahip olmas\u0131ndan dolay\u0131 \u015fansl\u0131 oldu\u011funu dile getiren Ak\u0131n, \u201cT\u00fcrkiye\u2019ye \u00f6rnek olmu\u015f kooperatifler var. Bu \u00f6rnek ba\u015far\u0131lar\u0131 da b\u00fcy\u00fcterek Bal\u0131kesir Modelinin i\u00e7ine entegre etmek i\u00e7in u\u011fra\u015f\u0131yoruz. Ben, bu m\u00fccadelede en b\u00fcy\u00fck destek\u00e7im e\u015fim Arbil\u2019e te\u015fekk\u00fcr ederim. Kent Konseyimize, belediye ba\u015fkanlar\u0131m\u0131z\u0131n \u00e7ok de\u011ferli e\u015flerine ayr\u0131ca te\u015fekk\u00fcr ederim. Bu dayan\u0131\u015fma k\u00fclt\u00fcr\u00fc bizim \u00f6z\u00fcm\u00fczde var. Kuvayi Milliye\u2019nin ba\u015f \u015fehrinde kooperatif\u00e7ili\u011fin \u00f6ne \u00e7\u0131kmas\u0131 i\u00e7in \u00e7ok \u00e7al\u0131\u015fmam\u0131z laz\u0131m. T\u00fcrkiye\u2019de de bilin\u00e7li olarak toplumsal ayr\u0131\u015fman\u0131n k\u00f6r\u00fcklendi\u011fi, kutupla\u015fman\u0131n artt\u0131\u011f\u0131 bir s\u00fcrecin i\u00e7indeyiz. \u0130nsanlar\u0131n A Partili, B Partili \u015feklinde ayr\u0131\u015ft\u0131r\u0131ld\u0131\u011f\u0131, kad\u0131nlar\u0131n i\u015f g\u00fcc\u00fcnde ikinci plana itildi\u011fi bir d\u00fczenin i\u00e7indeyiz. Bu d\u00fczeni de biz kabul etmiyoruz\u201d diye konu\u015ftu.<\/span><\/p>\n<p><strong><span style=\"font-family: arial, helvetica, sans-serif; font-size: 14px;\">Tablo i\u00e7 a\u00e7\u0131c\u0131 de\u011fil<br \/>\n<\/span><\/strong><span style=\"font-family: arial, helvetica, sans-serif; font-size: 14px;\">Kad\u0131nlar\u0131n i\u015fg\u00fcc\u00fcne kat\u0131l\u0131m oranlar\u0131na da de\u011finen Ak\u0131n, ortaya \u00e7\u0131kan tablonun hi\u00e7 i\u00e7 a\u00e7\u0131c\u0131 olmad\u0131\u011f\u0131n\u0131 s\u00f6yledi. Kad\u0131n istihdam oran\u0131n\u0131n y\u00fczde 30 civar\u0131nda oldu\u011fu bilgisini payla\u015fan Ak\u0131n, \u201cYani \u00e7al\u0131\u015fmak isteyen her 100 kad\u0131ndan ancak 25\u2019i \u00e7al\u0131\u015fabiliyor. Biz Bal\u0131kesir\u2019de b\u00f6yle bir tabloyu kabul etmiyoruz. Kooperatifleri ele al\u0131rken kad\u0131n-erkek e\u015fitli\u011fini de bu kapsamda de\u011ferlendiriyoruz ve toplumda dezavantajl\u0131 olan kad\u0131nlar\u0131 \u00f6ne al\u0131yoruz. \u00c7\u00fcnk\u00fc kad\u0131nlar\u0131n toplumsal i\u015f g\u00fcc\u00fcne kat\u0131l\u0131m\u0131, hanenin devaml\u0131l\u0131\u011f\u0131 ve sa\u011fl\u0131kl\u0131 bir toplum i\u00e7in son derece \u00f6nemli. Bu do\u011frultuda kad\u0131nlara y\u00f6nelik uygun istihdam ve sosyal kalk\u0131nma modelleri geli\u015ftirerek kad\u0131nlar\u0131n kooperatifler arac\u0131l\u0131\u011f\u0131yla i\u015f g\u00fcc\u00fcne kat\u0131l\u0131m\u0131n\u0131 sa\u011flamak gerekiyor.\u201d \u015feklinde konu\u015ftu.<\/span><\/p>\n<p><strong><span style=\"font-family: arial, helvetica, sans-serif; font-size: 14px;\">BALMEK kurslar\u0131na \u00f6nem veriyoruz<br \/>\n<\/span><\/strong><span style=\"font-family: arial, helvetica, sans-serif; font-size: 14px;\">Kooperatiflerin de di\u011fer kurulu\u015flar gibi bir sermaye gerektirdi\u011fini ifade eden Ak\u0131n, kad\u0131nlar\u0131n ekonomik ya\u015famdan geri kalmas\u0131n\u0131n en b\u00fcy\u00fck nedenlerinden birinin sermaye sahibi olmamas\u0131 oldu\u011funu s\u00f6yledi. Bu konunun \u00e7\u00f6z\u00fcm\u00fc i\u00e7in BALMEK kurslar\u0131na \u00e7ok \u00f6nem verdiklerini s\u00f6yleyen Ak\u0131n, \u201cBALMEK kurslar\u0131 genelde \u015fehrin i\u00e7ine odaklanm\u0131\u015f ama biz bunu beldelere yay\u0131yoruz. Bunun talimat\u0131n\u0131 verdik. \u00dcretmek isteyen kad\u0131nlar\u0131n aya\u011f\u0131na gidip, \u00fcretti\u011fi \u00fcr\u00fcnleri de\u011ferlendirece\u011fiz\u201d dedi.<\/span><\/p>\n<p><strong><span style=\"font-family: arial, helvetica, sans-serif; font-size: 14px;\">S\u00fcrd\u00fcr\u00fclebilir ticaret sistemi<br \/>\n<\/span><\/strong><span style=\"font-family: arial, helvetica, sans-serif; font-size: 14px;\">T\u00fcrkiye\u2019deki ve d\u00fcnyadaki kooperatif\u00e7ilik modellerinde incelemeler yapt\u0131klar\u0131n\u0131 ve bu do\u011frultuda kad\u0131n kooperatiflerinden ba\u015flayarak, t\u00fcm k\u0131rsal kalk\u0131nma kooperatiflerini i\u00e7ine alan i\u015fleyebilir ve s\u00fcrd\u00fcr\u00fclebilir bir ticaret sistemi olu\u015fturulaca\u011f\u0131n\u0131 a\u00e7\u0131klad\u0131. Bunun yan\u0131 s\u0131ra kad\u0131nlar\u0131n kurdu\u011fu ve i\u015fletmekte zorland\u0131\u011f\u0131 kooperatiflerin ihtiya\u00e7lar\u0131n\u0131 da gidereceklerini belirten Ak\u0131n, \u201cAs\u0131l hedefimiz kad\u0131nlar\u0131n kazanmalar\u0131n\u0131 sa\u011flamak. Kad\u0131nlar\u0131n gelirlerini art\u0131raca\u011f\u0131z. Ayr\u0131ca \u00fclkemizin en \u00f6nemli kad\u0131n STK\u2019lar\u0131ndan biri olan KEDV (Kad\u0131n Eme\u011fini De\u011ferlendirme Vakf\u0131) ile kad\u0131n kooperatiflerimizin kapasitelerini g\u00fc\u00e7lendirmek i\u00e7in bug\u00fcnden ba\u015flamak \u00fczere g\u00fc\u00e7 birli\u011fi yap\u0131yoruz. Bize verdikleri destek i\u00e7in KEDV\u2019e te\u015fekk\u00fcr ediyorum. Amac\u0131m\u0131z ortak. Kad\u0131n\u0131n erke\u011fin e\u015fit oldu\u011fu, herkesin \u00e7al\u0131\u015fma hayat\u0131n\u0131n i\u00e7inde oldu\u011fu, Bal\u0131kesir\u2019in her noktas\u0131nda kad\u0131nlar\u0131n evlatlar\u0131n\u0131 kre\u015flere g\u00fcvenle b\u0131rak\u0131p, ekme\u011fini art\u0131rmak i\u00e7in \u00e7al\u0131\u015ft\u0131\u011f\u0131n\u0131 huzurlu, refah dolu bir Bal\u0131kesir\u2019i T\u00fcrkiye\u2019ye \u00f6rnek hale getirmek i\u00e7in \u00e7al\u0131\u015f\u0131yoruz\u201d ifadelerini kulland\u0131.<\/span><\/p>\n<p><strong><span style=\"font-family: arial, helvetica, sans-serif; font-size: 14px;\">\u201cBu yolda beraberiz\u201d<br \/>\n<\/span><\/strong><span style=\"font-family: arial, helvetica, sans-serif; font-size: 14px;\">Kat\u0131l\u0131mc\u0131lar\u0131n, 21 Aral\u0131k D\u00fcnya Kooperatif\u00e7ilik G\u00fcn\u00fc\u2019n\u00fc kutlayan Arbil Ak\u0131n, kendisinin ve Ba\u015fkan Ak\u0131n\u2019\u0131n kad\u0131n istihdam\u0131na \u00e7ok \u00f6nem verdi\u011fini s\u00f6yledi. Kent genelinde faaliyet g\u00f6steren \u00e7ok say\u0131da kad\u0131n kooperatifine ziyaret ger\u00e7ekle\u015ftirdiklerini belirten Arbil Ak\u0131n, \u015funlar\u0131 s\u00f6yledi: \u201c\u00d6n\u00fcm\u00fczdeki g\u00fcnlerde ziyarette bulunamad\u0131\u011f\u0131m\u0131z kooperatiflerimizi de ziyaret edece\u011fiz. Bu ziyaretlerimiz esnas\u0131nda g\u00f6rd\u00fck ki; kad\u0131nlar\u0131m\u0131z\u0131n pazarlama- sat\u0131\u015f kanallar\u0131n\u0131n a\u00e7\u0131lmas\u0131 ve destek konusunda ihtiya\u00e7lar\u0131 var. Bizler, size her konuda destek olmaya haz\u0131r\u0131z. Y\u00fcr\u00fcm\u00fc\u015f oldu\u011funuz yolun zorlu bir yol oldu\u011funu biliyoruz. Bu yolda bundan sonra beraberiz. Hep beraber g\u00fczel i\u015fler \u00e7\u0131karaca\u011f\u0131m\u0131za inan\u0131yoruz. Yolumuz a\u00e7\u0131k olsun\u201d dedi.<\/span><\/p>\n<p><strong><span style=\"font-family: arial, helvetica, sans-serif; font-size: 14px;\">Yar\u0131m kalan hikaye tamamlanacak<br \/>\n<\/span><\/strong><span style=\"font-family: arial, helvetica, sans-serif; font-size: 14px;\">Bal\u0131kesir Kent Konseyi Ba\u015fkan\u0131 Kent Konseyi Ba\u015fkan\u0131 Sevin\u00e7 Baykan \u00d6zden, ise \u015funlar\u0131 s\u00f6yledi: \u201cAhmet Ba\u015fkan\u0131m\u0131zla 2019 y\u0131l\u0131nda yar\u0131m kalm\u0131\u015f bir hikayemiz vard\u0131. Bu hikayemizi tamamlamak istedik. 2019\u2019da yar\u0131m kalan hikayemizle, kad\u0131n kooperatiflerinin ve emek\u00e7i kad\u0131nlar\u0131n desteklenmesi de yar\u0131m kalm\u0131\u015ft\u0131. Biz, yar\u0131m kalan hikayemizi \u015fimdi tamamlamak \u00fczere Ahmet Ba\u015fkan\u0131m\u0131z ve e\u015fi Arbil Han\u0131m\u2019la birlikte yola \u00e7\u0131kt\u0131k\u201d dedi.<\/span><\/p>\n","protected":false},"excerpt":{"rendered":"<p>Bal\u0131kesir\u2019de faaliyet g\u00f6steren kad\u0131n kooperatifleri bir araya geldi. Kad\u0131n Kooperatifleriyle bulu\u015fan Bal\u0131kesir B\u00fcy\u00fck\u015fehir Belediye Ba\u015fkan\u0131 Ahmet Ak\u0131n, \u201cKad\u0131n kooperatiflerinden ba\u015flayarak,<\/p>\n","protected":false},"author":3,"featured_media":27974,"comment_status":"open","ping_status":"open","sticky":false,"template":"","format":"standard","meta":{"colormag_page_container_layout":"default_layout","colormag_page_sidebar_layout":"default_layout","footnotes":""},"categories":[45,1,5,8],"tags":[],"class_list":["post-27973","post","type-post","status-publish","format-standard","has-post-thumbnail","hentry","category-egitim","category-genel","category-gundem","category-siyaset"],"_links":{"self":[{"href":"https:\/\/marmarayerelhizmet.com\/index.php\/wp-json\/wp\/v2\/posts\/27973","targetHints":{"allow":["GET"]}}],"collection":[{"href":"https:\/\/marmarayerelhizmet.com\/index.php\/wp-json\/wp\/v2\/posts"}],"about":[{"href":"https:\/\/marmarayerelhizmet.com\/index.php\/wp-json\/wp\/v2\/types\/post"}],"author":[{"embeddable":true,"href":"https:\/\/marmarayerelhizmet.com\/index.php\/wp-json\/wp\/v2\/users\/3"}],"replies":[{"embeddable":true,"href":"https:\/\/marmarayerelhizmet.com\/index.php\/wp-json\/wp\/v2\/comments?post=27973"}],"version-history":[{"count":0,"href":"https:\/\/marmarayerelhizmet.com\/index.php\/wp-json\/wp\/v2\/posts\/27973\/revisions"}],"wp:featuredmedia":[{"embeddable":true,"href":"https:\/\/marmarayerelhizmet.com\/index.php\/wp-json\/wp\/v2\/media\/27974"}],"wp:attachment":[{"href":"https:\/\/marmarayerelhizmet.com\/index.php\/wp-json\/wp\/v2\/media?parent=27973"}],"wp:term":[{"taxonomy":"category","embeddable":true,"href":"https:\/\/marmarayerelhizmet.com\/index.php\/wp-json\/wp\/v2\/categories?post=27973"},{"taxonomy":"post_tag","embeddable":true,"href":"https:\/\/marmarayerelhizmet.com\/index.php\/wp-json\/wp\/v2\/tags?post=27973"}],"curies":[{"name":"wp","href":"https:\/\/api.w.org\/{rel}","templated":true}]}}