{"id":27960,"date":"2024-12-20T10:58:22","date_gmt":"2024-12-20T07:58:22","guid":{"rendered":"https:\/\/marmarayerelhizmet.com\/?p=27960"},"modified":"2024-12-21T02:00:07","modified_gmt":"2024-12-20T23:00:07","slug":"baskan-akindan-edremite-cikarma","status":"publish","type":"post","link":"https:\/\/marmarayerelhizmet.com\/index.php\/2024\/12\/20\/baskan-akindan-edremite-cikarma\/","title":{"rendered":"Ba\u015fkan Ak\u0131n\u2019dan Edremit\u2019e \u00c7\u0131karma"},"content":{"rendered":"<p><strong><span style=\"font-family: arial, helvetica, sans-serif; font-size: 14px;\">Bal\u0131kesir B\u00fcy\u00fcfk\u015fehir Belediye Ba\u015fkan\u0131 Ahmet Ak\u0131n, Edremit\u2019e \u00e7\u0131karma yapt\u0131. Edremit sokaklar\u0131nda vatanda\u015flar\u0131 dinleyen ve esnaf ziyareti yapan Ak\u0131n, muhtarlarla da bir araya geldi. \u0130l\u00e7enin en b\u00fcy\u00fck sorununun ar\u0131tma konusu oldu\u011funu belirtirken Ak\u0131n, \u201cBu bir sa\u011fl\u0131k konusudur. K\u00f6rfezde ar\u0131tma sorunu mutlaka \u00e7\u00f6zece\u011fiz\u201d dedi.<\/span><\/strong><\/p>\n<p><span style=\"font-family: arial, helvetica, sans-serif; font-size: 14px;\">Bal\u0131kesir B\u00fcy\u00fck\u015fehir Belediye Ba\u015fkan\u0131 Ahmet Ak\u0131n, mahalle ve il\u00e7e ziyaretlerini h\u0131z kesmeden s\u00fcrd\u00fcr\u00fcyor. &#8220;Sistemi oturttuk. Art\u0131k sahaday\u0131z&#8221; diyen Ak\u0131n, Edremit\u2019te esnaflar, vatanda\u015flar ve muhtarlarla bir araya geldi. Edremit\u2019e ger\u00e7ekle\u015ftirdi\u011fi ziyaret kapsam\u0131nda Ba\u015fkan Ak\u0131n, ilk olarak Edremit Kaymakam\u0131 Ahmet Odaba\u015f\u2019\u0131 makam\u0131nda ziyaret etti. Ba\u015fkan Ak\u0131n, daha sonra kalp krizi nedeniyle ya\u015fam\u0131n\u0131 yitiren eski Edremit Belediye Ba\u015fkan\u0131 Tuncay K\u0131l\u0131\u00e7\u2019\u0131n ailesine taziye ziyaretinde bulunarak ba\u015fsa\u011fl\u0131\u011f\u0131 dileklerini iletti. CHP Edremit \u0130l\u00e7e Ba\u015fkanl\u0131\u011f\u0131n\u0131 da ziyaret eden Ak\u0131n, burada partililer ile bulu\u015ftu. G\u00f6reve geldikleri g\u00fcnden bug\u00fcne yap\u0131lanlarla ilgili bilgi veren Ak\u0131n, Bal\u0131kesir B\u00fcy\u00fck\u015fehir Belediyesi\u2019nde kul hakk\u0131 yedirmeden, sosyal demokrat anlay\u0131\u015f\u0131yla hizmetleri yerine getirdiklerini s\u00f6yledi.<br \/>\n<\/span><span style=\"font-family: arial, helvetica, sans-serif; font-size: 14px;\">Muhtarlarla Bulu\u015fma programlar\u0131 kapsam\u0131nda il\u00e7elerde mahalle muhtarlar\u0131yla bir araya gelen Bal\u0131kesir B\u00fcy\u00fck\u015fehir Belediye Ba\u015fkan\u0131 Ahmet Ak\u0131n, Edremit Mahalle Muhtarlar\u0131n\u0131 dinledi. Ak\u0131n, g\u00f6revi devrald\u0131klar\u0131 g\u00fcnden bug\u00fcne kadar ge\u00e7en 8.5 ayl\u0131k s\u00fcrede sistemi oturttuklar\u0131n\u0131 s\u00f6yledi. Ak\u0131n, bundan sonraki s\u00fcre\u00e7te at\u0131lacak ad\u0131mlarla ilgili \u00e7al\u0131\u015fmalar\u0131n tamamland\u0131\u011f\u0131n\u0131 belirtirken \u015funlar\u0131 s\u00f6yledi:\u201cMuhtarlar\u0131m\u0131zla s\u0131k s\u0131k bulu\u015faca\u011f\u0131z. Bu toplant\u0131lar\u0131 bazen b\u00f6lgesel yapaca\u011f\u0131z bazen her il\u00e7enin tamam\u0131n\u0131 \u00e7a\u011f\u0131raca\u011f\u0131z. Ama muhakkak mahallenizde ne olup bitiyorsa \u00f6nce sizinle konu\u015faca\u011f\u0131z.\u201d dedi.<br \/>\n<\/span><span style=\"font-family: arial, helvetica, sans-serif; font-size: 14px;\">Bal\u0131kesir\u2019de bulunan bin 133 mahalle muhtar\u0131n\u0131n 47\u2019sinin Edremit\u2019te bulundu\u011funu belirten Ak\u0131n, Bal\u0131kesir\u2019in \u0130stanbul\u2019un 3.5 misli b\u00fcy\u00fckl\u00fc\u011f\u00fcnde geni\u015f bir co\u011frafyaya sahip oldu\u011funu s\u00f6yledi. Bu geni\u015f co\u011frafyaya sahip olman\u0131n g\u00fczel y\u00f6nleri kadar zorluklar\u0131n\u0131n da oldu\u011funu belirten Ak\u0131n, bu zorluklar\u0131 gidermenin tek yolunun sahada olmak oldu\u011funu ifade ederken ,&#8221;Bostanc\u0131 Mahallemizde trafik kazalar\u0131na neden olan sinyalizasyon sorununu da biliyoruz; Hac\u0131aslanlar, \u00c7amc\u0131, Ya\u015fyer ve Dereli mahallelerimizin hal\u0131 saha talebini de biliyoruz. Muhtarlar\u0131m\u0131zla hep ileti\u015fimde oldu\u011fumuz ve b\u00f6lgeyi takip etti\u011fimiz i\u00e7in t\u00fcm sorunlara hakimiz.\u201d dedi.<br \/>\n<\/span><span style=\"font-family: arial, helvetica, sans-serif; font-size: 14px;\">Bal\u0131kesir B\u00fcy\u00fck\u015fehir Belediye Ba\u015fkan\u0131 se\u00e7ildi\u011fi andan itibaren partisinin rozetini bir kenara koydu\u011funu ifade eden Ak\u0131n, \u201cT\u00fcrk bayra\u011f\u0131 esas olan. Onun i\u00e7in oy veren, vermeyen benim umurumda de\u011fil. Tek derdimiz bu millete hizmet etmek. Herkesin ihtiyac\u0131n\u0131 bir \u015fekilde kar\u015f\u0131lamak, yanlar\u0131nda olmak ve m\u00fccadele etmek. K\u00f6rfezimizin incisi Edremit\u2019imizin y\u0131llardan beri en b\u00fcy\u00fck ortak sorunu belli. Ar\u0131tma. Yaz\u0131n, vatanda\u015flar\u0131m\u0131z, evlatlar, \u00e7ocuklar denize gidiyor. Ak\u015fam da hastaneye gidiyor. Neden? \u00c7\u00fcnk\u00fc ar\u0131tma sistemi ya yok ya kapasitesi \u00e7ok yetersiz ya da \u00e7ok eskimi\u015f. K\u00f6rfezde ar\u0131tma sorununu \u00e7\u00f6zmek i\u00e7in her yolu deniyoruz ve \u00e7\u00f6zece\u011fiz. Hi\u00e7bir bahaneye de sar\u0131lm\u0131yorum. \u015eimdi diyeceksiniz ki ya bu o kadar milyonlarca dolarl\u0131k yat\u0131r\u0131m nas\u0131l yap\u0131lacak? Bak\u0131n g\u00f6receksiniz. Bunun i\u00e7in g\u00f6r\u00fc\u015fmedi\u011fim hi\u00e7 kimse kalmad\u0131. Bu bir sa\u011fl\u0131k konusudur. \u00d6nce insan diyoruz. O zaman sa\u011fl\u0131ktan daha \u00f6te bir \u015fey yok\u201d \u015feklinde konu\u015ftu.<br \/>\n<\/span><span style=\"font-family: arial, helvetica, sans-serif; font-size: 14px;\">G\u00fcre\u2019de yap\u0131lacak ar\u0131tma tesisi ile ilgili g\u00f6r\u00fc\u015fmelerin devam etti\u011fini aktaran Ak\u0131n, \u201c\u0130n\u015fallah yeni y\u0131lda sizlere g\u00fczel haberi sizlerle payla\u015faca\u011f\u0131z. Sadece ar\u0131tma de\u011fil. 40-50 y\u0131ll\u0131k su borular\u0131, i\u00e7me suyu hatlar\u0131nda ya\u015fanan sorunlar Bunlara bakt\u0131\u011f\u0131m\u0131z zaman hakikaten ar\u0131tma ve altyap\u0131 hep bir kenara b\u0131rak\u0131lm\u0131\u015f. Ama ben a\u00e7\u0131k ve net s\u00f6yleyeyim. \u00d6nce hesab\u0131m\u0131 Allah\u2019a verece\u011fim i\u00e7in \u00f6nce bunu yapmam laz\u0131m \u00e7\u00fcnk\u00fc bu kul hakk\u0131na giriyor. Onun i\u00e7in de burada altyap\u0131 yat\u0131r\u0131mlar\u0131n\u0131 yapaca\u011f\u0131z. 2-3 y\u0131l m\u0131 s\u00fcrer onu zamanla g\u00f6rece\u011fiz. Ama bu borcumuzu in\u015fallah yerine getirece\u011fiz\u201d diye konu\u015ftu.<br \/>\n<\/span><span style=\"font-family: arial, helvetica, sans-serif; font-size: 14px;\">BASK\u0130\u2019nin Edremit\u2019te y\u00fcr\u00fctt\u00fc\u011f\u00fc \u00e7al\u0131\u015fmalar neticesinde il\u00e7enin \u00f6n\u00fcm\u00fczdeki 15-20 y\u0131ll\u0131k su sorununun \u00e7\u00f6z\u00fcme kavu\u015ftu\u011funu ifade eden Ak\u0131n, BASK\u0130 y\u00f6netimine ve personellerine te\u015fekk\u00fcr etti. Ak\u0131n, vatanda\u015flara kaliteli suyu ula\u015ft\u0131rmak i\u00e7in gece g\u00fcnd\u00fcz \u00e7al\u0131\u015ft\u0131klar\u0131n\u0131 s\u00f6yledi.<br \/>\n<\/span><span style=\"font-family: arial, helvetica, sans-serif; font-size: 14px;\">Edremit Belediye Ba\u015fkan\u0131 Mehmet Erta\u015f\u2019la uyum i\u00e7erisinde \u00e7al\u0131\u015ft\u0131klar\u0131n\u0131 belirten Ak\u0131n, hedeflerinin sorunlar\u0131 tamamen \u00e7\u00f6z\u00fclm\u00fc\u015f sa\u011fl\u0131kl\u0131, temiz ve g\u00fcvenli bir Edremit ve k\u00f6rfez oldu\u011funu s\u00f6yledi.<br \/>\n<\/span><span style=\"font-family: arial, helvetica, sans-serif; font-size: 14px;\">Bal\u0131kesir\u2019i, tar\u0131m\u0131n kalk\u0131nd\u0131raca\u011f\u0131na vurgu yapan Ak\u0131n, \u201cEdremit, 20 bin hektar alanda yakla\u015f\u0131k 3 milyon zeytin a\u011fac\u0131yla zeytincili\u011fimizin en \u00f6nemli merkezlerinden biri. Bal\u0131kesir genelinde ise 12 milyon zeytin a\u011fac\u0131m\u0131z var. Tescilli \u00fc\u00e7 \u00e7e\u015fit zeytinimiz var. Edremit zeytinimizde bunlar\u0131n en ba\u015f\u0131nda yer al\u0131yor. Zeytinya\u011f\u0131m\u0131z, Avrupa Birli\u011fi\u2019nden co\u011frafi i\u015farete sahip. Mevsimsel kurakl\u0131klar, sulama imkan\u0131 olmayan arazilerimizde sofral\u0131k, zeytin \u00fcretiminde de d\u00fc\u015f\u00fc\u015fler ya\u015fan\u0131yor. Bununla ilgili de \u00e7al\u0131\u015f\u0131yoruz. \u00c7ift\u00e7imizi olumsuz \u015fartlar\u0131da rahatlatmak da bizim en \u00f6nemli i\u015flerimizden g\u00f6revlerimizden bir tanesi. Biz, zeytin a\u011fa\u00e7lar\u0131m\u0131z\u0131 sahipsiz b\u0131rakmayaca\u011f\u0131z.\u201d dedi.<br \/>\n<\/span><span style=\"font-family: arial, helvetica, sans-serif; font-size: 14px;\">Edremit\u2019in turizm potansiyelinin de y\u00fcksek oldu\u011funu s\u00f6yleyen Ak\u0131n, \u201cBu b\u00f6lgeyi do\u011fal ya\u015fam\u0131n ak\u0131\u015f\u0131n\u0131 bozmadan, do\u011faya ve \u00e7evreye sayg\u0131l\u0131 bir \u015fekilde ekolojik turizm alan\u0131nda bir \u00e7ekim merkezi haline getirmek istiyoruz ve bu do\u011frultuda \u00e7al\u0131\u015fmalar\u0131m\u0131z\u0131 y\u00fcr\u00fct\u00fcyoruz. Bal\u0131kesir B\u00fcy\u00fck\u015fehir, Edremit Belediyesi ve muhtarlar olarak el ele verirsek, akl\u0131m\u0131z\u0131 ve g\u00fcc\u00fcm\u00fcz\u00fc birle\u015ftirirsek b\u00fct\u00fcn sorunlar\u0131 \u00e7\u00f6zer, daha g\u00fczel bir Edremit olu\u015fturuyoruz\u201d dedi.<\/span><\/p>\n","protected":false},"excerpt":{"rendered":"<p>Bal\u0131kesir B\u00fcy\u00fcfk\u015fehir Belediye Ba\u015fkan\u0131 Ahmet Ak\u0131n, Edremit\u2019e \u00e7\u0131karma yapt\u0131. Edremit sokaklar\u0131nda vatanda\u015flar\u0131 dinleyen ve esnaf ziyareti yapan Ak\u0131n, muhtarlarla da<\/p>\n","protected":false},"author":3,"featured_media":27961,"comment_status":"open","ping_status":"open","sticky":false,"template":"","format":"standard","meta":{"colormag_page_container_layout":"default_layout","colormag_page_sidebar_layout":"default_layout","footnotes":""},"categories":[1,5,8],"tags":[],"class_list":["post-27960","post","type-post","status-publish","format-standard","has-post-thumbnail","hentry","category-genel","category-gundem","category-siyaset"],"_links":{"self":[{"href":"https:\/\/marmarayerelhizmet.com\/index.php\/wp-json\/wp\/v2\/posts\/27960","targetHints":{"allow":["GET"]}}],"collection":[{"href":"https:\/\/marmarayerelhizmet.com\/index.php\/wp-json\/wp\/v2\/posts"}],"about":[{"href":"https:\/\/marmarayerelhizmet.com\/index.php\/wp-json\/wp\/v2\/types\/post"}],"author":[{"embeddable":true,"href":"https:\/\/marmarayerelhizmet.com\/index.php\/wp-json\/wp\/v2\/users\/3"}],"replies":[{"embeddable":true,"href":"https:\/\/marmarayerelhizmet.com\/index.php\/wp-json\/wp\/v2\/comments?post=27960"}],"version-history":[{"count":0,"href":"https:\/\/marmarayerelhizmet.com\/index.php\/wp-json\/wp\/v2\/posts\/27960\/revisions"}],"wp:featuredmedia":[{"embeddable":true,"href":"https:\/\/marmarayerelhizmet.com\/index.php\/wp-json\/wp\/v2\/media\/27961"}],"wp:attachment":[{"href":"https:\/\/marmarayerelhizmet.com\/index.php\/wp-json\/wp\/v2\/media?parent=27960"}],"wp:term":[{"taxonomy":"category","embeddable":true,"href":"https:\/\/marmarayerelhizmet.com\/index.php\/wp-json\/wp\/v2\/categories?post=27960"},{"taxonomy":"post_tag","embeddable":true,"href":"https:\/\/marmarayerelhizmet.com\/index.php\/wp-json\/wp\/v2\/tags?post=27960"}],"curies":[{"name":"wp","href":"https:\/\/api.w.org\/{rel}","templated":true}]}}