{"id":27954,"date":"2024-12-19T22:50:52","date_gmt":"2024-12-19T19:50:52","guid":{"rendered":"https:\/\/marmarayerelhizmet.com\/?p=27954"},"modified":"2024-12-19T22:50:52","modified_gmt":"2024-12-19T19:50:52","slug":"balikesir-itfaiyesi-egitimlerle-gucleniyor","status":"publish","type":"post","link":"https:\/\/marmarayerelhizmet.com\/index.php\/2024\/12\/19\/balikesir-itfaiyesi-egitimlerle-gucleniyor\/","title":{"rendered":"Bal\u0131kesir \u0130tfaiyesi E\u011fitimlerle G\u00fc\u00e7leniyor"},"content":{"rendered":"<p><strong><span style=\"font-family: arial, helvetica, sans-serif; font-size: 14px;\">Bal\u0131kesir B\u00fcy\u00fck\u015fehir Belediyesi \u0130tfaiye Daire Ba\u015fkanl\u0131\u011f\u0131, AFAD personeli ve 15 ki\u015filik BALDAK g\u00f6n\u00fcll\u00fcs\u00fc ile birlikte arama kurtarma tatbikat\u0131 ger\u00e7ekle\u015ftirdi. Malzeme ve te\u00e7hizat e\u011fitiminin de yap\u0131ld\u0131\u011f\u0131 alanda olaylara h\u0131zl\u0131 ve etkin m\u00fcdahale edebilmek ad\u0131na yap\u0131lmas\u0131 gerekenler anlat\u0131ld\u0131.<\/span><\/strong><\/p>\n<p><span style=\"font-family: arial, helvetica, sans-serif; font-size: 14px;\">Muhtemel afet durumlar\u0131nda olaylara an\u0131nda m\u00fcdahale ederek can ve mal kayb\u0131n\u0131 \u00f6nlemek i\u00e7in yo\u011fun mesai harcayan Bal\u0131kesir B\u00fcy\u00fck\u015fehir Belediyesi \u0130tfaiye Daire Ba\u015fkanl\u0131\u011f\u0131 \u00f6nc\u00fcl\u00fc\u011f\u00fcnde saha e\u011fitimleri devam ediyor. Bu kapsamda Bal\u0131kesir \u0130tfaiyesi, Afet ve Acil Durum Y\u00f6netimi Ba\u015fkanl\u0131\u011f\u0131 (AFAD) personeli ve Bal\u0131kesir Da\u011fc\u0131l\u0131k ve Arama Kurtarma \u0130htisas Kul\u00fcb\u00fc (BALDAK) g\u00f6n\u00fcll\u00fclerinin de kat\u0131l\u0131m\u0131yla \u015fehit itfaiye eri Kamil \u00c7a\u011flar E\u011fitim Merkezi\u2019nde hafif d\u00fczey arama kurtarma, malzeme ve te\u00e7hizat e\u011fitimi ger\u00e7ekle\u015ftirdi. K9 k\u00f6pe\u011finin de yer ald\u0131\u011f\u0131 tatbikatta deprem ve g\u00f6\u00e7\u00fck gibi durumlarda yap\u0131lmas\u0131 gerekenler uygulamal\u0131 olarak anlat\u0131ld\u0131.<\/span><\/p>\n<p><strong><span style=\"font-family: arial, helvetica, sans-serif; font-size: 14px;\">\u201cE\u011fitimlere \u00f6nem veriyoruz\u201d<br \/>\n<\/span><\/strong><span style=\"font-family: arial, helvetica, sans-serif; font-size: 14px;\">E\u011fitimlerde; do\u011fal afet ve yang\u0131n durumlar\u0131nda y\u00fcksek noktalarda m\u00fcdahale yetene\u011fi, kullan\u0131lacak te\u00e7hizat ile \u00e7al\u0131\u015fma disiplini konusunda bilin\u00e7lendirmeler yap\u0131ld\u0131. Muhtemel afet durumlar\u0131na kar\u015f\u0131 teorik ve saha e\u011fitimleri ile personelin daima haz\u0131r durumda oldu\u011funu s\u00f6yleyen Bal\u0131kesir B\u00fcy\u00fck\u015fehir Belediyesi \u0130tfaiye Daire Ba\u015fkan\u0131 Naz\u0131m Ergelen, \u201cBal\u0131kesir \u0130tfaiyesi olarak AFAD personeli ve 15 ki\u015fiden olu\u015fan BALDAK g\u00f6n\u00fcll\u00fclerimiz ile birlikte hafif d\u00fczey arama kurtarma, malzeme ve te\u00e7hizat e\u011fitimi ger\u00e7ekle\u015ftirdik. \u00dclkemiz deprem ku\u015fa\u011f\u0131nda ve \u015fehrimizde deprem riski oldu\u011fu i\u00e7in bu t\u00fcr e\u011fitimlere, tatbikatlara da \u00f6nem veriyoruz\u201d ifadelerini kulland\u0131.<\/span><\/p>\n","protected":false},"excerpt":{"rendered":"<p>Bal\u0131kesir B\u00fcy\u00fck\u015fehir Belediyesi \u0130tfaiye Daire Ba\u015fkanl\u0131\u011f\u0131, AFAD personeli ve 15 ki\u015filik BALDAK g\u00f6n\u00fcll\u00fcs\u00fc ile birlikte arama kurtarma tatbikat\u0131 ger\u00e7ekle\u015ftirdi. Malzeme<\/p>\n","protected":false},"author":3,"featured_media":27955,"comment_status":"open","ping_status":"open","sticky":false,"template":"","format":"standard","meta":{"colormag_page_container_layout":"default_layout","colormag_page_sidebar_layout":"default_layout","footnotes":""},"categories":[1,5,8],"tags":[],"class_list":["post-27954","post","type-post","status-publish","format-standard","has-post-thumbnail","hentry","category-genel","category-gundem","category-siyaset"],"_links":{"self":[{"href":"https:\/\/marmarayerelhizmet.com\/index.php\/wp-json\/wp\/v2\/posts\/27954","targetHints":{"allow":["GET"]}}],"collection":[{"href":"https:\/\/marmarayerelhizmet.com\/index.php\/wp-json\/wp\/v2\/posts"}],"about":[{"href":"https:\/\/marmarayerelhizmet.com\/index.php\/wp-json\/wp\/v2\/types\/post"}],"author":[{"embeddable":true,"href":"https:\/\/marmarayerelhizmet.com\/index.php\/wp-json\/wp\/v2\/users\/3"}],"replies":[{"embeddable":true,"href":"https:\/\/marmarayerelhizmet.com\/index.php\/wp-json\/wp\/v2\/comments?post=27954"}],"version-history":[{"count":0,"href":"https:\/\/marmarayerelhizmet.com\/index.php\/wp-json\/wp\/v2\/posts\/27954\/revisions"}],"wp:featuredmedia":[{"embeddable":true,"href":"https:\/\/marmarayerelhizmet.com\/index.php\/wp-json\/wp\/v2\/media\/27955"}],"wp:attachment":[{"href":"https:\/\/marmarayerelhizmet.com\/index.php\/wp-json\/wp\/v2\/media?parent=27954"}],"wp:term":[{"taxonomy":"category","embeddable":true,"href":"https:\/\/marmarayerelhizmet.com\/index.php\/wp-json\/wp\/v2\/categories?post=27954"},{"taxonomy":"post_tag","embeddable":true,"href":"https:\/\/marmarayerelhizmet.com\/index.php\/wp-json\/wp\/v2\/tags?post=27954"}],"curies":[{"name":"wp","href":"https:\/\/api.w.org\/{rel}","templated":true}]}}