{"id":27951,"date":"2024-12-18T21:17:00","date_gmt":"2024-12-18T18:17:00","guid":{"rendered":"https:\/\/marmarayerelhizmet.com\/?p=27951"},"modified":"2024-12-18T21:17:00","modified_gmt":"2024-12-18T18:17:00","slug":"vatandaslara-su-tasarrufu-cagrisi","status":"publish","type":"post","link":"https:\/\/marmarayerelhizmet.com\/index.php\/2024\/12\/18\/vatandaslara-su-tasarrufu-cagrisi\/","title":{"rendered":"Vatanda\u015flara Su Tasarrufu \u00c7a\u011fr\u0131s\u0131"},"content":{"rendered":"<p><strong><span style=\"font-family: arial, helvetica, sans-serif; font-size: 14px;\">Bal\u0131kesir\u2019de \u0130kizcetepeler Baraj\u0131nda su doluluk oran\u0131 y\u00fczde 17.11\u2019e, G\u00f6nen-Yenice Baraj\u0131ndaki doluluk oran\u0131 ise y\u00fczde 22.25 seviyelerine kadar d\u00fc\u015ft\u00fc. Vatanda\u015flara \u00e7a\u011fr\u0131 yapan Bal\u0131kesir Su ve Kanalizasyon \u0130daresi (BASK\u0130), su sarfiyat\u0131n\u0131 azaltacak ve aile b\u00fct\u00e7esine katk\u0131 sa\u011flayacak tasarruf \u00f6nerilerinde bulundu.<\/span><\/strong><\/p>\n<p><span style=\"font-family: arial, helvetica, sans-serif; font-size: 14px;\">Kurakl\u0131kla m\u00fccadelenin ba\u015flang\u0131c\u0131 olan su tasarrufu Bal\u0131kesir\u2019de de her ge\u00e7en g\u00fcn \u00f6nem kazan\u0131yor. \u0130kizcetepeler Baraj\u0131nda su doluluk oran\u0131n\u0131n y\u00fczde 17,11 ve G\u00f6nen-Yenice Baraj\u0131 doluluk oran\u0131n\u0131n y\u00fczde 22,25 seviyelerine kadar d\u00fc\u015ft\u00fc\u011f\u00fc Bal\u0131kesir\u2019de vatanda\u015flar\u0131n evlerinde uygulayacaklar\u0131 bireysel su tasarruflar\u0131 hayati \u00f6neme sahip. Bal\u0131kesir B\u00fcy\u00fck\u015fehir Belediyesi\u2019ne ba\u011fl\u0131 Bal\u0131kesir Su ve Kanalizasyon \u0130daresi (BASK\u0130) su kullan\u0131m\u0131n\u0131 azaltarak, aile b\u00fct\u00e7esine katk\u0131 sa\u011flayacak su tasarrufu \u00f6nerilerini payla\u015ft\u0131.<\/span><\/p>\n<p><strong><span style=\"font-family: arial, helvetica, sans-serif; font-size: 14px;\">\u201cSuyu bilin\u00e7li ve tasarruflu kullanal\u0131m\u201d<br \/>\n<\/span><\/strong><span style=\"font-family: arial, helvetica, sans-serif; font-size: 14px;\">Her evde dikkatli bir kullan\u0131mla su israf\u0131n\u0131n \u00f6n\u00fcne ge\u00e7ilmesi gerekti\u011fini s\u00f6yleyen BASK\u0130 Genel M\u00fcd\u00fcr\u00fc Erdo\u011fan \u00d6zt\u00fcrk, \u201cSuyun her damlas\u0131, ya\u015fam\u0131n kayna\u011f\u0131d\u0131r ve gelece\u011fimiz i\u00e7in hayati \u00f6nem ta\u015f\u0131r. K\u00fcresel iklim de\u011fi\u015fikli\u011fiyle birlikte su kaynaklar\u0131m\u0131z \u00fczerindeki bask\u0131 giderek artmaktad\u0131r. Bu zorlu s\u00fcre\u00e7te, suyu bilin\u00e7li ve tasarruflu kullanmak hem do\u011fam\u0131za hem de gelecek nesillerimize olan sorumlulu\u011fumuzdur. Vatanda\u015flar\u0131m\u0131zdan, evlerinde ve i\u015f yerlerinde su t\u00fcketimine azami \u00f6zen g\u00f6stermelerini rica ediyoruz. Alaca\u011f\u0131m\u0131z k\u00fc\u00e7\u00fck \u00f6nlemler, b\u00fcy\u00fck farklar olu\u015fturabilir. Gelin, hep birlikte s\u00fcrd\u00fcr\u00fclebilir bir gelecek i\u00e7in harekete ge\u00e7elim.\u201d ifadelerini kulland\u0131.<\/span><\/p>\n<p><strong><span style=\"font-family: arial, helvetica, sans-serif; font-size: 14px;\">S\u0131zd\u0131ran rezervuarlar 700 litre su kayb\u0131na yol a\u00e7\u0131yor<br \/>\n<\/span><\/strong><span style=\"font-family: arial, helvetica, sans-serif; font-size: 14px;\">Su t\u00fcketiminin y\u00fczde 70\u2019inin tuvalet ve banyolarda ger\u00e7ekle\u015fti\u011fine dikkat \u00e7eken BASK\u0130\u2019den yap\u0131lan a\u00e7\u0131klamaya g\u00f6re damlatan, ar\u0131zal\u0131 musluklar\u0131n tamir ettirildi\u011fi takdirde y\u0131lda 12 bin 500 litre su tasarrufu sa\u011flayaca\u011f\u0131 ifade edildi. S\u0131zd\u0131ran bir tuvalet rezervuar\u0131n\u0131n g\u00fcnde 700 litreye kadar su kayb\u0131na neden oldu\u011fu da a\u00e7\u0131kland\u0131. Rezervuarlar\u0131n kontrol edilip, daha k\u00fc\u00e7\u00fck hacimli modellerle de\u011fi\u015ftirilmesi sa\u011flanabilir. Ayr\u0131ca banyo ve tuvaletlerde musluklar\u0131n vanalar\u0131 biraz k\u0131s\u0131larak ya da su tasarrufu sa\u011flayan perlat\u00f6r aksesuar\u0131 tak\u0131larak akan sudan y\u00fczde 50 oran\u0131nda su tasarrufu sa\u011flanacakt\u0131r.<\/span><\/p>\n<p><strong><span style=\"font-family: arial, helvetica, sans-serif; font-size: 14px;\">Bir aile y\u0131lda 13 bin 100 litre su tasarrufu yapabilir<br \/>\n<\/span><\/strong><span style=\"font-family: arial, helvetica, sans-serif; font-size: 14px;\">G\u00fcnl\u00fck al\u0131\u015fkanl\u0131klarla b\u00fcy\u00fck su tasarruflar\u0131 sa\u011flanabilece\u011fini belirten BASK\u0130\u2019den yap\u0131lan a\u00e7\u0131klamada, \u201cBanyoda ge\u00e7irdi\u011finiz s\u00fcreyi bir dakika k\u0131saltarak, d\u00f6rt ki\u015filik bir ailenin y\u0131lda 13 bin100 litre su tasarrufu yapabilece\u011fini unutmay\u0131n\u201d ifadesine yer verildi. Du\u015f s\u0131ras\u0131nda sabunlan\u0131rken ve el-y\u00fcz y\u0131karken muslu\u011fun a\u00e7\u0131k b\u0131rak\u0131lmas\u0131 sonucu ise suyun y\u00fczde 75\u2019inin bo\u015fa akt\u0131\u011f\u0131 dile getirildi.<\/span><\/p>\n<p><strong><span style=\"font-family: arial, helvetica, sans-serif; font-size: 14px;\">Makineleri tam doldurmadan \u00e7al\u0131\u015ft\u0131rmay\u0131n<br \/>\n<\/span><\/strong><span style=\"font-family: arial, helvetica, sans-serif; font-size: 14px;\">Bal\u0131kesir Su ve Kanalizasyon \u0130daresi (BASK\u0130) evlerde su tasarrufunun en \u00f6nemli kolunun mutfaklarda ve \u00e7ama\u015f\u0131r y\u0131karken yap\u0131labilece\u011fine dikkat \u00e7ekti. BASK\u0130\u2019den konuyla ilgili yap\u0131lan a\u00e7\u0131klamada; \u201cBula\u015f\u0131k ve \u00e7ama\u015f\u0131r makinelerini tam doldurmadan \u00e7al\u0131\u015ft\u0131rmay\u0131n. Ayr\u0131ca, bula\u015f\u0131klar\u0131 elde y\u0131kamak yerine makinede y\u0131kayarak her y\u0131kamada 110 litre suyun bo\u015fa harcanmas\u0131n\u0131 engelleyebilirsiniz. \u00c7ama\u015f\u0131rlar\u0131 elde y\u0131kamak yerine makinede y\u0131kamay\u0131 tercih edin. Bu y\u00f6ntemle y\u0131lda yakla\u015f\u0131k 9 ton su tasarrufu sa\u011flanabilir. Sebze ve meyveleri akan su alt\u0131nda de\u011fil, bir kap i\u00e7erisinde y\u0131kay\u0131n\u201d ifadelerine yer verildi.<\/span><\/p>\n<p><strong><span style=\"font-family: arial, helvetica, sans-serif; font-size: 14px;\">Tar\u0131mda damla sulama tasarruf sa\u011fl\u0131yor<br \/>\n<\/span><\/strong><span style=\"font-family: arial, helvetica, sans-serif; font-size: 14px;\">Tar\u0131m \u015fehri Bal\u0131kesir\u2019de \u00e7ift\u00e7ilerin damlama sulama y\u00f6ntemlerini tercih ederek \u00f6nemli \u00f6l\u00e7\u00fcde su tasarrufu sa\u011flayaca\u011f\u0131 belirtilen a\u00e7\u0131klamada bah\u00e7e sulamalar\u0131nda \u015febeke yerine sondaj suyu kullan\u0131lmas\u0131 tavsiye edildi. Bah\u00e7elerin ise hortum veya f\u0131skiye yerine kova kullan\u0131larak, ara\u00e7lar\u0131n da akan suyla de\u011fil, kova ve f\u0131r\u00e7a yard\u0131m\u0131yla y\u0131kanarak su tasarrufu sa\u011flanaca\u011f\u0131 belirtildi. Hal\u0131lar\u0131 y\u0131kamak yerine m\u00fcmk\u00fcnse silmenin tercih edilmesi gerekti\u011fi de vurguland\u0131.<\/span><\/p>\n<p><strong><span style=\"font-family: arial, helvetica, sans-serif; font-size: 14px;\">Su ka\u00e7aklar\u0131 i\u00e7in 185 hatt\u0131 devrede<br \/>\n<\/span><\/strong><span style=\"font-family: arial, helvetica, sans-serif; font-size: 14px;\">Vatanda\u015flar\u0131n sokakta g\u00f6rd\u00fckleri su ka\u00e7aklar\u0131n\u0131 Alo 185 Hatt\u0131\u2019na bildirmelerini isteyen BASK\u0130 yapt\u0131\u011f\u0131 a\u00e7\u0131klamada; \u201cTasarrufu al\u0131\u015fkanl\u0131k haline getirerek yaln\u0131zca su kaynaklar\u0131n\u0131n korunmas\u0131na de\u011fil, ayn\u0131 zamanda gelece\u011fe de \u00f6nemli bir yat\u0131r\u0131m yap\u0131lm\u0131\u015f olur. Su israf\u0131n\u0131n \u00f6n\u00fcne ge\u00e7mek ve kaynaklar\u0131m\u0131z\u0131 korumak i\u00e7in her bireyin \u00fczerine d\u00fc\u015fen sorumlulu\u011fu yerine getirmesi b\u00fcy\u00fck \u00f6nem ta\u015f\u0131yor\u201d ifadelerine yer verdi.<\/span><\/p>\n","protected":false},"excerpt":{"rendered":"<p>Bal\u0131kesir\u2019de \u0130kizcetepeler Baraj\u0131nda su doluluk oran\u0131 y\u00fczde 17.11\u2019e, G\u00f6nen-Yenice Baraj\u0131ndaki doluluk oran\u0131 ise y\u00fczde 22.25 seviyelerine kadar d\u00fc\u015ft\u00fc. Vatanda\u015flara \u00e7a\u011fr\u0131<\/p>\n","protected":false},"author":3,"featured_media":27952,"comment_status":"open","ping_status":"open","sticky":false,"template":"","format":"standard","meta":{"colormag_page_container_layout":"default_layout","colormag_page_sidebar_layout":"default_layout","footnotes":""},"categories":[1,5,8],"tags":[],"class_list":["post-27951","post","type-post","status-publish","format-standard","has-post-thumbnail","hentry","category-genel","category-gundem","category-siyaset"],"_links":{"self":[{"href":"https:\/\/marmarayerelhizmet.com\/index.php\/wp-json\/wp\/v2\/posts\/27951","targetHints":{"allow":["GET"]}}],"collection":[{"href":"https:\/\/marmarayerelhizmet.com\/index.php\/wp-json\/wp\/v2\/posts"}],"about":[{"href":"https:\/\/marmarayerelhizmet.com\/index.php\/wp-json\/wp\/v2\/types\/post"}],"author":[{"embeddable":true,"href":"https:\/\/marmarayerelhizmet.com\/index.php\/wp-json\/wp\/v2\/users\/3"}],"replies":[{"embeddable":true,"href":"https:\/\/marmarayerelhizmet.com\/index.php\/wp-json\/wp\/v2\/comments?post=27951"}],"version-history":[{"count":0,"href":"https:\/\/marmarayerelhizmet.com\/index.php\/wp-json\/wp\/v2\/posts\/27951\/revisions"}],"wp:featuredmedia":[{"embeddable":true,"href":"https:\/\/marmarayerelhizmet.com\/index.php\/wp-json\/wp\/v2\/media\/27952"}],"wp:attachment":[{"href":"https:\/\/marmarayerelhizmet.com\/index.php\/wp-json\/wp\/v2\/media?parent=27951"}],"wp:term":[{"taxonomy":"category","embeddable":true,"href":"https:\/\/marmarayerelhizmet.com\/index.php\/wp-json\/wp\/v2\/categories?post=27951"},{"taxonomy":"post_tag","embeddable":true,"href":"https:\/\/marmarayerelhizmet.com\/index.php\/wp-json\/wp\/v2\/tags?post=27951"}],"curies":[{"name":"wp","href":"https:\/\/api.w.org\/{rel}","templated":true}]}}