{"id":27948,"date":"2024-12-18T21:15:47","date_gmt":"2024-12-18T18:15:47","guid":{"rendered":"https:\/\/marmarayerelhizmet.com\/?p=27948"},"modified":"2024-12-18T21:15:47","modified_gmt":"2024-12-18T18:15:47","slug":"buyuksehir-muhtarlari-dinledi","status":"publish","type":"post","link":"https:\/\/marmarayerelhizmet.com\/index.php\/2024\/12\/18\/buyuksehir-muhtarlari-dinledi\/","title":{"rendered":"B\u00fcy\u00fck\u015fehir, Muhtarlar\u0131 Dinledi"},"content":{"rendered":"<p><strong><span style=\"font-family: arial, helvetica, sans-serif; font-size: 14px;\">Kent y\u00f6netiminde muhtarlarla yak\u0131n temas halinde olan Bal\u0131kesir B\u00fcy\u00fck\u015fehir Belediyesi\u2019nin il\u00e7elerdeki muhtar bulu\u015fmalar\u0131 devam ediyor. Be\u015f il\u00e7enin ard\u0131ndan G\u00f6nen ve Band\u0131rma\u2019da B\u00fcy\u00fck\u015fehir Belediyesi Muhtarl\u0131k \u0130\u015fleri Daire Ba\u015fkanl\u0131\u011f\u0131 \u00f6nc\u00fcl\u00fc\u011f\u00fcnde toplanan muhtarlar\u0131n talepleri, ortak ak\u0131l ve kolektif \u00e7al\u0131\u015fma bilinciyle \u00e7\u00f6z\u00fcme ula\u015ft\u0131r\u0131l\u0131yor.<\/span><\/strong><\/p>\n<p><span style=\"font-family: arial, helvetica, sans-serif; font-size: 14px;\">Bal\u0131kesir B\u00fcy\u00fck\u015fehir Belediyesi, yerel y\u00f6netimlerin temel ta\u015f\u0131 olan muhtarlarla ortak ak\u0131l ve i\u015f birli\u011fi i\u00e7inde \u00e7al\u0131\u015fmalar\u0131n\u0131 d\u00f6rt koldan s\u00fcrd\u00fcr\u00fcyor. Bu kapsamda muhtarlarla bulu\u015fmalar\u0131na devam eden Bal\u0131kesir B\u00fcy\u00fck\u015fehir Belediyesi Muhtarl\u0131k \u0130\u015fleri Daire Ba\u015fkan\u0131 Erkan Uzun, son olarak G\u00f6nen ve Band\u0131rma\u2019da d\u00fczenlenen toplant\u0131larda muhtarlarla bir araya geldi. Bal\u0131kesir B\u00fcy\u00fck\u015fehir Belediye Ba\u015fkan\u0131 Ahmet Ak\u0131n\u2019\u0131n talimatlar\u0131 do\u011frultusunda muhtarlarla birebir diyalog halinde hareket eden Uzun, her mahalle \u00f6zelinde ihtiya\u00e7lara y\u00f6nelik \u00e7\u00f6z\u00fcm \u00fcretiyor. Toplant\u0131larda; G\u00f6nen Belediye Ba\u015fkan\u0131 \u0130brahim Palaz, Bal\u0131kesir B\u00fcy\u00fck\u015fehir Belediyesi G\u00fcney Marmara Koordinat\u00f6r\u00fc Murat Karakoyun, G\u00f6nen Koordinat\u00f6r\u00fc B\u00fclent Birg\u00fcl, Manyas Koordinat\u00f6r\u00fc Hakan \u00d6zel, B\u00fcy\u00fck\u015fehir Belediyesi Yol Yap\u0131m, Bak\u0131m ve Onar\u0131m Daire Ba\u015fkan\u0131 Alper T\u00fcrkel ve G\u00fcney Marmara B\u00f6lgesi BASK\u0130 3. B\u00f6lge Daire Ba\u015fkan\u0131 Sel\u00e7uk Ko\u00e7 yer ald\u0131.<br \/>\n<\/span><span style=\"font-family: arial, helvetica, sans-serif; font-size: 14px;\">Toplant\u0131larda muhtarlar\u0131n mahallelerinde ya\u015fanan sorunlar, talepler ve \u00e7\u00f6z\u00fcm \u00f6nerileri ele al\u0131nd\u0131. Ayr\u0131ca mahallelerin altyap\u0131, ula\u015f\u0131m, yol bak\u0131m ve onar\u0131m gibi \u00f6ncelikli konular\u0131 hakk\u0131nda de\u011ferlendirmeler yap\u0131ld\u0131. G\u00f6nen\u2019de ger\u00e7ekle\u015ftirilen toplant\u0131da konu\u015fan G\u00f6nen Belediye Ba\u015fkan\u0131 \u0130brahim Palaz, muhtarlar\u0131n yerel y\u00f6netimler i\u00e7in ta\u015f\u0131d\u0131\u011f\u0131 de\u011fere vurgu yaparak, i\u015f birli\u011fi i\u00e7inde hizmetlerin s\u00fcrd\u00fcr\u00fclece\u011fini belirtti. B\u00fcy\u00fck\u015fehir Belediyesi G\u00fcney Marmara Koordinat\u00f6r\u00fc Murat Karakoyun ise, \u201cMuhtarlar\u0131m\u0131z\u0131n g\u00f6r\u00fc\u015fleri bizim i\u00e7in \u00e7ok k\u0131ymetli. \u0130htiya\u00e7lar\u0131 do\u011fru analiz ederek her mahallemize en iyi hizmeti ula\u015ft\u0131rmay\u0131 hedefliyoruz\u201d ifadelerini kulland\u0131.<br \/>\n<\/span><span style=\"font-family: arial, helvetica, sans-serif; font-size: 14px;\">D\u00fczenlenen toplant\u0131larda muhtarlar\u0131n talep ve \u00f6nerileri tek tek not al\u0131nd\u0131. Bal\u0131kesir B\u00fcy\u00fck\u015fehir Belediyesi\u2019nin \u00e7\u00f6z\u00fcm odakl\u0131 yakla\u015f\u0131m\u0131yla mahallelerin ihtiya\u00e7lar\u0131na y\u00f6nelik projelerin hayata ge\u00e7irilece\u011fi vurguland\u0131. Bal\u0131kesir B\u00fcy\u00fck\u015fehir Belediyesi Muhtarl\u0131k \u0130\u015fleri Daire Ba\u015fkanl\u0131\u011f\u0131 Erkan Uzun, \u201cMuhtarlar\u0131m\u0131z, vatanda\u015flar\u0131m\u0131z\u0131n taleplerini bizlere aktaran en \u00f6nemli k\u00f6pr\u00fclerdir. Ortak ak\u0131l ve i\u015f birli\u011fiyle mahallelerimizin ihtiya\u00e7lar\u0131n\u0131 tespit ediyor, h\u0131zl\u0131 ve kal\u0131c\u0131 \u00e7\u00f6z\u00fcmler \u00fcretmek i\u00e7in \u00e7al\u0131\u015f\u0131yoruz\u201d dedi. Erkan Uzun, muhtarlarla d\u00fczenli olarak bir araya gelmeye devam edeceklerini belirterek, \u201cAmac\u0131m\u0131z, hizmetlerimizi her mahalleye e\u015fit, h\u0131zl\u0131 ve etkin bir \u015fekilde ula\u015ft\u0131rmakt\u0131r. Birlikte \u00e7al\u0131\u015farak Bal\u0131kesir\u2019i daha ya\u015fanabilir bir \u015fehir haline getirece\u011fiz\u201d \u015feklinde konu\u015ftu.<br \/>\n<\/span><span style=\"font-family: arial, helvetica, sans-serif; font-size: 14px;\">Muhtarlar, bu t\u00fcr bulu\u015fmalar\u0131n kendileri i\u00e7in son derece verimli ge\u00e7ti\u011fini belirterek, desteklerinden dolay\u0131 Bal\u0131kesir B\u00fcy\u00fck\u015fehir Belediye Ba\u015fkan\u0131 Ahmet Ak\u0131n\u2019a te\u015fekk\u00fcrlerini ilettiler.<\/span><\/p>\n","protected":false},"excerpt":{"rendered":"<p>Kent y\u00f6netiminde muhtarlarla yak\u0131n temas halinde olan Bal\u0131kesir B\u00fcy\u00fck\u015fehir Belediyesi\u2019nin il\u00e7elerdeki muhtar bulu\u015fmalar\u0131 devam ediyor. Be\u015f il\u00e7enin ard\u0131ndan G\u00f6nen ve<\/p>\n","protected":false},"author":3,"featured_media":27949,"comment_status":"open","ping_status":"open","sticky":false,"template":"","format":"standard","meta":{"colormag_page_container_layout":"default_layout","colormag_page_sidebar_layout":"default_layout","footnotes":""},"categories":[1,5,8],"tags":[],"class_list":["post-27948","post","type-post","status-publish","format-standard","has-post-thumbnail","hentry","category-genel","category-gundem","category-siyaset"],"_links":{"self":[{"href":"https:\/\/marmarayerelhizmet.com\/index.php\/wp-json\/wp\/v2\/posts\/27948","targetHints":{"allow":["GET"]}}],"collection":[{"href":"https:\/\/marmarayerelhizmet.com\/index.php\/wp-json\/wp\/v2\/posts"}],"about":[{"href":"https:\/\/marmarayerelhizmet.com\/index.php\/wp-json\/wp\/v2\/types\/post"}],"author":[{"embeddable":true,"href":"https:\/\/marmarayerelhizmet.com\/index.php\/wp-json\/wp\/v2\/users\/3"}],"replies":[{"embeddable":true,"href":"https:\/\/marmarayerelhizmet.com\/index.php\/wp-json\/wp\/v2\/comments?post=27948"}],"version-history":[{"count":0,"href":"https:\/\/marmarayerelhizmet.com\/index.php\/wp-json\/wp\/v2\/posts\/27948\/revisions"}],"wp:featuredmedia":[{"embeddable":true,"href":"https:\/\/marmarayerelhizmet.com\/index.php\/wp-json\/wp\/v2\/media\/27949"}],"wp:attachment":[{"href":"https:\/\/marmarayerelhizmet.com\/index.php\/wp-json\/wp\/v2\/media?parent=27948"}],"wp:term":[{"taxonomy":"category","embeddable":true,"href":"https:\/\/marmarayerelhizmet.com\/index.php\/wp-json\/wp\/v2\/categories?post=27948"},{"taxonomy":"post_tag","embeddable":true,"href":"https:\/\/marmarayerelhizmet.com\/index.php\/wp-json\/wp\/v2\/tags?post=27948"}],"curies":[{"name":"wp","href":"https:\/\/api.w.org\/{rel}","templated":true}]}}