{"id":27936,"date":"2024-12-16T23:14:20","date_gmt":"2024-12-16T20:14:20","guid":{"rendered":"https:\/\/marmarayerelhizmet.com\/?p=27936"},"modified":"2024-12-17T00:17:11","modified_gmt":"2024-12-16T21:17:11","slug":"balikesirde-bin-133-muhtarla-guclu-koordinasyon","status":"publish","type":"post","link":"https:\/\/marmarayerelhizmet.com\/index.php\/2024\/12\/16\/balikesirde-bin-133-muhtarla-guclu-koordinasyon\/","title":{"rendered":"Bal\u0131kesir\u2019de Bin 133 Muhtarla G\u00fc\u00e7l\u00fc Koordinasyon"},"content":{"rendered":"<p><strong><span style=\"font-family: arial, helvetica, sans-serif; font-size: 14px;\">Bal\u0131kesir B\u00fcy\u00fck\u015fehir Belediyesi, il genelindeki toplam bin 133 muhtarla birebir \u00e7al\u0131\u015farak mahallelerin sorunlar\u0131n\u0131 \u00e7\u00f6z\u00fcyor. Muhtarl\u0131k \u0130\u015fleri Daire Ba\u015fkanl\u0131\u011f\u0131 \u00f6nc\u00fcl\u00fc\u011f\u00fcnde t\u00fcm il\u00e7elerde muhtarlar tek tek ziyaret ediliyor.<\/span><\/strong><\/p>\n<p><span style=\"font-family: arial, helvetica, sans-serif; font-size: 14px;\">Kat\u0131l\u0131mc\u0131 y\u00f6netim anlay\u0131\u015f\u0131yla hareket eden Bal\u0131kesir B\u00fcy\u00fck\u015fehir Belediyesi, demokrasinin en temel unsurlar\u0131ndan olan muhtarlarla yak\u0131n diyalo\u011funu s\u00fcrd\u00fcr\u00fcyor. Bal\u0131kesir\u2019in merkez mahallelerinin yan\u0131 s\u0131ra en \u00fccra k\u0131rsal mahallelerine kadar ula\u015fan B\u00fcy\u00fck\u015fehir Belediyesi, Muhtarl\u0131k \u0130\u015fleri Daire Ba\u015fkanl\u0131\u011f\u0131 \u00f6nc\u00fcl\u00fc\u011f\u00fcnde il genelindeki t\u00fcm muhtarlarla birebir \u00e7al\u0131\u015f\u0131yor. Alt\u0131eyl\u00fcl ve Karesi merkez il\u00e7elerinin yan\u0131 s\u0131ra Balya, Havran ve S\u0131nd\u0131rg\u0131\u2019da mahalle muhtarlar\u0131yla bir araya gelen Bal\u0131kesir B\u00fcy\u00fck\u015fehir Belediyesi Muhtarl\u0131k \u0130\u015fleri Daire Ba\u015fkan\u0131 Erkan Uzun, Bal\u0131kesir\u2019in 20 il\u00e7esinde de ziyaretlerin s\u00fcrece\u011fini dile getirdi. Bal\u0131kesir B\u00fcy\u00fck\u015fehir Belediye Ba\u015fkan\u0131 Ahmet Ak\u0131n\u2019\u0131n muhtarlara selamlar\u0131n\u0131 ileten Uzun, mahallelerin talep ve sorunlar\u0131n\u0131 da muhtarla isti\u015fare etti.<\/span><\/p>\n<p><strong><span style=\"font-family: arial, helvetica, sans-serif; font-size: 14px;\">\u201cMuhtarlar\u0131m\u0131za gidiyoruz\u201d<br \/>\n<\/span><\/strong><span style=\"font-family: arial, helvetica, sans-serif; font-size: 14px;\">Her mahallenin sorununu ve iste\u011fini yerinde tespit edebilmek ad\u0131na il\u00e7elerde muhtarlarla bulu\u015ftu\u011funu s\u00f6yleyen Bal\u0131kesir B\u00fcy\u00fck\u015fehir Belediyesi Muhtarl\u0131k \u0130\u015fleri Daire Ba\u015fkan\u0131 Erkan Uzun \u201c\u0130l\u00e7elerimizde mahalle muhtarlar\u0131m\u0131zla bir araya geldik. Onlar\u0131n istek ve taleplerini kendilerinden dinledik. Bal\u0131kesir B\u00fcy\u00fck\u015fehir Belediye Ba\u015fkan\u0131m\u0131z Ahmet Ak\u0131n\u2019\u0131n selamlar\u0131n\u0131 ilettik. Ba\u015fkan\u0131m\u0131z\u0131n da s\u00f6yledi\u011fi gibi muhtarlar\u0131m\u0131z\u0131n bizim yan\u0131m\u0131za gelmesini beklemeden biz onlar\u0131n yan\u0131na gidiyoruz. Herhangi bir talepleri, s\u0131k\u0131nt\u0131lar\u0131 olup olmad\u0131\u011f\u0131n\u0131 soruyoruz. Bal\u0131kesir B\u00fcy\u00fck\u015fehir Belediyesi olarak muhtarlar\u0131m\u0131zla g\u00fc\u00e7l\u00fc bir koordinasyon ve daha yak\u0131n bir \u00e7al\u0131\u015fma ortam\u0131na sahibiz\u201d dedi.<\/span><\/p>\n","protected":false},"excerpt":{"rendered":"<p>Bal\u0131kesir B\u00fcy\u00fck\u015fehir Belediyesi, il genelindeki toplam bin 133 muhtarla birebir \u00e7al\u0131\u015farak mahallelerin sorunlar\u0131n\u0131 \u00e7\u00f6z\u00fcyor. Muhtarl\u0131k \u0130\u015fleri Daire Ba\u015fkanl\u0131\u011f\u0131 \u00f6nc\u00fcl\u00fc\u011f\u00fcnde t\u00fcm<\/p>\n","protected":false},"author":3,"featured_media":27937,"comment_status":"open","ping_status":"open","sticky":false,"template":"","format":"standard","meta":{"colormag_page_container_layout":"default_layout","colormag_page_sidebar_layout":"default_layout","footnotes":""},"categories":[1,5,8],"tags":[],"class_list":["post-27936","post","type-post","status-publish","format-standard","has-post-thumbnail","hentry","category-genel","category-gundem","category-siyaset"],"_links":{"self":[{"href":"https:\/\/marmarayerelhizmet.com\/index.php\/wp-json\/wp\/v2\/posts\/27936","targetHints":{"allow":["GET"]}}],"collection":[{"href":"https:\/\/marmarayerelhizmet.com\/index.php\/wp-json\/wp\/v2\/posts"}],"about":[{"href":"https:\/\/marmarayerelhizmet.com\/index.php\/wp-json\/wp\/v2\/types\/post"}],"author":[{"embeddable":true,"href":"https:\/\/marmarayerelhizmet.com\/index.php\/wp-json\/wp\/v2\/users\/3"}],"replies":[{"embeddable":true,"href":"https:\/\/marmarayerelhizmet.com\/index.php\/wp-json\/wp\/v2\/comments?post=27936"}],"version-history":[{"count":0,"href":"https:\/\/marmarayerelhizmet.com\/index.php\/wp-json\/wp\/v2\/posts\/27936\/revisions"}],"wp:featuredmedia":[{"embeddable":true,"href":"https:\/\/marmarayerelhizmet.com\/index.php\/wp-json\/wp\/v2\/media\/27937"}],"wp:attachment":[{"href":"https:\/\/marmarayerelhizmet.com\/index.php\/wp-json\/wp\/v2\/media?parent=27936"}],"wp:term":[{"taxonomy":"category","embeddable":true,"href":"https:\/\/marmarayerelhizmet.com\/index.php\/wp-json\/wp\/v2\/categories?post=27936"},{"taxonomy":"post_tag","embeddable":true,"href":"https:\/\/marmarayerelhizmet.com\/index.php\/wp-json\/wp\/v2\/tags?post=27936"}],"curies":[{"name":"wp","href":"https:\/\/api.w.org\/{rel}","templated":true}]}}