{"id":27933,"date":"2024-12-16T20:11:19","date_gmt":"2024-12-16T17:11:19","guid":{"rendered":"https:\/\/marmarayerelhizmet.com\/?p=27933"},"modified":"2024-12-17T00:14:14","modified_gmt":"2024-12-16T21:14:14","slug":"kalloni-belediyesinden-mujdeli-haber","status":"publish","type":"post","link":"https:\/\/marmarayerelhizmet.com\/index.php\/2024\/12\/16\/kalloni-belediyesinden-mujdeli-haber\/","title":{"rendered":"Kalloni Belediyesi\u2019nden M\u00fcjdeli Haber"},"content":{"rendered":"<p><strong><span style=\"font-family: arial, helvetica, sans-serif; font-size: 14px;\">Bal\u0131kesir\u2019in Ayval\u0131k il\u00e7esinde, Bal\u0131kesir B\u00fcy\u00fck\u015fehir Belediyesi \u00f6nc\u00fcl\u00fc\u011f\u00fcnde, Bal\u0131kesir Kent Konseyi, Bal\u0131kesir Valili\u011fi, Ayval\u0131k Belediyesi ve Bal\u0131kesir \u0130l K\u00fclt\u00fcr M\u00fcd\u00fcrl\u00fc\u011f\u00fc i\u015f birli\u011fiyle d\u00fczenlenen 5. Bal\u0131kesir Arkeoloji Bulu\u015fmalar\u0131 Sempozyumu\u2019nda Yunanistan\u2019\u0131n Midilli Adas\u0131 Kalloni Belediye Ba\u015fkan\u0131 Taxiarchis Verros \u00f6nemli a\u00e7\u0131klamalarda bulundu.<\/span><\/strong><\/p>\n<p><span style=\"font-family: arial, helvetica, sans-serif; font-size: 14px;\">Midilli Adas\u0131\u2019nda bulunan ve pek \u00e7o\u011fu adeta harabe durumunda olan Osmanl\u0131 eserlerinin restorasyonu ve yeniden hayat bulabilmesine y\u00f6nelik \u00e7al\u0131\u015fmalar ba\u015flatt\u0131klar\u0131n\u0131 a\u00e7\u0131klayan Verros, \u201cBiz de belediye olarak Osmanl\u0131 d\u00f6nemine ait eserlerin korunmas\u0131 ve tan\u0131t\u0131lmas\u0131 konusunda ad\u0131mlar att\u0131k. Bu miras\u0131 kendi zenginli\u011fimiz olarak g\u00f6r\u00fcyor ve koruyup tan\u0131tmay\u0131 bir g\u00f6rev olarak alg\u0131l\u0131yoruz\u201d dedi.<br \/>\n<\/span><span style=\"font-family: arial, helvetica, sans-serif; font-size: 14px;\">Tarih boyunca \u00e7e\u015fitli k\u00fclt\u00fcr ve medeniyetlere ev sahipli\u011fi yapm\u0131\u015f olan Bal\u0131kesir\u2019in y\u00fcksek k\u00fclt\u00fcrel potansiyelini ortaya \u00e7\u0131karmak i\u00e7in \u201cMythos\u2019tan Logos\u2019a K\u0131y\u0131lar ve Adalar, Edremit K\u00f6rfezi\u2019nin \u00dc\u00e7 Yakas\u0131\u201d konusuyla Ayval\u0131k Belediyesi\u2019nin ev sahipli\u011finde K\u00fc\u00e7\u00fckk\u00f6y Halil Ba\u015fyazgan Cumhuriyet K\u00fclt\u00fcr Merkezi\u2019nde d\u00fczenlenen 3 g\u00fcnl\u00fck sempozyuma Kalloni Belediye Ba\u015fkan\u0131 Taxiarchis Verros da kat\u0131ld\u0131.<br \/>\n<\/span><span style=\"font-family: arial, helvetica, sans-serif; font-size: 14px;\">Ba\u015fkan Verros sempozyumda yapt\u0131\u011f\u0131 konu\u015fmada, \u201cBug\u00fcn burada bulunmam vesilesiyle, Ayval\u0131k Belediye Ba\u015fkan\u0131 say\u0131n Mesut Ergin\u2019i genel olarak b\u00fcy\u00fck \u00e7al\u0131\u015fmalar\u0131ndan, \u00f6zellikle de somut k\u00fclt\u00fcrel miras\u0131n ve somut olmayan miras\u0131n tan\u0131t\u0131m\u0131ndaki katk\u0131lar\u0131ndan dolay\u0131 tebrik etmek istiyorum\u201d ifadelerini kulland\u0131.<br \/>\n<\/span><span style=\"font-family: arial, helvetica, sans-serif; font-size: 14px;\">Belediye Ba\u015fkan\u0131 Ergin\u2019in; Ayval\u0131k, Edremit ve Midilli\u2019deki bir\u00e7ok ortak unsuru yans\u0131tan k\u00fclt\u00fcrel miras\u0131n korunmas\u0131 ve baz\u0131lar\u0131n\u0131n restorasyonlar\u0131na y\u00f6nelik g\u00f6sterdi\u011fi \u00e7abalara her \u015feyden \u00f6nce bir Yunan vatanda\u015f\u0131 olarak te\u015fekk\u00fcr eden Kalloni Belediye Ba\u015fkan\u0131 Taxiarchis Verros, \u201cAyval\u0131k\u2019a gelen bir Yunan ziyaret\u00e7i, Ayval\u0131k halk\u0131ndan ve belediye y\u00f6netiminden gelen dostane atmosferi hemen hissediyor. Biz de belediye olarak, Osmanl\u0131 d\u00f6nemine ait eserlerin korunmas\u0131 ve tan\u0131t\u0131lmas\u0131 konusunda ad\u0131mlar att\u0131k. Bu miras\u0131 kendi zenginli\u011fimiz olarak g\u00f6r\u00fcyor ve koruyup tan\u0131tmay\u0131 bir g\u00f6rev olarak alg\u0131l\u0131yoruz\u201d dedi.<br \/>\n<\/span><span style=\"font-family: arial, helvetica, sans-serif; font-size: 14px;\">Ayval\u0131k\u2019\u0131n UNESCO D\u00fcnya Miras\u0131 Listesi\u2019ne girebilme e\u015fi\u011finde oldu\u011funu hat\u0131rlatan Ba\u015fkan Verros yapt\u0131\u011f\u0131 konu\u015fmada, Ayval\u0131k Belediye Ba\u015fkan\u0131 Mesut Ergin\u2019den \u00f6vg\u00fcyle s\u00f6z ederek, \u201cSay\u0131n Ba\u015fkan\u0131n UNESCO standartlar\u0131na uygun olarak somut ve somut olmayan k\u00fclt\u00fcrel miras\u0131n belgelenmesi ve kay\u0131t alt\u0131na al\u0131nmas\u0131 konusundaki \u00e7al\u0131\u015fmalar\u0131, Ege\u2019nin her iki taraf\u0131ndaki T\u00fcrk ve Yunan belediye ba\u015fkanlar\u0131 i\u00e7in bir rehber niteli\u011findedir. Ayr\u0131ca bu \u00e7al\u0131\u015fmalar, b\u00f6lgenin cazibesini artt\u0131rarak \u00fclkeler, b\u00f6lgeler ve \u015fehirleraras\u0131ndaki rekabet i\u00e7in de \u00f6nemli bir avantaj sa\u011fl\u0131yor\u201d diye konu\u015ftu.<br \/>\n<\/span><span style=\"font-family: arial, helvetica, sans-serif; font-size: 14px;\">Bal\u0131kesir B\u00fcy\u00fck\u015fehir Belediyesi \u00f6nc\u00fcl\u00fc\u011f\u00fcnde d\u00fczenlenen 5. Bal\u0131kesir Arkeoloji Bulu\u015fmalar\u0131 Sempozyumu\u2019nun konusunun kendisi i\u00e7in ayr\u0131 bir \u00f6neminin bulundu\u011funu anlatan Ba\u015fkan Verros, \u201cBu sempozyumun konusu arkeoloji oldu\u011fu i\u00e7in, bir arkeolog de\u011filim ama beni etkileyen iki \u00f6nemli noktay\u0131 payla\u015fmak isterim. Biyoloji ve felsefe bilimlerini kuran ve Bat\u0131 medeniyetlerinin temellerini atan Aristoteles, Edremit K\u00f6rfezi\u2019nin ucundaki Assos\u2019ta ve Kalloni K\u00f6rfezi\u2019nde ya\u015fam\u0131\u015f ve deneyler yapm\u0131\u015ft\u0131r. Ayr\u0131ca Yunanistan ve Bat\u0131 d\u00fcnyas\u0131ndaki ortak para birimlerinin ilk yaz\u0131l\u0131 anla\u015fmas\u0131 M.\u00d6. 7. y\u00fczy\u0131lda Midilli ve Fo\u00e7a \u015fehir devletleri aras\u0131nda yap\u0131lm\u0131\u015ft\u0131r\u201d dedi.<\/span><\/p>\n<p><span style=\"font-family: arial, helvetica, sans-serif; font-size: 14px;\">Ak\u0131n ve Ergin\u2019e te\u015fekk\u00fcr etti<br \/>\n<\/span><span style=\"font-family: arial, helvetica, sans-serif; font-size: 14px;\">Ayval\u0131k\u2019\u0131n ev sahipli\u011fi yapt\u0131\u011f\u0131 sempozyumun d\u00fczenlenmesine \u00f6nc\u00fcl\u00fck eden Bal\u0131kesir B\u00fcy\u00fck\u015fehir Belediye Ba\u015fkan\u0131 Ahmet Ak\u0131n ile Ayval\u0131k Belediye Ba\u015fkan\u0131 Mesut Ergin\u2019e te\u015fekk\u00fcr eden Taxiarchis Verros, Ege\u2019nin iki k\u0131y\u0131s\u0131n\u0131n iki dost \u00fclkesinin; somut ve somut olmayan k\u00fclt\u00fcrel miraslar\u0131n tan\u0131t\u0131m\u0131 gibi \u00e7e\u015fitli alanlarda b\u00f6lgedeki belediyeler ve yerel topluluklar olarak i\u015f birliklerinin yap\u0131labilece\u011fine de inand\u0131\u011f\u0131n\u0131 s\u00f6yledi.<\/span><\/p>\n","protected":false},"excerpt":{"rendered":"<p>Bal\u0131kesir\u2019in Ayval\u0131k il\u00e7esinde, Bal\u0131kesir B\u00fcy\u00fck\u015fehir Belediyesi \u00f6nc\u00fcl\u00fc\u011f\u00fcnde, Bal\u0131kesir Kent Konseyi, Bal\u0131kesir Valili\u011fi, Ayval\u0131k Belediyesi ve Bal\u0131kesir \u0130l K\u00fclt\u00fcr M\u00fcd\u00fcrl\u00fc\u011f\u00fc i\u015f<\/p>\n","protected":false},"author":3,"featured_media":27934,"comment_status":"open","ping_status":"open","sticky":false,"template":"","format":"standard","meta":{"colormag_page_container_layout":"default_layout","colormag_page_sidebar_layout":"default_layout","footnotes":""},"categories":[47,1,5,8],"tags":[],"class_list":["post-27933","post","type-post","status-publish","format-standard","has-post-thumbnail","hentry","category-dunya","category-genel","category-gundem","category-siyaset"],"_links":{"self":[{"href":"https:\/\/marmarayerelhizmet.com\/index.php\/wp-json\/wp\/v2\/posts\/27933","targetHints":{"allow":["GET"]}}],"collection":[{"href":"https:\/\/marmarayerelhizmet.com\/index.php\/wp-json\/wp\/v2\/posts"}],"about":[{"href":"https:\/\/marmarayerelhizmet.com\/index.php\/wp-json\/wp\/v2\/types\/post"}],"author":[{"embeddable":true,"href":"https:\/\/marmarayerelhizmet.com\/index.php\/wp-json\/wp\/v2\/users\/3"}],"replies":[{"embeddable":true,"href":"https:\/\/marmarayerelhizmet.com\/index.php\/wp-json\/wp\/v2\/comments?post=27933"}],"version-history":[{"count":0,"href":"https:\/\/marmarayerelhizmet.com\/index.php\/wp-json\/wp\/v2\/posts\/27933\/revisions"}],"wp:featuredmedia":[{"embeddable":true,"href":"https:\/\/marmarayerelhizmet.com\/index.php\/wp-json\/wp\/v2\/media\/27934"}],"wp:attachment":[{"href":"https:\/\/marmarayerelhizmet.com\/index.php\/wp-json\/wp\/v2\/media?parent=27933"}],"wp:term":[{"taxonomy":"category","embeddable":true,"href":"https:\/\/marmarayerelhizmet.com\/index.php\/wp-json\/wp\/v2\/categories?post=27933"},{"taxonomy":"post_tag","embeddable":true,"href":"https:\/\/marmarayerelhizmet.com\/index.php\/wp-json\/wp\/v2\/tags?post=27933"}],"curies":[{"name":"wp","href":"https:\/\/api.w.org\/{rel}","templated":true}]}}