{"id":27928,"date":"2024-12-15T11:14:38","date_gmt":"2024-12-15T08:14:38","guid":{"rendered":"https:\/\/marmarayerelhizmet.com\/?p=27928"},"modified":"2024-12-15T11:14:38","modified_gmt":"2024-12-15T08:14:38","slug":"avrupa-konseyinden-balikesire-odul","status":"publish","type":"post","link":"https:\/\/marmarayerelhizmet.com\/index.php\/2024\/12\/15\/avrupa-konseyinden-balikesire-odul\/","title":{"rendered":"Avrupa Konseyi\u2019nden Bal\u0131kesir\u2019e \u00d6d\u00fcl"},"content":{"rendered":"<p><strong><span style=\"font-family: arial, helvetica, sans-serif; font-size: 14px;\">Bal\u0131kesir B\u00fcy\u00fck\u015fehir Belediyesi\u2019nin; s\u00fcrd\u00fcr\u00fclebilir, duyarl\u0131, insan haklar\u0131n\u0131 \u00f6nceleyen y\u00f6netim anlay\u0131\u015f\u0131na Avrupa Konseyi\u2019nden \u00f6d\u00fcl geldi. \u201cAvrupa Y\u00f6neti\u015fim M\u00fckemmelli\u011fi Markas\u0131\u201dn\u0131 alan Bal\u0131kesir\u2019de belediyenin yapt\u0131\u011f\u0131 ba\u015far\u0131l\u0131 \u00e7al\u0131\u015fmalar uluslararas\u0131 bir otorite taraf\u0131ndan \u00f6d\u00fcle lay\u0131k g\u00f6r\u00fcld\u00fc.<\/span><\/strong><\/p>\n<p><span style=\"font-family: arial, helvetica, sans-serif; font-size: 14px;\">Avrupa Konseyi taraf\u0131ndan geli\u015ftirilen \u201cAvrupa Y\u00f6neti\u015fim M\u00fckemmelli\u011fi Markas\u0131\u201d \u00f6d\u00fclleri, Ankara\u2019da d\u00fczenlenen t\u00f6renle sahiplerini buldu. Yerel y\u00f6netimlerin kendi g\u00f6rev ve sorumluluklar\u0131n\u0131 demokratik ve s\u00fcrekli geli\u015ftirilebilir \u015fekilde g\u00fc\u00e7lenmesine hizmet eden Avrupa Y\u00f6neti\u015fim M\u00fckemmelli\u011fi Markas\u0131 (ELoGE) \u00f6d\u00fcl t\u00f6reni T\u00fcrkiye Belediyeler Birli\u011fi hizmet binas\u0131nda d\u00fczenlendi. Bal\u0131kesir B\u00fcy\u00fck\u015fehir Belediye Ba\u015fkan\u0131 Ahmet Ak\u0131n\u2019\u0131 temsilen \u00f6d\u00fcl t\u00f6renine Bal\u0131kesir B\u00fcy\u00fck\u015fehir Belediyesi Strateji Geli\u015ftirme Daire Ba\u015fkan\u0131 Zafer Alt\u0131karde\u015f kat\u0131larak \u00f6d\u00fcl\u00fc teslim ald\u0131. Avrupa \u00fclkelerinden 140 belediyeden 13\u2019\u00fc bu \u00f6d\u00fcl\u00fc almaya hak kazand\u0131.<\/span><\/p>\n<p><strong><span style=\"font-family: arial, helvetica, sans-serif; font-size: 14px;\">\u015eeffaf ve kat\u0131l\u0131mc\u0131 y\u00f6netim takdir g\u00f6rd\u00fc<br \/>\n<\/span><\/strong><span style=\"font-family: arial, helvetica, sans-serif; font-size: 14px;\">Avrupa Konseyi taraf\u0131ndan verilen 2024 y\u0131l\u0131 Avrupa Y\u00f6neti\u015fim M\u00fckemmelli\u011fi Markas\u0131\u2019na (ELoGE) lay\u0131k g\u00f6r\u00fclen 13 belediye a\u00e7\u0131kland\u0131. Yerel y\u00f6netimlerde iyi y\u00f6neti\u015fim k\u00fclt\u00fcr\u00fcn\u00fc temsil eden bu prestijli \u00f6d\u00fcl, bu y\u0131l 5 b\u00fcy\u00fck\u015fehir, 2 il ve 6 il\u00e7e belediyesine verildi. ELoGE, belediyelerin \u015feffafl\u0131k, kat\u0131l\u0131mc\u0131l\u0131k ve etkinlik gibi y\u00f6neti\u015fim ilkelerine ba\u011fl\u0131l\u0131klar\u0131n\u0131 simgeliyor. G\u00f6reve geldi\u011fi g\u00fcnden itibaren \u2018Halk i\u00e7in, halk\u00e7\u0131 y\u00f6netim\u2019 anlay\u0131\u015f\u0131 do\u011frultusunda projeleri hayata ge\u00e7iren Bal\u0131kesir B\u00fcy\u00fck\u015fehir Belediye Ba\u015fkan\u0131 Ahmet Ak\u0131n\u2019\u0131n; s\u00fcrd\u00fcr\u00fclebilir, \u015feffaf ve kat\u0131l\u0131mc\u0131 y\u00f6netim anlay\u0131\u015f\u0131 uluslararas\u0131 bir otorite taraf\u0131ndan \u00f6d\u00fcle lay\u0131k g\u00f6r\u00fcld\u00fc.<\/span><\/p>\n<p><strong><span style=\"font-family: arial, helvetica, sans-serif; font-size: 14px;\">Avrupa y\u00f6neti\u015fim m\u00fckemmelli\u011fi markas\u0131 (eloge) nedir?<br \/>\n<\/span><\/strong><span style=\"font-family: arial, helvetica, sans-serif; font-size: 14px;\">Avrupa Y\u00f6neti\u015fim M\u00fckemmelli\u011fi Markas\u0131 (ELoGE), yerel y\u00f6netimlerde iyi y\u00f6neti\u015fim anlay\u0131\u015f\u0131n\u0131 benimseyen ve bu do\u011frultuda s\u00fcrekli geli\u015fim taahh\u00fcd\u00fc veren belediyelere sunulan \u00f6zel bir \u00f6d\u00fcld\u00fcr. Avrupa Konseyi taraf\u0131ndan hayata ge\u00e7irilen bu marka, 2022 y\u0131l\u0131nda T\u00fcrkiye\u2019nin de dahil olmas\u0131yla birlikte, 46 Avrupa \u00fclkesinden 23\u2019\u00fcnde da\u011f\u0131t\u0131lmaya ba\u015flanm\u0131\u015ft\u0131r.<br \/>\n<\/span><span style=\"font-family: arial, helvetica, sans-serif; font-size: 14px;\">ELoGE, iyi y\u00f6neti\u015fim ilkelerinin kamu kurumlar\u0131nda k\u00f6k salmas\u0131n\u0131 sa\u011flamay\u0131, kalite standartlar\u0131n\u0131 art\u0131rmay\u0131 ve yenilik\u00e7i yakla\u015f\u0131mlar\u0131 te\u015fvik ederek yerel y\u00f6netimleri g\u00fc\u00e7lendirmeyi hedefler. Bu marka, belediyelerin \u015feffafl\u0131k, hesap verebilirlik ve kat\u0131l\u0131mc\u0131l\u0131k gibi temel de\u011ferlere ba\u011fl\u0131l\u0131klar\u0131n\u0131 uluslararas\u0131 d\u00fczeyde tescilleyen bir simge olarak \u00f6ne \u00e7\u0131k\u0131yor.<\/span><\/p>\n","protected":false},"excerpt":{"rendered":"<p>Bal\u0131kesir B\u00fcy\u00fck\u015fehir Belediyesi\u2019nin; s\u00fcrd\u00fcr\u00fclebilir, duyarl\u0131, insan haklar\u0131n\u0131 \u00f6nceleyen y\u00f6netim anlay\u0131\u015f\u0131na Avrupa Konseyi\u2019nden \u00f6d\u00fcl geldi. \u201cAvrupa Y\u00f6neti\u015fim M\u00fckemmelli\u011fi Markas\u0131\u201dn\u0131 alan Bal\u0131kesir\u2019de<\/p>\n","protected":false},"author":3,"featured_media":27929,"comment_status":"open","ping_status":"open","sticky":false,"template":"","format":"standard","meta":{"colormag_page_container_layout":"default_layout","colormag_page_sidebar_layout":"default_layout","footnotes":""},"categories":[1,5,8],"tags":[],"class_list":["post-27928","post","type-post","status-publish","format-standard","has-post-thumbnail","hentry","category-genel","category-gundem","category-siyaset"],"_links":{"self":[{"href":"https:\/\/marmarayerelhizmet.com\/index.php\/wp-json\/wp\/v2\/posts\/27928","targetHints":{"allow":["GET"]}}],"collection":[{"href":"https:\/\/marmarayerelhizmet.com\/index.php\/wp-json\/wp\/v2\/posts"}],"about":[{"href":"https:\/\/marmarayerelhizmet.com\/index.php\/wp-json\/wp\/v2\/types\/post"}],"author":[{"embeddable":true,"href":"https:\/\/marmarayerelhizmet.com\/index.php\/wp-json\/wp\/v2\/users\/3"}],"replies":[{"embeddable":true,"href":"https:\/\/marmarayerelhizmet.com\/index.php\/wp-json\/wp\/v2\/comments?post=27928"}],"version-history":[{"count":0,"href":"https:\/\/marmarayerelhizmet.com\/index.php\/wp-json\/wp\/v2\/posts\/27928\/revisions"}],"wp:featuredmedia":[{"embeddable":true,"href":"https:\/\/marmarayerelhizmet.com\/index.php\/wp-json\/wp\/v2\/media\/27929"}],"wp:attachment":[{"href":"https:\/\/marmarayerelhizmet.com\/index.php\/wp-json\/wp\/v2\/media?parent=27928"}],"wp:term":[{"taxonomy":"category","embeddable":true,"href":"https:\/\/marmarayerelhizmet.com\/index.php\/wp-json\/wp\/v2\/categories?post=27928"},{"taxonomy":"post_tag","embeddable":true,"href":"https:\/\/marmarayerelhizmet.com\/index.php\/wp-json\/wp\/v2\/tags?post=27928"}],"curies":[{"name":"wp","href":"https:\/\/api.w.org\/{rel}","templated":true}]}}