{"id":27925,"date":"2024-12-15T11:12:34","date_gmt":"2024-12-15T08:12:34","guid":{"rendered":"https:\/\/marmarayerelhizmet.com\/?p=27925"},"modified":"2024-12-15T11:12:34","modified_gmt":"2024-12-15T08:12:34","slug":"baskan-akin-ciftetelli-oynadi","status":"publish","type":"post","link":"https:\/\/marmarayerelhizmet.com\/index.php\/2024\/12\/15\/baskan-akin-ciftetelli-oynadi\/","title":{"rendered":"Ba\u015fkan Ak\u0131n \u00c7iftetelli Oynad\u0131"},"content":{"rendered":"<p><strong><span style=\"font-family: arial, helvetica, sans-serif; font-size: 14px;\">Mahalle ziyaretleri kapsam\u0131nda vatanda\u015flarla bir araya gelen Bal\u0131kesir B\u00fcy\u00fck\u015fehir Belediye Ba\u015fkan\u0131 Ahmet Ak\u0131n, bu bulu\u015fmalara \u00e7ok \u00f6nem verdi\u011fini dile getirirken, \u201c\u00c7al\u0131nmad\u0131k kap\u0131 ve gidilmedik k\u00f6y b\u0131rakmayaca\u011f\u0131z. Bunu da herkes g\u00f6recek. Halk\u0131m\u0131z\u0131n sorunlar\u0131n\u0131 halk\u0131m\u0131z\u0131n bizzat kendisinden dinleyece\u011fiz. \u00c7\u00f6z\u00fcm \u00fcretece\u011fiz\u201d dedi.<\/span><\/strong><\/p>\n<p><span style=\"font-family: arial, helvetica, sans-serif; font-size: 14px;\">Sorunlar\u0131 yerinde ve birebir vatanda\u015f\u0131n a\u011fz\u0131ndan dinleyen Bal\u0131kesir B\u00fcy\u00fck\u015fehir Belediye Ba\u015fkan\u0131 Ahmet Ak\u0131n, mahalle ziyaretlerine ara vermeden devam ediyor. Alt\u0131eyl\u00fcl il\u00e7esine ba\u011fl\u0131 Karamank\u00f6y, K\u00f6yl\u00fck\u00f6y, Bal\u0131kl\u0131 ve \u00c7and\u0131r mahallelerini ziyaret eden Ak\u0131n\u2019a, Alt\u0131eyl\u00fcl Belediye Ba\u015fkan\u0131 Hakan \u015eehirli, genel sekreter yard\u0131mc\u0131lar\u0131, daire ba\u015fkanlar\u0131, m\u00fcd\u00fcrler ve mahalle muhtarlar\u0131 e\u015flik etti. Ak\u0131n\u2019\u0131n ilk dura\u011f\u0131 Karamank\u00f6y oldu. Burada Bal\u0131kesir\u2019den Burdur\u2019a askere gidecek olan Seymen Arslan i\u00e7in d\u00fczenlenen u\u011furlama t\u00f6renine kat\u0131ld\u0131. Asker aday\u0131 Arslan ve ailesi ile \u00e7iftetelli oynayan Ak\u0131n, kendisine vatani g\u00f6revinde hay\u0131rl\u0131 teskereler diledi.<\/span><\/p>\n<p><strong><span style=\"font-family: arial, helvetica, sans-serif; font-size: 14px;\">\u201cBa\u015fkan\u0131m, aya\u011f\u0131n u\u011furlu geldi\u201d<br \/>\n<\/span><\/strong><span style=\"font-family: arial, helvetica, sans-serif; font-size: 14px;\">Karamank\u00f6y\u2019den sonra K\u00f6yl\u00fck\u00f6y\u2019e ge\u00e7en Ak\u0131n, burada kahvehaneleri ziyaret ederek vatanda\u015flar\u0131 selamlad\u0131. Vatanda\u015flar\u0131n ma\u00e7 heyecan\u0131na da ortak olan Ak\u0131n ve izleyiciler aras\u0131nda renkli diyaloglar ya\u015fand\u0131. Kahvehane giri\u015fi esnas\u0131nda mahalle sakinlerinin destekledi\u011fi tak\u0131m\u0131n gol atmas\u0131 \u00fczerine vatanda\u015flar Ak\u0131n\u2019a \u201cBa\u015fkan\u0131m, aya\u011f\u0131n u\u011furlu geldi\u201d dedi. Arac\u0131yla ge\u00e7en vatanda\u015flara da selam veren Ak\u0131n, \u00e7ocuklara da top ve oyuncak hediye etti. Sistemin oturdu\u011funu ifade eden Ak\u0131n, bundan sonra hep sokakta vatanda\u015flarla bir araya gelece\u011fini s\u00f6yledi. \u201cYeni ba\u015flad\u0131k\u201d diyen Ak\u0131n, hizmet anlay\u0131\u015f\u0131nda partizanl\u0131\u011fa asla yer olmad\u0131\u011f\u0131n\u0131 vurgulad\u0131. Alt\u0131eyl\u00fcl Belediye Ba\u015fkan\u0131 Hakan \u015eehirli ile el ele vererek k\u00f6ylerin ve mahallelerin altyap\u0131 ve \u00fcstyap\u0131 sorunlar\u0131n\u0131 \u00e7\u00f6zeceklerini ve yeni projeleri hayata katacaklar\u0131n\u0131 ifade etti.<\/span><\/p>\n<p><strong><span style=\"font-family: arial, helvetica, sans-serif; font-size: 14px;\">Herkesin tercih etti\u011fi il olacak<br \/>\n<\/span><\/strong><span style=\"font-family: arial, helvetica, sans-serif; font-size: 14px;\">Ba\u015fkan Ak\u0131n, Bal\u0131kl\u0131 k\u00f6y\u00fc giri\u015finde mahalle sakinleri taraf\u0131ndan trakt\u00f6rlerle kar\u015f\u0131land\u0131. Vatanda\u015flar\u0131n trakt\u00f6r\u00fc kendisinin kullanmas\u0131n\u0131 istemesi \u00fczerine direksiyon ba\u015f\u0131na ge\u00e7en Ba\u015fkan Ak\u0131n i\u00e7in meydanda me\u015faleler yak\u0131ld\u0131. Davul zurna e\u015fli\u011finde \u201c\u0130zmir Mar\u015f\u0131\u201d \u00e7al\u0131nd\u0131. Mahalle sakinlerinin yo\u011fun ilgisi ve sevgi g\u00f6sterileriyle kar\u015f\u0131la\u015fan Ak\u0131n, kahvehanede vatanda\u015flarla isti\u015fare etti. K\u00f6ylerin eksiklerini tamamlamaya ve yeni projeleri hayata ge\u00e7irmeye ba\u015flad\u0131klar\u0131n\u0131 ifade eden Ak\u0131n, \u201cBir anda hepsi olmuyor ama par\u00e7a par\u00e7a hepsini hayata ge\u00e7irece\u011fiz. Yak\u0131n \u00c7\u00f6z\u00fcm ekibimiz, kap\u0131 kap\u0131 dola\u015f\u0131p sorunlar\u0131 vatanda\u015f\u0131m\u0131zdan dinliyor. K\u00f6ylerin sorunlar\u0131n\u0131, eksiklerini ve taleplerini bizler, ziyaretlerimizde dinliyoruz. Bal\u0131kesir\u2019i \u00f6yle g\u00fczel bir kent yapaca\u011f\u0131z ki herkes buraya g\u00f6\u00e7 etmek isteyecek. \u00c7\u00fcnk\u00fc b\u00fcy\u00fck kentlerde ya\u015fam maliyeti \u00e7ok y\u00fckseldi. Bizim amac\u0131m\u0131z da insan\u0131m\u0131z\u0131n topra\u011f\u0131na d\u00f6nmesi. Topra\u011f\u0131na k\u00fcsmemesi. K\u00fcsenlerin de geri d\u00f6nmesini sa\u011flamak\u201d dedi. Son olarak \u00c7and\u0131rl\u0131 k\u00f6y\u00fcn\u00fc ziyaret eden Ak\u0131n, esnaf\u0131 ve kahvehaneleri ziyaret etti. K\u00f6yden ayr\u0131l\u0131rken k\u00f6y\u00fcn gen\u00e7leri Ba\u015fkan Ak\u0131n ve Ba\u015fkan \u015eehirli\u2019yi \u00e7iftetelli oynamaya davet etti. Ba\u015fkan ve ekibi, davul zurna e\u015fli\u011finde u\u011furland\u0131.<\/span><\/p>\n<p><strong><span style=\"font-family: arial, helvetica, sans-serif; font-size: 14px;\">\u201cAhmet Ba\u015fkan her zaman yan\u0131m\u0131zda\u201d<br \/>\n<\/span><\/strong><span style=\"font-family: arial, helvetica, sans-serif; font-size: 14px;\">Ziyaretlerde a\u00e7\u0131klamalarda bulunan Ba\u015fkan \u015eehirli, &#8220;Se\u00e7im zaman\u0131 Ahmet Ba\u015fkan\u0131m ile gezerken bizler size sadece se\u00e7imden se\u00e7ime de\u011fil, her zaman yan\u0131n\u0131zda olaca\u011f\u0131z demi\u015ftik. Ve yine dedi\u011fimiz gibi, merkez bizim i\u00e7in ne ise k\u0131rsal mahallelerimiz de bizim i\u00e7in odur&#8221; dedi.<\/span><\/p>\n<p>&nbsp;<\/p>\n","protected":false},"excerpt":{"rendered":"<p>Mahalle ziyaretleri kapsam\u0131nda vatanda\u015flarla bir araya gelen Bal\u0131kesir B\u00fcy\u00fck\u015fehir Belediye Ba\u015fkan\u0131 Ahmet Ak\u0131n, bu bulu\u015fmalara \u00e7ok \u00f6nem verdi\u011fini dile getirirken,<\/p>\n","protected":false},"author":3,"featured_media":27926,"comment_status":"open","ping_status":"open","sticky":false,"template":"","format":"standard","meta":{"colormag_page_container_layout":"default_layout","colormag_page_sidebar_layout":"default_layout","footnotes":""},"categories":[1,5,8],"tags":[],"class_list":["post-27925","post","type-post","status-publish","format-standard","has-post-thumbnail","hentry","category-genel","category-gundem","category-siyaset"],"_links":{"self":[{"href":"https:\/\/marmarayerelhizmet.com\/index.php\/wp-json\/wp\/v2\/posts\/27925","targetHints":{"allow":["GET"]}}],"collection":[{"href":"https:\/\/marmarayerelhizmet.com\/index.php\/wp-json\/wp\/v2\/posts"}],"about":[{"href":"https:\/\/marmarayerelhizmet.com\/index.php\/wp-json\/wp\/v2\/types\/post"}],"author":[{"embeddable":true,"href":"https:\/\/marmarayerelhizmet.com\/index.php\/wp-json\/wp\/v2\/users\/3"}],"replies":[{"embeddable":true,"href":"https:\/\/marmarayerelhizmet.com\/index.php\/wp-json\/wp\/v2\/comments?post=27925"}],"version-history":[{"count":0,"href":"https:\/\/marmarayerelhizmet.com\/index.php\/wp-json\/wp\/v2\/posts\/27925\/revisions"}],"wp:featuredmedia":[{"embeddable":true,"href":"https:\/\/marmarayerelhizmet.com\/index.php\/wp-json\/wp\/v2\/media\/27926"}],"wp:attachment":[{"href":"https:\/\/marmarayerelhizmet.com\/index.php\/wp-json\/wp\/v2\/media?parent=27925"}],"wp:term":[{"taxonomy":"category","embeddable":true,"href":"https:\/\/marmarayerelhizmet.com\/index.php\/wp-json\/wp\/v2\/categories?post=27925"},{"taxonomy":"post_tag","embeddable":true,"href":"https:\/\/marmarayerelhizmet.com\/index.php\/wp-json\/wp\/v2\/tags?post=27925"}],"curies":[{"name":"wp","href":"https:\/\/api.w.org\/{rel}","templated":true}]}}