{"id":27915,"date":"2024-12-13T19:30:51","date_gmt":"2024-12-13T16:30:51","guid":{"rendered":"https:\/\/marmarayerelhizmet.com\/?p=27915"},"modified":"2024-12-13T19:30:51","modified_gmt":"2024-12-13T16:30:51","slug":"altin-karincadan-balikesire-odul","status":"publish","type":"post","link":"https:\/\/marmarayerelhizmet.com\/index.php\/2024\/12\/13\/altin-karincadan-balikesire-odul\/","title":{"rendered":"Alt\u0131n Kar\u0131nca\u2019dan, Bal\u0131kesir\u2019e \u00d6d\u00fcl"},"content":{"rendered":"<p><strong><span style=\"font-family: arial, helvetica, sans-serif; font-size: 14px;\">Bal\u0131kesir B\u00fcy\u00fck\u015fehir Belediyesi\u2019nin; Ege ve Marmara Denizlerinde kapsaml\u0131 olarak ger\u00e7ekle\u015ftirdi\u011fi hayalet a\u011flar ve di\u011fer at\u0131klar\u0131 temizleme m\u00fccadelesi, Alt\u0131n Kar\u0131nca \u00d6d\u00fclleri\u2019nden \u2018\u0130klim De\u011fi\u015fikli\u011fi ve \u00c7evre Y\u00f6netimi Kategorisi\u2019nde en iyi \u00f6rnekler aras\u0131nda g\u00f6sterilerek \u00f6d\u00fcle lay\u0131k g\u00f6r\u00fcld\u00fc.<\/span><\/strong><\/p>\n<p><span style=\"font-family: arial, helvetica, sans-serif; font-size: 14px;\">Marmara Belediyeleri taraf\u0131ndan d\u00fczenlenen; s\u00fcrd\u00fcr\u00fclebilir \u015fehir ya\u015fam\u0131na katk\u0131da bulunmak \u00fczere iyi uygulama \u00f6rneklerinin tan\u0131t\u0131lmas\u0131n\u0131 ve yayg\u0131nla\u015ft\u0131r\u0131lmas\u0131n\u0131 ama\u00e7layan Alt\u0131n Kar\u0131nca \u00d6d\u00fclleri\u2019nde, Bal\u0131kesir B\u00fcy\u00fck\u015fehir Belediyesi \u00f6d\u00fcle lay\u0131k g\u00f6r\u00fcld\u00fc. \u201cDenizler gelece\u011fimizin teminat\u0131d\u0131r.\u201d mottosuyla hareket eden Bal\u0131kesir B\u00fcy\u00fck\u015fehir Belediyesi K\u0131rsal Hizmetler Dairesi Ba\u015fkanl\u0131\u011f\u0131n\u0131n; Ege ve Marmara Denizlerinde kapsaml\u0131 olarak ger\u00e7ekle\u015ftirdi\u011fi hayalet a\u011flar ve di\u011fer at\u0131klar\u0131 temizleme m\u00fccadelesi \u2018\u0130klim De\u011fi\u015fikli\u011fi ve \u00c7evre Y\u00f6netimi Kategorisi\u2019nde en iyi \u00f6rneklerden biri olarak g\u00f6sterildi. \u0130stanbul\u2019da d\u00fczenlenen \u00f6d\u00fcl t\u00f6renine; Bal\u0131kesir B\u00fcy\u00fck\u015fehir Belediye Ba\u015fkan\u0131 Ahmet Ak\u0131n ad\u0131na K\u0131rsal Hizmetler Dairesi Ba\u015fkan\u0131 G\u00fclnaz \u00c7elikyurt Uzuner kat\u0131larak \u00f6d\u00fcl\u00fc, MBB ve Bursa B\u00fcy\u00fck\u015fehir Belediye Ba\u015fkan\u0131 Mustafa Bozbey\u2019in elinden ald\u0131.<\/span><\/p>\n<p><strong><span style=\"font-family: arial, helvetica, sans-serif; font-size: 14px;\">En dikkat \u00e7eken \u00f6d\u00fcllerden oldu<br \/>\n<\/span><\/strong><span style=\"font-family: arial, helvetica, sans-serif; font-size: 14px;\">\u0130klim de\u011fi\u015fikli\u011finden k\u00fclt\u00fcr sanata, ula\u015f\u0131mdan afet y\u00f6netimine 10 kategoride 40 belediyeden 55 projenin \u00f6d\u00fcle lay\u0131k g\u00f6r\u00fcld\u00fc\u011f\u00fc t\u00f6rende \u00f6d\u00fcl alan en iyi projelerden biri olarak g\u00f6sterilen Ege ve Marmara Denizlerinde kapsaml\u0131 olarak ger\u00e7ekle\u015ftirdi\u011fi hayalet a\u011flar ve di\u011fer at\u0131klar\u0131 temizleme projesi sadece Bal\u0131kesir\u2019i de\u011fil, kapsam\u0131 bak\u0131m\u0131ndan bir\u00e7ok \u015fehri de do\u011frudan olumlu olarak etkilemesiyle dikkat \u00e7ekti.<\/span><\/p>\n<p><strong><span style=\"font-family: arial, helvetica, sans-serif; font-size: 14px;\">T\u00fcrkiye\u2019nin en \u00e7ok hayalet a\u011f temizleyen ekibi<br \/>\n<\/span><\/strong><span style=\"font-family: arial, helvetica, sans-serif; font-size: 14px;\">Konu hakk\u0131nda bilgi veren K\u0131rsal Hizmetler Dairesi Ba\u015fkan\u0131 G\u00fclnaz \u00c7elikyurt Uzuner, Bal\u0131kesir B\u00fcy\u00fck\u015fehir Belediye Ba\u015fkan\u0131 Ahmet Ak\u0131n\u2019\u0131n \u00f6nderli\u011finde \u00c7anakkale Onsekiz Mart \u00dcniversitesi ile yap\u0131lan protokol\u00fcn s\u00fcresinin 5 y\u0131l daha uzat\u0131ld\u0131\u011f\u0131n\u0131 belirtti. Ege ve Marmara Denizlerinde \u201cT\u00fcrkiye\u2019nin en \u00e7ok hayalet a\u011f temizleyen ekibini\u201d olu\u015fturduklar\u0131n\u0131 s\u00f6zlerine ekleyen \u00c7elikyurt Uzuner, Marmara Denizi\u2019ne k\u0131y\u0131s\u0131 olan t\u00fcm belediyelerle i\u015f birli\u011fi yap\u0131larak t\u00fcm Marmara\u2019y\u0131 hayalet a\u011flardan ar\u0131nd\u0131rabilecek kapasitede olduklar\u0131n\u0131n alt\u0131n\u0131 \u00e7izdi.<\/span><\/p>\n<p><strong><span style=\"font-family: arial, helvetica, sans-serif; font-size: 14px;\">Hayalet a\u011f nedir?<br \/>\n<\/span><\/strong><span style=\"font-family: arial, helvetica, sans-serif; font-size: 14px;\">Hayalet a\u011flar olarak bilinen; terk edilmi\u015f, kaybolmu\u015f ya da at\u0131lm\u0131\u015f bal\u0131k a\u011flar\u0131; deniz taban\u0131n\u0131 kaplamakta, denizalt\u0131ndaki yabani hayvanlar\u0131n kapana k\u0131s\u0131lmalar\u0131na ve bo\u011fulmalar\u0131na neden olmakta, denizcilik ve bal\u0131k\u00e7\u0131l\u0131k ekonomisini tehlikeye atmaktad\u0131r. K\u00fcresel olarak, deniz memelilerinin y\u00fczde 45\u2019i, deniz ku\u015flar\u0131n\u0131n y\u00fczde 25\u2019i ve t\u00fcm deniz kaplumba\u011fas\u0131 t\u00fcrleri hayalet a\u011flar da d\u00e2hil olmak \u00fczere denizel at\u0131klardan etkilenmi\u015f durumdad\u0131r.<\/span><\/p>\n","protected":false},"excerpt":{"rendered":"<p>Bal\u0131kesir B\u00fcy\u00fck\u015fehir Belediyesi\u2019nin; Ege ve Marmara Denizlerinde kapsaml\u0131 olarak ger\u00e7ekle\u015ftirdi\u011fi hayalet a\u011flar ve di\u011fer at\u0131klar\u0131 temizleme m\u00fccadelesi, Alt\u0131n Kar\u0131nca \u00d6d\u00fclleri\u2019nden<\/p>\n","protected":false},"author":3,"featured_media":27916,"comment_status":"open","ping_status":"open","sticky":false,"template":"","format":"standard","meta":{"colormag_page_container_layout":"default_layout","colormag_page_sidebar_layout":"default_layout","footnotes":""},"categories":[1,5,7,8],"tags":[],"class_list":["post-27915","post","type-post","status-publish","format-standard","has-post-thumbnail","hentry","category-genel","category-gundem","category-saglik","category-siyaset"],"_links":{"self":[{"href":"https:\/\/marmarayerelhizmet.com\/index.php\/wp-json\/wp\/v2\/posts\/27915","targetHints":{"allow":["GET"]}}],"collection":[{"href":"https:\/\/marmarayerelhizmet.com\/index.php\/wp-json\/wp\/v2\/posts"}],"about":[{"href":"https:\/\/marmarayerelhizmet.com\/index.php\/wp-json\/wp\/v2\/types\/post"}],"author":[{"embeddable":true,"href":"https:\/\/marmarayerelhizmet.com\/index.php\/wp-json\/wp\/v2\/users\/3"}],"replies":[{"embeddable":true,"href":"https:\/\/marmarayerelhizmet.com\/index.php\/wp-json\/wp\/v2\/comments?post=27915"}],"version-history":[{"count":0,"href":"https:\/\/marmarayerelhizmet.com\/index.php\/wp-json\/wp\/v2\/posts\/27915\/revisions"}],"wp:featuredmedia":[{"embeddable":true,"href":"https:\/\/marmarayerelhizmet.com\/index.php\/wp-json\/wp\/v2\/media\/27916"}],"wp:attachment":[{"href":"https:\/\/marmarayerelhizmet.com\/index.php\/wp-json\/wp\/v2\/media?parent=27915"}],"wp:term":[{"taxonomy":"category","embeddable":true,"href":"https:\/\/marmarayerelhizmet.com\/index.php\/wp-json\/wp\/v2\/categories?post=27915"},{"taxonomy":"post_tag","embeddable":true,"href":"https:\/\/marmarayerelhizmet.com\/index.php\/wp-json\/wp\/v2\/tags?post=27915"}],"curies":[{"name":"wp","href":"https:\/\/api.w.org\/{rel}","templated":true}]}}