{"id":27912,"date":"2024-12-12T18:21:53","date_gmt":"2024-12-12T15:21:53","guid":{"rendered":"https:\/\/marmarayerelhizmet.com\/?p=27912"},"modified":"2024-12-12T18:21:53","modified_gmt":"2024-12-12T15:21:53","slug":"5-balikesir-arkeolojik-bulusmalari-basladi","status":"publish","type":"post","link":"https:\/\/marmarayerelhizmet.com\/index.php\/2024\/12\/12\/5-balikesir-arkeolojik-bulusmalari-basladi\/","title":{"rendered":"5. Bal\u0131kesir Arkeolojik Bulu\u015fmalar\u0131 Ba\u015flad\u0131"},"content":{"rendered":"<p><strong><span style=\"font-family: arial, helvetica, sans-serif;\">Ayval\u0131k&#8217;ta; Bal\u0131kesir B\u00fcy\u00fck\u015fehir Belediyesi \u00f6nc\u00fcl\u00fc\u011f\u00fcnde, Bal\u0131kesir Kent Konseyi, Bal\u0131kesir Valili\u011fi, Ayval\u0131k Belediyesi ve Bal\u0131kesir \u0130l K\u00fclt\u00fcr M\u00fcd\u00fcrl\u00fc\u011f\u00fc i\u015fbirli\u011fiyle d\u00fczenlenen Bal\u0131kesir Arkeoloji Bulu\u015fmalar\u0131 Sempozyumu ba\u015flad\u0131.<\/span><\/strong><\/p>\n<p><span style=\"font-family: arial, helvetica, sans-serif;\">Tarih boyunca \u00e7e\u015fitli k\u00fclt\u00fcr ve medeniyetlere ev sahipli\u011fi yapm\u0131\u015f olan Bal\u0131kesir\u2019in y\u00fcksek k\u00fclt\u00fcrel potansiyelini ortaya \u00e7\u0131karmak i\u00e7in \u201cMythos\u2019tan Logos\u2019a K\u0131y\u0131lar ve Adalar, Edremit K\u00f6rfezi\u2019nin \u00dc\u00e7 Yakas\u0131\u201d konusuyla d\u00fczenlenen sempozyum Ayval\u0131k\u2019\u0131n K\u00fc\u00e7\u00fckk\u00f6y Mahallesi\u2019ndeki Ayval\u0131k Belediyesi\u2019ne ait K\u00fc\u00e7\u00fckk\u00f6y Halil Ba\u015fyazgan Cumhuriyet K\u00fclt\u00fcr Merkezi\u2019nde saat 10.00\u2019da ba\u015flad\u0131.<br \/>\n<\/span><span style=\"font-family: arial, helvetica, sans-serif;\">Sayg\u0131 duru\u015fu ve \u0130stiklal Mar\u015f\u0131\u2019n\u0131n bir a\u011f\u0131zdan seslendirilmesiyle ba\u015flayan sempozyum hakk\u0131nda bilgilendirmelerde bulunan Edremit Kent Konseyi Ba\u015fkan\u0131 Prof. Dr. Abdullah \u00d6zkan, Ayval\u0131k\u2019ta d\u00fczenlenen arkeoloji bulu\u015fmalar\u0131n\u0131n be\u015fincisinin organize edildi\u011fini s\u00f6yledi.<br \/>\n<\/span><span style=\"font-family: arial, helvetica, sans-serif;\">Sempozyum a\u00e7\u0131l\u0131\u015f\u0131nda konu\u015fan Ayval\u0131k Belediye Ba\u015fkan\u0131 Mesut Ergin, Bal\u0131kesir\u2019de Arkeolojik Bulu\u015fmalar sempozyumlar\u0131n\u0131n be\u015fincisine ev sahipli\u011fi yapmaktan duydu\u011fu memnuniyeti ifade etti.<br \/>\n<\/span><span style=\"font-family: arial, helvetica, sans-serif;\">Bal\u0131kesir il\u00e7eleri ve Ayval\u0131k\u2019\u0131 da i\u00e7ine alan K\u00f6rfez B\u00f6lgesi\u2019nin \u00e7ok yo\u011fun ve nitelikli arkeolojik alanlar\u0131 kapsayan \u00f6nemli bir co\u011frafya oldu\u011funa i\u015faret eden Ba\u015fkan Ergin, \u201cSon y\u0131llarda Band\u0131rma, Alt\u0131noluk, Erdek, Burhaniye ve \u00d6ren gibi Bal\u0131kesir\u2019in bir\u00e7ok yerle\u015fiminde kaz\u0131 ve y\u00fczey ara\u015ft\u0131rmalar\u0131 \u00e7al\u0131\u015fmalar\u0131 ger\u00e7ekle\u015ftiriliyor. Bu \u00e7al\u0131\u015fmalar\u0131n s\u00fcrd\u00fcr\u00fclebilir olmas\u0131, yeni \u00f6ren yerlerinin tespit edilmesi ve kaz\u0131 s\u00fcre\u00e7lerinin ba\u015flat\u0131lmas\u0131, bu kaz\u0131 sonu\u00e7lar\u0131n\u0131n, t\u0131pk\u0131 bug\u00fcn bizleri bir araya getiren Bal\u0131kesir Arkeoloji Bulu\u015fmalar\u0131nda oldu\u011fu gibi, bizlerle payla\u015f\u0131lmas\u0131 b\u00f6lge tarihimizi ayd\u0131nlat\u0131lmas\u0131 a\u00e7\u0131s\u0131ndan son derece \u00f6nemlidir. Ayval\u0131k 2017 y\u0131l\u0131ndan beri End\u00fcstriyel Peyzaj Ba\u015fl\u0131\u011f\u0131 ile UNESCO D\u00fcnya Miras\u0131 ge\u00e7ici listesinde yer almaktad\u0131r. Ayval\u0131k\u2019\u0131n bu listede yer almas\u0131 Bal\u0131kesir ilinde tek ve ilk d\u00fcnya miras\u0131 aday\u0131 varl\u0131\u011f\u0131n oldu\u011fu anlam\u0131na da geliyor. B\u00f6yle bir misyonu ta\u015f\u0131d\u0131\u011f\u0131m\u0131z i\u00e7in de \u00e7ok mutluyuz, heyecanl\u0131y\u0131z\u201d diye konu\u015ftu.<br \/>\n<\/span><span style=\"font-family: arial, helvetica, sans-serif;\">A\u00e7\u0131l\u0131\u015fta konu\u015fan Bal\u0131kesir B\u00fcy\u00fck\u015fehir Belediye Ba\u015fkan\u0131 Ahmet Ak\u0131n ise, Bal\u0131kesir\u2019deki antik kentlerin yeniden g\u00fcn y\u00fcz\u00fcne kavu\u015fturulmas\u0131 ve bu tarihi kentlerin d\u00fcnyaya tan\u0131t\u0131lmas\u0131n\u0131n \u00f6nemine dikkat \u00e7ekti.<br \/>\n<\/span><span style=\"font-family: arial, helvetica, sans-serif;\">D\u00fczenledikleri sempozyumunun arkeolojik kaz\u0131lar\u0131n ard\u0131ndan ortaya \u00e7\u0131kacak olan tarihi eserlerin Bal\u0131kesir\u2019in tarih boyu b\u00fcy\u00fck medeniyetlere ev sahipli\u011fi yapm\u0131\u015f oldu\u011funu g\u00f6zler \u00f6n\u00fcne serece\u011fini savunan Ahmet Ak\u0131n, bunun yan\u0131 s\u0131ra tarihi de\u011ferlerin gelece\u011fe aktar\u0131lmas\u0131na da katk\u0131 verebilmenin gururunu ya\u015fad\u0131klar\u0131n\u0131 kaydetti.<br \/>\n<\/span><span style=\"font-family: arial, helvetica, sans-serif;\">Ayval\u0131k ba\u015fta olmak \u00fczere il genelindeki tarihi ve do\u011fal g\u00fczelliklerini \u00f6ne \u00e7\u0131kararak Bal\u0131kesir\u2019i turizm ve cazibe merkezi olabilmesi i\u00e7in \u00e7al\u0131\u015fmalar\u0131n s\u00fcrece\u011fini vurgulayan Ba\u015fkan Ak\u0131n, bu organizasyonun hayata ge\u00e7irilmesinde destek veren Ayval\u0131k Belediye Ba\u015fkan\u0131 Mesut Ergin\u2019in yan\u0131 s\u0131ra Bal\u0131kesir ve il\u00e7elerdeki kent konseyleri, bilim adamlar\u0131 ve organizasyonda eme\u011fi ge\u00e7en herkese te\u015fekk\u00fcr etti.<br \/>\n<\/span><span style=\"font-family: arial, helvetica, sans-serif;\">Moderat\u00f6rl\u00fc\u011f\u00fcn\u00fc Prof. Dr. Abdullah Soykan\u2019\u0131n \u00fcstlendi\u011fi, \u0130stanbul \u00dcniversitesi Em. \u00d6\u011fretim G\u00f6revlisi Mehmet \u00d6zdo\u011fan\u2019\u0131n, \u201cGe\u00e7mi\u015fi Gelece\u011fe aktarmak- Arkeolojinin Temelleri ve Politikalar\u0131\u201d ile Arkeoloji ve Sanat Yay\u0131nlar\u0131 \u0130mtiyaz Sahibi- Yazar Nezih Ba\u015fgelen\u2019in \u201cAtat\u00fcrk D\u00f6neminde Eski Eserler, M\u00fczeler ve Arkeoloji\u201d ba\u015fl\u0131klar\u0131yla bir a\u00e7\u0131k oturum ger\u00e7ekle\u015fmesinin ard\u0131ndan Arpanatolia m\u00fczik grubunun verdi\u011fi mini konserin ard\u0131ndan sempozyumun etab\u0131 sona erdi.<br \/>\n<\/span><span style=\"font-family: arial, helvetica, sans-serif;\">14 Aral\u0131k\u2019a kadar s\u00fcrecek olan sempozyumda \u00f6nemi bilim adamlar\u0131n\u0131n Bal\u0131kesir\u2019in Arkeolojisi ve sanat tarihi ile ilgili kat\u0131l\u0131mc\u0131lara bilgiler verece\u011fi \u00f6\u011frenildi.<br \/>\n<\/span><span style=\"font-family: arial, helvetica, sans-serif;\">Sempozyumun ilk g\u00fcn\u00fcndeki programda; Bal\u0131kesir B\u00fcy\u00fck\u015fehir Belediye Ba\u015fkan\u0131 Ahmet Ak\u0131n, Ayval\u0131k Belediye Ba\u015fkan\u0131 Mesut Ergin, Bal\u0131kesir, Edremit, Ayval\u0131k Kent Konseyleri y\u00f6neticileri, akademisyenleri, \u00f6\u011fretim g\u00f6revlileri, \u00f6\u011frenciler ve kalabal\u0131k bir vatanda\u015f toplulu\u011fu haz\u0131r bulundu.<\/span><\/p>\n","protected":false},"excerpt":{"rendered":"<p>Ayval\u0131k&#8217;ta; Bal\u0131kesir B\u00fcy\u00fck\u015fehir Belediyesi \u00f6nc\u00fcl\u00fc\u011f\u00fcnde, Bal\u0131kesir Kent Konseyi, Bal\u0131kesir Valili\u011fi, Ayval\u0131k Belediyesi ve Bal\u0131kesir \u0130l K\u00fclt\u00fcr M\u00fcd\u00fcrl\u00fc\u011f\u00fc i\u015fbirli\u011fiyle d\u00fczenlenen Bal\u0131kesir<\/p>\n","protected":false},"author":3,"featured_media":27913,"comment_status":"open","ping_status":"open","sticky":false,"template":"","format":"standard","meta":{"colormag_page_container_layout":"default_layout","colormag_page_sidebar_layout":"default_layout","footnotes":""},"categories":[1,5,6,8],"tags":[],"class_list":["post-27912","post","type-post","status-publish","format-standard","has-post-thumbnail","hentry","category-genel","category-gundem","category-kultur-sanat","category-siyaset"],"_links":{"self":[{"href":"https:\/\/marmarayerelhizmet.com\/index.php\/wp-json\/wp\/v2\/posts\/27912","targetHints":{"allow":["GET"]}}],"collection":[{"href":"https:\/\/marmarayerelhizmet.com\/index.php\/wp-json\/wp\/v2\/posts"}],"about":[{"href":"https:\/\/marmarayerelhizmet.com\/index.php\/wp-json\/wp\/v2\/types\/post"}],"author":[{"embeddable":true,"href":"https:\/\/marmarayerelhizmet.com\/index.php\/wp-json\/wp\/v2\/users\/3"}],"replies":[{"embeddable":true,"href":"https:\/\/marmarayerelhizmet.com\/index.php\/wp-json\/wp\/v2\/comments?post=27912"}],"version-history":[{"count":0,"href":"https:\/\/marmarayerelhizmet.com\/index.php\/wp-json\/wp\/v2\/posts\/27912\/revisions"}],"wp:featuredmedia":[{"embeddable":true,"href":"https:\/\/marmarayerelhizmet.com\/index.php\/wp-json\/wp\/v2\/media\/27913"}],"wp:attachment":[{"href":"https:\/\/marmarayerelhizmet.com\/index.php\/wp-json\/wp\/v2\/media?parent=27912"}],"wp:term":[{"taxonomy":"category","embeddable":true,"href":"https:\/\/marmarayerelhizmet.com\/index.php\/wp-json\/wp\/v2\/categories?post=27912"},{"taxonomy":"post_tag","embeddable":true,"href":"https:\/\/marmarayerelhizmet.com\/index.php\/wp-json\/wp\/v2\/tags?post=27912"}],"curies":[{"name":"wp","href":"https:\/\/api.w.org\/{rel}","templated":true}]}}