{"id":27873,"date":"2024-12-07T10:36:17","date_gmt":"2024-12-07T07:36:17","guid":{"rendered":"https:\/\/marmarayerelhizmet.com\/?p=27873"},"modified":"2024-12-07T10:36:17","modified_gmt":"2024-12-07T07:36:17","slug":"akindan-bigadice-mujde-ustune-mujde","status":"publish","type":"post","link":"https:\/\/marmarayerelhizmet.com\/index.php\/2024\/12\/07\/akindan-bigadice-mujde-ustune-mujde\/","title":{"rendered":"Ak\u0131n\u2019dan Bigadi\u00e7\u2019e M\u00fcjde \u00dcst\u00fcne M\u00fcjde"},"content":{"rendered":"<p><strong><span style=\"font-family: arial, helvetica, sans-serif; font-size: 14px;\">Bigadi\u00e7\u2019te ger\u00e7ekle\u015fen Halk Bulu\u015fmas\u0131\u2019nda Bigadi\u00e7lilerle bir araya gelen Bal\u0131kesir B\u00fcy\u00fck\u015fehir Belediye Ba\u015fkan\u0131 Ahmet Ak\u0131n, il\u00e7ede en yak\u0131n zamanda bir kre\u015f a\u00e7acaklar\u0131n\u0131 ifade ederken kad\u0131nlar i\u00e7in tekstil at\u00f6lyesi a\u00e7\u0131lmas\u0131 noktas\u0131nda da bir seferberlik ba\u015flatacaklar\u0131n\u0131 belirtti<\/span><\/strong><\/p>\n<p><span style=\"font-family: arial, helvetica, sans-serif; font-size: 14px;\">Bal\u0131kesir B\u00fcy\u00fck\u015fehir Belediye Ba\u015fkan\u0131 Ahmet Ak\u0131n, \u201cHalk Bulu\u015fmas\u0131\u201d programlar\u0131n\u0131 s\u00fcrd\u00fcr\u00fcyor. Bigadi\u00e7\u2019te On On Kafe\u2019nin a\u00e7\u0131l\u0131\u015f\u0131n\u0131n ard\u0131ndan halk bulu\u015fmas\u0131nda vatanda\u015flarla bir araya gelen Ak\u0131n, Bigadi\u00e7lilerin taleplerini, isteklerini ve sorunlar\u0131n\u0131 dinledi. Bigadi\u00e7le ilgili baz\u0131 hedeflerinin oldu\u011funu s\u00f6yleyen Ak\u0131n, il\u00e7eye yak\u0131n zamanda kre\u015f a\u00e7acaklar\u0131n\u0131n m\u00fcjdesini verirken ayn\u0131 zamanda kad\u0131nlar i\u00e7in tekstil at\u00f6lyesi a\u00e7\u0131lmas\u0131 noktas\u0131nda da bir seferberlik ba\u015flatacaklar\u0131n\u0131 belirtti. Tar\u0131mda Bal\u0131kesir Modeliyle 5 y\u0131l\u0131n sonunda tar\u0131m\u0131n ba\u015fkenti Bal\u0131kesir\u2019i sosyo-ekonomik geli\u015fmi\u015flik bak\u0131m\u0131ndan \u00fclkenin ilk 10 kenti aras\u0131na \u00e7\u0131karmay\u0131 hedeflediklerini aktard\u0131.<\/span><\/p>\n<p><strong><span style=\"font-family: arial, helvetica, sans-serif; font-size: 14px;\">Plan yoksa ba\u015far\u0131 da yok<br \/>\n<\/span><\/strong><span style=\"font-family: arial, helvetica, sans-serif; font-size: 14px;\">Ayr\u0131mc\u0131l\u0131\u011f\u0131n kendi k\u00fclt\u00fcr ve inan\u00e7lar\u0131nda olmad\u0131\u011f\u0131na vurgu yapan Ak\u0131n, Atat\u00fcrk\u2019\u00fcn emaneti Cumhuriyet\u2019te de olmad\u0131\u011f\u0131n\u0131 s\u00f6yledi. Bal\u0131kesir\u2019de n\u00fcfusun g\u00fcn ge\u00e7tik\u00e7e ya\u015fland\u0131\u011f\u0131n\u0131 belirten Ak\u0131n, hem n\u00fcfusu gen\u00e7le\u015ftirmek hem de insanlar\u0131 kendi memleketlerinde tutmak i\u00e7in \u00e7al\u0131\u015fmalar y\u00fcr\u00fctt\u00fcklerini belirtti. Bigadi\u00e7 Belediye Ba\u015fkan\u0131\u2019yla il\u00e7e de istihdam olu\u015fturmak i\u00e7in hep birlikte bir \u00e7al\u0131\u015fma i\u00e7erisinde olduklar\u0131n\u0131 aktaran Ak\u0131n, \u201cEtiyle, s\u00fct\u00fcyle, orman\u0131yla, tar\u0131m\u0131yla, stratejik konumuyla b\u00fct\u00fcn g\u00fczelliklerin bir arada oldu\u011fu bir kentteyiz. \u0130\u015fte bunun i\u00e7in bizler yap\u0131lmayan\u0131 yapal\u0131m dedik. Y\u0131llard\u0131r bunu mecliste de s\u00f6yl\u00fcyorum. T\u00fcrkiye\u2019nin en b\u00fcy\u00fck s\u0131k\u0131nt\u0131lar\u0131ndan bir tanesi plans\u0131zl\u0131kt\u0131r. Devlet Planlama Te\u015fkilat\u0131\u2019n\u0131n i\u015flevini sonland\u0131r\u0131nca tar\u0131m bir tarafta \u00fcretim ba\u015fka bir tarafta, gen\u00e7lerimiz ba\u015fka bir tarafta, sanayi de bir tarafta kald\u0131. Biz de g\u00f6reve gelir gelmez T\u00fcrkiye\u2019ye \u00f6rnek olsun diye BAPKA\u2019y\u0131 kurduk. Se\u00e7ilir se\u00e7ilmez d\u00f6rt aya yak\u0131n bir s\u00fcre gece g\u00fcnd\u00fcz her yeri dola\u015farak planlamay\u0131 ortaya koyduk. Biz \u015fu anda ne yapaca\u011f\u0131m\u0131z\u0131 biliyoruz. \u00c7\u00fcnk\u00fc planlanmayan hi\u00e7bir i\u015f ba\u015far\u0131 ve kazan\u00e7la sonu\u00e7lanm\u0131yor\u201d \u015feklinde konu\u015ftu.<\/span><\/p>\n<p><strong><span style=\"font-family: arial, helvetica, sans-serif; font-size: 14px;\">Hedef ilk 10\u2019da yer almak<br \/>\n<\/span><\/strong><span style=\"font-family: arial, helvetica, sans-serif; font-size: 14px;\">G\u00f6me\u00e7\u2019te \u00fcreticinin 90 liraya satamad\u0131\u011f\u0131 bamyay\u0131 120 TL\u2019ye sat\u0131n al\u0131p katma de\u011feri y\u00fcksek bir \u00fcr\u00fcn haline getirip ABD\u2019ye 41 dolara satt\u0131klar\u0131n\u0131 hat\u0131rlatan Ak\u0131n, 2029 i\u00e7in hedeflerine de\u011finirken Tar\u0131mda Bal\u0131kesir Modeliyle 10 bin yeni istihdam olu\u015fturmay\u0131 planlad\u0131klar\u0131n\u0131 s\u00f6yledi. Ak\u0131n, \u201c1 milyar dolarl\u0131k tar\u0131m \u00fcr\u00fcn\u00fcn\u00fc ihra\u00e7 etmek i\u00e7in \u00f6n\u00fcm\u00fczde bir hedef belirledik. Ve 5 y\u0131l sonunda Allah\u2019\u0131n izniyle Bal\u0131kesir\u2019i sosyo-ekonomik geli\u015fmi\u015flik bak\u0131m\u0131ndan \u00fclkemizin ilk 10 kenti aras\u0131nda g\u00f6rmek i\u00e7in bir yola \u00e7\u0131kt\u0131k. Eminim ki bunu el birli\u011fiyle \u00e7al\u0131\u015f\u0131p \u00e7ok daha yukar\u0131ya \u00e7\u0131karaca\u011f\u0131z\u201d diye konu\u015ftu.<\/span><\/p>\n<p><strong><span style=\"font-family: arial, helvetica, sans-serif; font-size: 14px;\">Bigadi\u00e7\u2019e kre\u015f a\u00e7\u0131lacak<br \/>\n<\/span><\/strong><span style=\"font-family: arial, helvetica, sans-serif; font-size: 14px;\">Bigadi\u00e7 Belediyesi\u2019nden \u0130skele\u2019de bulunan eski belediye binas\u0131n\u0131 kad\u0131nlar ve gen\u00e7ler i\u00e7in istediklerini belirten Ak\u0131n, \u015funlar\u0131 s\u00f6yledi: \u201c\u0130skele\u2019de \u00e7ok g\u00fczel bir binam\u0131z var. O binam\u0131z kad\u0131nlar\u0131m\u0131z ve gen\u00e7lerimiz i\u00e7in Gen\u00e7lik Merkezi veya E\u011fitim Merkezi olabilir. Kur\u2019an okumak isteyenler i\u00e7in bir merkez olabilir. Bunlar\u0131n hepsinin birle\u015fti\u011fi bir e\u011fitim, k\u00fclt\u00fcr ve kazan\u00e7 merkezi haline getirmeye kararl\u0131y\u0131z. Bigadi\u00e7\u2019te en yak\u0131n zamanda bir kre\u015f a\u00e7\u0131yoruz. Yerini arkada\u015flar\u0131m\u0131z belirledi. Bu kre\u015fte evlatlar\u0131m\u0131z, huzur i\u00e7inde okuyacak. Buraya anneler \u00e7ocuklar\u0131n\u0131 b\u0131rakabilecek. Kendileri de hayat\u0131n i\u00e7inde olacaklar.\u201d<\/span><\/p>\n<p><strong><span style=\"font-family: arial, helvetica, sans-serif; font-size: 14px;\">Otopark, tekstil at\u00f6lyesi, otogar geliyor<br \/>\n<\/span><\/strong><span style=\"font-family: arial, helvetica, sans-serif; font-size: 14px;\">Halk Bulu\u015fmas\u0131na t\u00fcm kadroyla kat\u0131ld\u0131klar\u0131n\u0131 s\u00f6yleyen Ak\u0131n, Yak\u0131n \u00c7\u00f6z\u00fcm Ekibinin Bigadi\u00e7\u2019te 48 mahalle muhtar\u0131yla g\u00f6r\u00fc\u015fme ger\u00e7ekle\u015ftirdi\u011fini belirtirken, \u201cB\u00fct\u00fcn mahallelerimizle ilgili \u00e7al\u0131\u015fmalar\u0131 yapt\u0131. Bigadi\u00e7 ile ilgili baz\u0131 hedeflerimiz var. Mesela bir otogar ihtiyac\u0131m\u0131z var. Bunu k\u0131sa s\u00fcrede hayata ge\u00e7irece\u011fiz. Otopark ihtiyac\u0131m\u0131z var. Onunla ilgili de belediye ba\u015fkan\u0131m\u0131zla birlikte \u00e7al\u0131\u015fmalar\u0131m\u0131z\u0131 yapaca\u011f\u0131z. Kad\u0131nlar\u0131m\u0131z i\u00e7in tekstil at\u00f6lyesi ihtiyac\u0131 var. Bununla ilgili de bir seferberlik ba\u015flataca\u011f\u0131z. Yeter ki kad\u0131nlar\u0131m\u0131z \u00e7al\u0131\u015fs\u0131n. Pazar yerine otob\u00fcs seferlerine de d\u00fczenlemelerimiz olacak. Burada s\u00f6z sizdedir. Hizmetinizde ve emrinizdeyiz\u201d ifadelerini kulland\u0131.<\/span><\/p>\n<p><strong><span style=\"font-family: arial, helvetica, sans-serif; font-size: 14px;\">Muhtarla bir araya geldi<br \/>\n<\/span><\/strong><span style=\"font-family: arial, helvetica, sans-serif; font-size: 14px;\">Ba\u015fkan Ak\u0131n, Halk Bulu\u015fmas\u0131\u2019n\u0131n ard\u0131ndan 48 mahallenin muhtarlar\u0131yla bir araya geldi. Halk Bulu\u015fmas\u0131\u2019na Bigadi\u00e7 Belediye Ba\u015fkan\u0131 Mustafa G\u00f6ksel\u2019de kat\u0131ld\u0131. Mahalle ve k\u00f6ylerde ya\u015fanan s\u0131k\u0131nt\u0131lar\u0131n \u00e7\u00f6z\u00fcm\u00fc noktas\u0131nda B\u00fcy\u00fck\u015fehir Belediyesi ve il\u00e7e belediyesinin el ele verip \u00e7al\u0131\u015faca\u011f\u0131n\u0131 s\u00f6yleyen Ak\u0131n, \u201cBal\u0131kesir\u2019de sadece belli bir b\u00f6lgeye veya birka\u00e7 il\u00e7eye hizmet anlay\u0131\u015f\u0131n\u0131 tamamen bitirdik. 20 il\u00e7emize ayn\u0131 hassasiyetle ayn\u0131 \u00f6zenle yakla\u015f\u0131yoruz. Bug\u00fcn de Belediye Ba\u015fkan\u0131m\u0131z Mustafa G\u00f6ksel\u2019i ziyaret ettik. Beraber y\u00fcr\u00fctt\u00fc\u011f\u00fcm\u00fcz \u00e7al\u0131\u015fmalarda kendisine g\u00f6sterdi\u011fi i\u015f birli\u011finden dolay\u0131 te\u015fekk\u00fcr ettim. Bigadi\u00e7\u2019i B\u00fcy\u00fck\u015fehir, il\u00e7e demeden el ele, omuz omuza birlikte kalk\u0131nd\u0131raca\u011f\u0131z\u201d dedi.<\/span><\/p>\n","protected":false},"excerpt":{"rendered":"<p>Bigadi\u00e7\u2019te ger\u00e7ekle\u015fen Halk Bulu\u015fmas\u0131\u2019nda Bigadi\u00e7lilerle bir araya gelen Bal\u0131kesir B\u00fcy\u00fck\u015fehir Belediye Ba\u015fkan\u0131 Ahmet Ak\u0131n, il\u00e7ede en yak\u0131n zamanda bir kre\u015f<\/p>\n","protected":false},"author":3,"featured_media":27874,"comment_status":"open","ping_status":"open","sticky":false,"template":"","format":"standard","meta":{"colormag_page_container_layout":"default_layout","colormag_page_sidebar_layout":"default_layout","footnotes":""},"categories":[1,5,8],"tags":[],"class_list":["post-27873","post","type-post","status-publish","format-standard","has-post-thumbnail","hentry","category-genel","category-gundem","category-siyaset"],"_links":{"self":[{"href":"https:\/\/marmarayerelhizmet.com\/index.php\/wp-json\/wp\/v2\/posts\/27873","targetHints":{"allow":["GET"]}}],"collection":[{"href":"https:\/\/marmarayerelhizmet.com\/index.php\/wp-json\/wp\/v2\/posts"}],"about":[{"href":"https:\/\/marmarayerelhizmet.com\/index.php\/wp-json\/wp\/v2\/types\/post"}],"author":[{"embeddable":true,"href":"https:\/\/marmarayerelhizmet.com\/index.php\/wp-json\/wp\/v2\/users\/3"}],"replies":[{"embeddable":true,"href":"https:\/\/marmarayerelhizmet.com\/index.php\/wp-json\/wp\/v2\/comments?post=27873"}],"version-history":[{"count":0,"href":"https:\/\/marmarayerelhizmet.com\/index.php\/wp-json\/wp\/v2\/posts\/27873\/revisions"}],"wp:featuredmedia":[{"embeddable":true,"href":"https:\/\/marmarayerelhizmet.com\/index.php\/wp-json\/wp\/v2\/media\/27874"}],"wp:attachment":[{"href":"https:\/\/marmarayerelhizmet.com\/index.php\/wp-json\/wp\/v2\/media?parent=27873"}],"wp:term":[{"taxonomy":"category","embeddable":true,"href":"https:\/\/marmarayerelhizmet.com\/index.php\/wp-json\/wp\/v2\/categories?post=27873"},{"taxonomy":"post_tag","embeddable":true,"href":"https:\/\/marmarayerelhizmet.com\/index.php\/wp-json\/wp\/v2\/tags?post=27873"}],"curies":[{"name":"wp","href":"https:\/\/api.w.org\/{rel}","templated":true}]}}