{"id":27863,"date":"2024-12-06T18:01:10","date_gmt":"2024-12-06T15:01:10","guid":{"rendered":"https:\/\/marmarayerelhizmet.com\/?p=27863"},"modified":"2024-12-06T18:01:10","modified_gmt":"2024-12-06T15:01:10","slug":"yol-haritamizi-genclerle-belirleyecegiz","status":"publish","type":"post","link":"https:\/\/marmarayerelhizmet.com\/index.php\/2024\/12\/06\/yol-haritamizi-genclerle-belirleyecegiz\/","title":{"rendered":"&#8216;Yol Haritam\u0131z\u0131 Gen\u00e7lerle Belirleyece\u011fiz&#8217;"},"content":{"rendered":"<p><strong><span style=\"font-family: arial, helvetica, sans-serif; font-size: 14px;\">T\u00fcrkiye\u2019nin gelece\u011finin gen\u00e7ler oldu\u011funu s\u00f6yleyen Bal\u0131kesir B\u00fcy\u00fck\u015fehir Belediye Ba\u015fkan\u0131 Ahmet Ak\u0131n, daha g\u00fczel ve kal\u0131c\u0131 eserler b\u0131rakmak i\u00e7in onlar\u0131n fikirlerini alarak yol haritalar\u0131n\u0131 belirleyeceklerini s\u00f6yledi.<\/span><\/strong><\/p>\n<p><span style=\"font-family: arial, helvetica, sans-serif; font-size: 14px;\">Bal\u0131kesir B\u00fcy\u00fck\u015fehir Belediye Ba\u015fkan\u0131 Ahmet Ak\u0131n, Bal\u0131kesir \u00dcniversitesi M\u00fchendislik Fak\u00fcltesi Dekanl\u0131\u011f\u0131 taraf\u0131ndan d\u00fczenlenen &#8220;\u0130\u015fte M\u00fchendis&#8221; End\u00fcstriyel Kariyer ve \u0130stihdam Platformu\u201d program\u0131n\u0131n kapan\u0131\u015f program\u0131na kat\u0131ld\u0131. Program da 43. ve 44. D\u00f6nem TFF Ba\u015fkan\u0131, B\u00fcrokrat, \u0130\u015f \u0130nsan\u0131, Yazar Mustafa Kemal Ulusu taraf\u0131ndan \u201cAtat\u00fcrk\u2019\u00fcn Yan\u0131 Ba\u015f\u0131nda\u201d isimli s\u00f6yleyi\u015fi ger\u00e7ekle\u015ftirildi. Ulusu, 12 y\u0131l boyunca Mustafa Kemal Atat\u00fcrk\u2019\u00fcn yan\u0131nda bulunan babas\u0131 Nuri Ulusu\u2019nun hat\u0131ralar\u0131n\u0131 gen\u00e7lerle payla\u015ft\u0131. Programda konu\u015fan Ba\u015fkan Ak\u0131n, Bal\u0131kesir\u2019in de\u011fi\u015fti\u011fini ve d\u00f6n\u00fc\u015ft\u00fc\u011f\u00fcn\u00fc belirtirken bu s\u00fcre\u00e7te gen\u00e7lerin fikirlerine \u00e7ok \u00f6nem verdiklerini s\u00f6yledi. \u00d6n\u00fcm\u00fczdeki s\u00fcre\u00e7te gen\u00e7lerle s\u0131k s\u0131k bir araya gelip onlar\u0131n nas\u0131l bir Bal\u0131kesir hayal etti\u011fi noktas\u0131nda fikir al\u0131\u015fveri\u015finde bulunmak istediklerini belirten Ak\u0131n, kat\u0131l\u0131mc\u0131lar\u0131n 5 Aral\u0131k Kad\u0131n Haklar\u0131 G\u00fcn\u00fc\u2019n\u00fc de kutlad\u0131.<\/span><\/p>\n<p><strong><span style=\"font-family: arial, helvetica, sans-serif; font-size: 14px;\">Atat\u00fcrk\u2019\u00fcn izinde onun hedeflerine do\u011fru<br \/>\n<\/span><\/strong><span style=\"font-family: arial, helvetica, sans-serif; font-size: 14px;\">Ulu \u00d6nder Gazi Mustafa Kemal Atat\u00fcrk\u2019\u00fcn 5 Aral\u0131k 1934 y\u0131l\u0131nda kad\u0131nlara se\u00e7me ve se\u00e7ilme hakk\u0131n\u0131 verdi\u011fini s\u00f6yleyen Ak\u0131n: \u201cSadece bu \u00f6zel g\u00fcn\u00fc kutluyor olmam\u0131z bile Ulu \u00d6nderimiz Gazi Mustafa Kemal Atat\u00fcrk\u2019\u00fcn o geni\u015f vizyonunu hepimize g\u00f6steriyor ve Cumhuriyet\u2019in \u00f6nemini de bir kez daha ortaya koyuyor. Atat\u00fcrk bizlere tar\u0131mdan sanayiye, e\u011fitimden sa\u011fl\u0131\u011fa, k\u00fclt\u00fcrden spora kadar bir\u00e7ok alanda yol g\u00f6sterdi. \u201cBa\u015far\u0131 i\u00e7in en hakiki m\u00fcr\u015fit ilimdir, fendir. \u0130lim ve fennin haricinde m\u00fcr\u015fit aramak gaflettir, cehalettir, dalalettir.\u201d dedi. Bug\u00fcn yapmam\u0131z gereken onun i\u015faret etti\u011fi bu yoldan giderek laik, demokratik, tam ba\u011f\u0131ms\u0131z T\u00fcrkiye hedefine kararl\u0131l\u0131kla y\u00fcr\u00fcmektir. Nitekim bug\u00fcn yak\u0131n co\u011frafyam\u0131zda ya\u015fanan trajedilere bakt\u0131\u011f\u0131m\u0131z zaman \u00f6zellikle kad\u0131nlar\u0131n i\u00e7erisinde d\u00fc\u015ft\u00fc\u011f\u00fc o ac\u0131 durumlar\u0131 g\u00f6rd\u00fc\u011f\u00fcm\u00fcz zaman Ulu \u00d6nder Atat\u00fcrk\u2019\u00fc devrimlerini de \u00f6nemini de \u00e7ok daha iyi anl\u0131yoruz\u201d diye konu\u015ftu.<\/span><\/p>\n<p><strong><span style=\"font-family: arial, helvetica, sans-serif; font-size: 14px;\">Yol haritam\u0131z\u0131 gen\u00e7lerle belirleyece\u011fiz<br \/>\n<\/span><\/strong><span style=\"font-family: arial, helvetica, sans-serif; font-size: 14px;\">Bal\u0131kesir\u2019de 53 bin \u00f6\u011frencinin oldu\u011fu bilgisini payla\u015fan Ak\u0131n, \u201c\u00d6\u011frencilerimizin rahat ve mutluluk i\u00e7erisinde oldu\u011fu ya\u015fayan bir kamp\u00fcs hayalimiz var. \u00d6n\u00fcm\u00fczde de 4 y\u0131ll\u0131k bir s\u00fcre\u00e7 var. Bu projelerimizi yava\u015f yava\u015f hayata ge\u00e7irece\u011fiz. \u015eehrimize yeni gelen ve burada e\u011fitimini tamamlam\u0131\u015f \u00f6\u011frenci karde\u015flerimizle birlikte yol haritam\u0131z\u0131 belirleyece\u011fiz\u201d dedi.<\/span><\/p>\n","protected":false},"excerpt":{"rendered":"<p>T\u00fcrkiye\u2019nin gelece\u011finin gen\u00e7ler oldu\u011funu s\u00f6yleyen Bal\u0131kesir B\u00fcy\u00fck\u015fehir Belediye Ba\u015fkan\u0131 Ahmet Ak\u0131n, daha g\u00fczel ve kal\u0131c\u0131 eserler b\u0131rakmak i\u00e7in onlar\u0131n fikirlerini<\/p>\n","protected":false},"author":3,"featured_media":27864,"comment_status":"open","ping_status":"open","sticky":false,"template":"","format":"standard","meta":{"colormag_page_container_layout":"default_layout","colormag_page_sidebar_layout":"default_layout","footnotes":""},"categories":[1,5,8],"tags":[],"class_list":["post-27863","post","type-post","status-publish","format-standard","has-post-thumbnail","hentry","category-genel","category-gundem","category-siyaset"],"_links":{"self":[{"href":"https:\/\/marmarayerelhizmet.com\/index.php\/wp-json\/wp\/v2\/posts\/27863","targetHints":{"allow":["GET"]}}],"collection":[{"href":"https:\/\/marmarayerelhizmet.com\/index.php\/wp-json\/wp\/v2\/posts"}],"about":[{"href":"https:\/\/marmarayerelhizmet.com\/index.php\/wp-json\/wp\/v2\/types\/post"}],"author":[{"embeddable":true,"href":"https:\/\/marmarayerelhizmet.com\/index.php\/wp-json\/wp\/v2\/users\/3"}],"replies":[{"embeddable":true,"href":"https:\/\/marmarayerelhizmet.com\/index.php\/wp-json\/wp\/v2\/comments?post=27863"}],"version-history":[{"count":0,"href":"https:\/\/marmarayerelhizmet.com\/index.php\/wp-json\/wp\/v2\/posts\/27863\/revisions"}],"wp:featuredmedia":[{"embeddable":true,"href":"https:\/\/marmarayerelhizmet.com\/index.php\/wp-json\/wp\/v2\/media\/27864"}],"wp:attachment":[{"href":"https:\/\/marmarayerelhizmet.com\/index.php\/wp-json\/wp\/v2\/media?parent=27863"}],"wp:term":[{"taxonomy":"category","embeddable":true,"href":"https:\/\/marmarayerelhizmet.com\/index.php\/wp-json\/wp\/v2\/categories?post=27863"},{"taxonomy":"post_tag","embeddable":true,"href":"https:\/\/marmarayerelhizmet.com\/index.php\/wp-json\/wp\/v2\/tags?post=27863"}],"curies":[{"name":"wp","href":"https:\/\/api.w.org\/{rel}","templated":true}]}}