{"id":27854,"date":"2024-12-03T18:20:25","date_gmt":"2024-12-03T15:20:25","guid":{"rendered":"https:\/\/marmarayerelhizmet.com\/?p=27854"},"modified":"2024-12-04T18:21:25","modified_gmt":"2024-12-04T15:21:25","slug":"engelsiz-altieylul-icin-birlikteyiz","status":"publish","type":"post","link":"https:\/\/marmarayerelhizmet.com\/index.php\/2024\/12\/03\/engelsiz-altieylul-icin-birlikteyiz\/","title":{"rendered":"&#8216;Engelsiz Alt\u0131eyl\u00fcl i\u00e7in Birlikteyiz&#8217;"},"content":{"rendered":"<p><strong><span style=\"font-family: arial, helvetica, sans-serif; font-size: 14px;\">Alt\u0131eyl\u00fcl Belediye Ba\u015fkan\u0131 Hakan \u015eehirli, 3 Aral\u0131k D\u00fcnya Engelliler G\u00fcn\u00fc kapsam\u0131nda d\u00fczenlenen kahvalt\u0131da engelli bireyler ve dernek temsilcileriyle bir araya geldi. Ba\u015fkan \u015eehirli, engelli bireylerin haklar\u0131na dikkat \u00e7ekerek, toplumda fark\u0131ndal\u0131k olu\u015fturman\u0131n \u00f6nemine vurgu yapt\u0131.<\/span><\/strong><\/p>\n<p><strong><span style=\"font-family: arial, helvetica, sans-serif; font-size: 14px;\">Ba\u015fkan \u015eehirli: \u201cE\u015fit haklar i\u00e7in toplumsal dayan\u0131\u015fma \u015fart\u201d<br \/>\n<\/span><\/strong><span style=\"font-family: arial, helvetica, sans-serif; font-size: 14px;\">Programda konu\u015fan Ba\u015fkan Hakan \u015eehirli, \u201cBug\u00fcn burada sizlerle birlikte olmaktan mutluluk duyuyorum. Bu anlaml\u0131 g\u00fcn, engelli bireylerimizin sorunlar\u0131n\u0131 ve \u00e7\u00f6z\u00fcm yollar\u0131n\u0131 birlikte de\u011ferlendirmek i\u00e7in \u00f6nemli bir f\u0131rsat. E\u011fitimden istihdama, sa\u011fl\u0131ktan sosyal ya\u015fama kadar her alanda e\u015fit haklara sahip olmak, herkes gibi engelli bireylerimizin de en temel hakk\u0131d\u0131r. Bu haklar\u0131n tam anlam\u0131yla hayata ge\u00e7irilebilmesi i\u00e7in yasal d\u00fczenlemelerin yan\u0131nda toplumsal bilin\u00e7 ve dayan\u0131\u015fma da b\u00fcy\u00fck \u00f6nem ta\u015f\u0131maktad\u0131r. Alt\u0131eyl\u00fcl Belediyesi olarak her zaman yan\u0131n\u0131zda olmaya devam edece\u011fiz\u201d dedi.<\/span><\/p>\n<p><strong><span style=\"font-family: arial, helvetica, sans-serif; font-size: 14px;\">Furkan \u00d6zsay\u0131n: \u201cUnutulmad\u0131\u011f\u0131m\u0131z\u0131 g\u00f6rmek bizi \u00e7ok mutlu etti\u201d<br \/>\n<\/span><\/strong><span style=\"font-family: arial, helvetica, sans-serif; font-size: 14px;\">\u0130\u015fitme Engelliler Derne\u011fi Ba\u015fkan\u0131 Furkan \u00d6zsay\u0131n ise duygular\u0131n\u0131 \u015fu s\u00f6zlerle dile getirdi: \u201cBizleri burada a\u011f\u0131rlad\u0131\u011f\u0131n\u0131z ve unutmad\u0131\u011f\u0131n\u0131z i\u00e7in te\u015fekk\u00fcr ederiz. Daha \u00f6nce b\u00f6yle bir organizasyona davet edilmemi\u015ftik. Bu bizim i\u00e7in \u00e7ok anlaml\u0131. Alt\u0131eyl\u00fcl Belediyesi\u2019ne deste\u011fimiz her zaman tamd\u0131r. Biz de \u00fczerimize d\u00fc\u015fen ne varsa yapmaya haz\u0131r\u0131z.\u201d<\/span><\/p>\n<p><strong><span style=\"font-family: arial, helvetica, sans-serif; font-size: 14px;\">Alt\u0131eyl\u00fcl\u2019de Engelsiz bir ya\u015fam i\u00e7in \u00e7al\u0131\u015fmalar s\u00fcrecek<br \/>\n<\/span><\/strong><span style=\"font-family: arial, helvetica, sans-serif; font-size: 14px;\">Alt\u0131eyl\u00fcl Belediyesi, engelli bireylerin hayat\u0131n her alan\u0131nda kar\u015f\u0131la\u015ft\u0131klar\u0131 engelleri ortadan kald\u0131rmay\u0131 ve onlar\u0131n sosyal ya\u015fama kat\u0131l\u0131m\u0131n\u0131 art\u0131rmay\u0131 hedefliyor. Ba\u015fkan \u015eehirli\u2019nin liderli\u011finde engelsiz bir Alt\u0131eyl\u00fcl i\u00e7in \u00e7al\u0131\u015fmalar h\u0131z kesmeden devam edecek.<\/span><\/p>\n","protected":false},"excerpt":{"rendered":"<p>Alt\u0131eyl\u00fcl Belediye Ba\u015fkan\u0131 Hakan \u015eehirli, 3 Aral\u0131k D\u00fcnya Engelliler G\u00fcn\u00fc kapsam\u0131nda d\u00fczenlenen kahvalt\u0131da engelli bireyler ve dernek temsilcileriyle bir araya<\/p>\n","protected":false},"author":3,"featured_media":27855,"comment_status":"open","ping_status":"open","sticky":false,"template":"","format":"standard","meta":{"colormag_page_container_layout":"default_layout","colormag_page_sidebar_layout":"default_layout","footnotes":""},"categories":[1,5,8],"tags":[],"class_list":["post-27854","post","type-post","status-publish","format-standard","has-post-thumbnail","hentry","category-genel","category-gundem","category-siyaset"],"_links":{"self":[{"href":"https:\/\/marmarayerelhizmet.com\/index.php\/wp-json\/wp\/v2\/posts\/27854","targetHints":{"allow":["GET"]}}],"collection":[{"href":"https:\/\/marmarayerelhizmet.com\/index.php\/wp-json\/wp\/v2\/posts"}],"about":[{"href":"https:\/\/marmarayerelhizmet.com\/index.php\/wp-json\/wp\/v2\/types\/post"}],"author":[{"embeddable":true,"href":"https:\/\/marmarayerelhizmet.com\/index.php\/wp-json\/wp\/v2\/users\/3"}],"replies":[{"embeddable":true,"href":"https:\/\/marmarayerelhizmet.com\/index.php\/wp-json\/wp\/v2\/comments?post=27854"}],"version-history":[{"count":0,"href":"https:\/\/marmarayerelhizmet.com\/index.php\/wp-json\/wp\/v2\/posts\/27854\/revisions"}],"wp:featuredmedia":[{"embeddable":true,"href":"https:\/\/marmarayerelhizmet.com\/index.php\/wp-json\/wp\/v2\/media\/27855"}],"wp:attachment":[{"href":"https:\/\/marmarayerelhizmet.com\/index.php\/wp-json\/wp\/v2\/media?parent=27854"}],"wp:term":[{"taxonomy":"category","embeddable":true,"href":"https:\/\/marmarayerelhizmet.com\/index.php\/wp-json\/wp\/v2\/categories?post=27854"},{"taxonomy":"post_tag","embeddable":true,"href":"https:\/\/marmarayerelhizmet.com\/index.php\/wp-json\/wp\/v2\/tags?post=27854"}],"curies":[{"name":"wp","href":"https:\/\/api.w.org\/{rel}","templated":true}]}}