{"id":27851,"date":"2024-12-03T18:18:32","date_gmt":"2024-12-03T15:18:32","guid":{"rendered":"https:\/\/marmarayerelhizmet.com\/?p=27851"},"modified":"2024-12-04T18:20:19","modified_gmt":"2024-12-04T15:20:19","slug":"aramizda-engel-yok","status":"publish","type":"post","link":"https:\/\/marmarayerelhizmet.com\/index.php\/2024\/12\/03\/aramizda-engel-yok\/","title":{"rendered":"&#8216;Aram\u0131zda Engel Yok&#8217;"},"content":{"rendered":"<p><strong><span style=\"font-family: arial, helvetica, sans-serif; font-size: 14px;\">3 Aral\u0131k D\u00fcnya Engelliler G\u00fcn\u00fc\u2019nde Band\u0131rma Engelsiz Ya\u015fam Merkezi anlaml\u0131 bir etkinli\u011fe ev sahipli\u011fi yapt\u0131. \u00d6zel bireylerin yeteneklerini sergiledi\u011fi ve keyifli vakit ge\u00e7irdikleri etkinlikte \u201cAram\u0131zda engel yok\u201d mesaj\u0131 verildi.<\/span><\/strong><\/p>\n<p><span style=\"font-family: arial, helvetica, sans-serif; font-size: 14px;\">Bal\u0131kesir B\u00fcy\u00fck\u015fehir Belediyesi Band\u0131rma Engelsiz Ya\u015fam Merkezi, 3 Aral\u0131k D\u00fcnya Engelliler G\u00fcn\u00fc kapsam\u0131nda \u00f6zel \u00f6\u011frencilere y\u00f6nelik anlaml\u0131 bir etkinli\u011fe imza att\u0131lar. Toplumda fark\u0131ndal\u0131k olu\u015fturmak ve engelli bireylerin hayatlar\u0131na dokunmak amac\u0131yla d\u00fczenlenen etkinlikte \u00f6\u011frenciler, misafirlere duygu dolu anlar ya\u015fatt\u0131.<\/span><\/p>\n<p><strong><span style=\"font-family: arial, helvetica, sans-serif; font-size: 14px;\">Empati ve Dayan\u0131\u015fma Duygular\u0131 G\u00fc\u00e7lendi<br \/>\n<\/span><\/strong><span style=\"font-family: arial, helvetica, sans-serif; font-size: 14px;\">Etkinlik, Yaman \u00d6ren adl\u0131 \u00f6\u011frencinin a\u00e7\u0131l\u0131\u015f konu\u015fmas\u0131yla ba\u015flad\u0131. \u00d6ren, konuklar\u0131 s\u0131cak bir \u015fekilde kar\u015f\u0131layarak g\u00fcn\u00fcn anlam ve \u00f6nemine vurgu yapt\u0131. Ard\u0131ndan sahneye \u00e7\u0131kan H\u00fcseyin \u00c7imen, seslendirdi\u011fi birbirinden g\u00fczel \u015fark\u0131larla etkinli\u011fe ne\u015fe katt\u0131. \u00d6\u011frencilerden Zeynep Bulut ve Poyraz Efe \u00dcst\u00fcn ise i\u015faret diliyle yapt\u0131klar\u0131 sunumla \u201cAram\u0131zda engel yok\u201d mesaj\u0131 vererek b\u00fcy\u00fck alk\u0131\u015f toplad\u0131. Sevgi, dayan\u0131\u015fma ve empatiyle engelsiz bir ya\u015fam in\u015fa etmenin m\u00fcmk\u00fcn oldu\u011funu bir kez daha g\u00f6zler \u00f6n\u00fcne seren etkinlik, kat\u0131l\u0131mc\u0131lar taraf\u0131ndan be\u011feniyle kar\u015f\u0131land\u0131. Etkinlik, t\u00fcm kat\u0131l\u0131mc\u0131lar\u0131n bir araya gelerek \u00e7ektirdi\u011fi hat\u0131ra foto\u011fraf\u0131yla son buldu. Bal\u0131kesir B\u00fcy\u00fck\u015fehir Belediyesi Band\u0131rma Engelsiz Ya\u015fam Merkezi Koordinat\u00f6r\u00fc Eda \u00d6zcan, fark\u0131ndal\u0131k olu\u015fturmay\u0131 hedefleyen bu t\u00fcr etkinliklerle \u00f6zel bireylerin yan\u0131nda olduklar\u0131n\u0131 ifade ederek toplumda empati ve dayan\u0131\u015fma duygular\u0131n\u0131 g\u00fc\u00e7lendirmeyi ama\u00e7lad\u0131klar\u0131n\u0131 belirtti.<\/span><\/p>\n<p>&nbsp;<\/p>\n","protected":false},"excerpt":{"rendered":"<p>3 Aral\u0131k D\u00fcnya Engelliler G\u00fcn\u00fc\u2019nde Band\u0131rma Engelsiz Ya\u015fam Merkezi anlaml\u0131 bir etkinli\u011fe ev sahipli\u011fi yapt\u0131. \u00d6zel bireylerin yeteneklerini sergiledi\u011fi ve<\/p>\n","protected":false},"author":3,"featured_media":27852,"comment_status":"open","ping_status":"open","sticky":false,"template":"","format":"standard","meta":{"colormag_page_container_layout":"default_layout","colormag_page_sidebar_layout":"default_layout","footnotes":""},"categories":[45,1,5,8],"tags":[],"class_list":["post-27851","post","type-post","status-publish","format-standard","has-post-thumbnail","hentry","category-egitim","category-genel","category-gundem","category-siyaset"],"_links":{"self":[{"href":"https:\/\/marmarayerelhizmet.com\/index.php\/wp-json\/wp\/v2\/posts\/27851","targetHints":{"allow":["GET"]}}],"collection":[{"href":"https:\/\/marmarayerelhizmet.com\/index.php\/wp-json\/wp\/v2\/posts"}],"about":[{"href":"https:\/\/marmarayerelhizmet.com\/index.php\/wp-json\/wp\/v2\/types\/post"}],"author":[{"embeddable":true,"href":"https:\/\/marmarayerelhizmet.com\/index.php\/wp-json\/wp\/v2\/users\/3"}],"replies":[{"embeddable":true,"href":"https:\/\/marmarayerelhizmet.com\/index.php\/wp-json\/wp\/v2\/comments?post=27851"}],"version-history":[{"count":0,"href":"https:\/\/marmarayerelhizmet.com\/index.php\/wp-json\/wp\/v2\/posts\/27851\/revisions"}],"wp:featuredmedia":[{"embeddable":true,"href":"https:\/\/marmarayerelhizmet.com\/index.php\/wp-json\/wp\/v2\/media\/27852"}],"wp:attachment":[{"href":"https:\/\/marmarayerelhizmet.com\/index.php\/wp-json\/wp\/v2\/media?parent=27851"}],"wp:term":[{"taxonomy":"category","embeddable":true,"href":"https:\/\/marmarayerelhizmet.com\/index.php\/wp-json\/wp\/v2\/categories?post=27851"},{"taxonomy":"post_tag","embeddable":true,"href":"https:\/\/marmarayerelhizmet.com\/index.php\/wp-json\/wp\/v2\/tags?post=27851"}],"curies":[{"name":"wp","href":"https:\/\/api.w.org\/{rel}","templated":true}]}}