{"id":27800,"date":"2024-11-26T15:51:22","date_gmt":"2024-11-26T12:51:22","guid":{"rendered":"https:\/\/marmarayerelhizmet.com\/?p=27800"},"modified":"2024-11-27T00:52:34","modified_gmt":"2024-11-26T21:52:34","slug":"gelecegin-muzik-dehalari-yetisiyor","status":"publish","type":"post","link":"https:\/\/marmarayerelhizmet.com\/index.php\/2024\/11\/26\/gelecegin-muzik-dehalari-yetisiyor\/","title":{"rendered":"Gelece\u011fin M\u00fczik Dehalar\u0131 Yeti\u015fiyor"},"content":{"rendered":"<p><strong><span style=\"font-family: arial, helvetica, sans-serif; font-size: 14px;\">Bal\u0131kesir\u2019in Band\u0131rma il\u00e7esinde, Bal\u0131kesir B\u00fcy\u00fck\u015fehir Belediyesi Band\u0131rma Konservatuar\u0131, e\u011fitimdeki y\u00fcksek standartlar\u0131yla, \u00f6\u011frencilerini d\u00fcnya \u00e7ap\u0131nda ba\u015far\u0131l\u0131 sanat\u00e7\u0131lar olarak yeti\u015ftiriyor. B\u00fcy\u00fck\u015fehir Belediyesi Band\u0131rma Konservatuar\u0131 \u00f6\u011frencilerinden Erva Bilge \u015eeng\u00f6ren ve Masal Erdan, ulusal ve uluslararas\u0131 alanda \u00f6nemli ba\u015far\u0131lar elde etti.<\/span><\/strong><\/p>\n<p><span style=\"font-family: arial, helvetica, sans-serif; font-size: 14px;\">Bal\u0131kesir B\u00fcy\u00fck\u015fehir Belediyesi Band\u0131rma Konservatuar\u0131\u2019n\u0131n e\u011fitmenlerinden Hazal Sara\u00e7o\u011flu\u2019nun \u00f6\u011frencileri olan Erva Bilge \u015eeng\u00f6ren (7) ve Masal Erdan (9) ulusal ve uluslararas\u0131 alandaki ba\u015far\u0131lar\u0131yla dikkat \u00e7ekerek, konservatuar\u0131n e\u011fitim ve rehberlik kalitesini bir kez daha g\u00f6zler \u00f6n\u00fcne serdiler.<br \/>\n<\/span><span style=\"font-family: arial, helvetica, sans-serif; font-size: 14px;\">Konservatuar \u00f6\u011frencilerinden Erva Bilge \u015eeng\u00f6ren, Londra Kraliyet Akademisi\u2019ndeki (ABRSM) 1. y\u0131l\u0131n\u0131, en y\u00fcksek derece olan \u201cDistinction\u201d ile tamamlayarak b\u00fcy\u00fck bir ba\u015far\u0131ya imza att\u0131. Hen\u00fcz 7 ya\u015f\u0131nda olmas\u0131na ra\u011fmen, 4 ya\u015f\u0131nda piyano \u00e7almaya ba\u015flayan Erva Bilge \u015eeng\u00f6ren, 3 y\u0131ld\u0131r d\u00fczenli ve disiplinli bir \u015fekilde \u00e7al\u0131\u015farak bu ba\u015far\u0131y\u0131 elde etti.<br \/>\n<\/span><span style=\"font-family: arial, helvetica, sans-serif; font-size: 14px;\">B\u00fcy\u00fck\u015fehir Belediyesi Konservatuar\u0131 ve \u00f6\u011fretmeni Hazal Sara\u00e7o\u011flu\u2019nun kendisinin bu seviyeye ula\u015fmas\u0131na b\u00fcy\u00fck katk\u0131 sa\u011flad\u0131\u011f\u0131n\u0131 ifade eden Erva Bilge \u015eeng\u00f6ren\u2019in hedefi ise 8. Grade\u2019den mezun olarak d\u00fcnyan\u0131n d\u00f6rt bir yan\u0131nda piyano \u00e7almay\u0131 ve piyano pedagogu olarak kariyer yapmay\u0131 s\u00fcrd\u00fcrmek. Erva Bilge \u015eeng\u00f6ren, \u201cBal\u0131kesir B\u00fcy\u00fck\u015fehir Belediyesi Konservatuar\u0131 bana sadece m\u00fczik \u00f6\u011fretmedi, ayn\u0131 zamanda hayatta nas\u0131l ilerleyece\u011fimi de g\u00f6sterdi. \u00d6\u011fretmenim Hazal Sara\u00e7o\u011flu\u2019nun yard\u0131m\u0131yla bu kadar ilerledim. Konservatuar bana \u00e7ok g\u00fczel f\u0131rsatlar sundu ve burada \u00e7ok \u015fey \u00f6\u011frendim. B\u00fcy\u00fck\u015fehir Belediyesine ve b\u00fct\u00fcn \u00f6\u011fretmenlerime bana yard\u0131mc\u0131 olduklar\u0131 i\u00e7in \u00e7ok te\u015fekk\u00fcr ediyorum\u201d diye konu\u015ftu.<\/span><\/p>\n<p><strong><span style=\"font-family: arial, helvetica, sans-serif; font-size: 14px;\">Masal Viyana yolunda<br \/>\n<\/span><\/strong><span style=\"font-family: arial, helvetica, sans-serif; font-size: 14px;\">Konservatuar\u0131n ba\u015far\u0131l\u0131 \u00f6\u011frencilerinden bir di\u011feri olan Masal Erdan ise 1. Uluslararas\u0131 Ankara Piyano Yar\u0131\u015fmas\u0131\u2019nda kazand\u0131\u011f\u0131 mansiyon \u00f6d\u00fcl\u00fcyle dikkatleri \u00fczerine \u00e7ekti. Masal Erdan, ger\u00e7ekle\u015ftirilecek \u00f6d\u00fcl t\u00f6renine kat\u0131lmak \u00fczere Mart 2025\u2019te Viyana\u2019ya gidecek. 4 y\u0131l \u00f6nce piyano \u00e7almaya ba\u015flayan Masal Erdan, Bal\u0131kesir B\u00fcy\u00fck\u015fehir Belediyesi Konservatuar\u0131\u2019nda ald\u0131\u011f\u0131 e\u011fitim ile k\u0131sa s\u00fcrede b\u00fcy\u00fck bir geli\u015fim g\u00f6stererek London College of Music s\u0131nav\u0131nda 1. Grade sertifikas\u0131na sahip olmay\u0131 da ba\u015fard\u0131.<br \/>\n<\/span><span style=\"font-family: arial, helvetica, sans-serif; font-size: 14px;\">Bal\u0131kesir B\u00fcy\u00fck\u015fehir Belediyesi Konservatuar\u0131, \u00f6\u011frencilerinin sadece m\u00fczikal yeteneklerini geli\u015ftirmekle kalmay\u0131p, ayn\u0131 zamanda onlar\u0131n gelece\u011fe dair do\u011fru ad\u0131mlar atabilmeleri i\u00e7in kapsaml\u0131 bir rehberlik hizmeti de sunuyor. E\u011fitmen Hazal Sara\u00e7o\u011flu, konservatuar \u00f6\u011frencilerinin yaln\u0131zca teknik becerilerle ve m\u00fczi\u011fe olan tutkular\u0131n\u0131 besleyerek yeti\u015ftirilmedi\u011fini, ayn\u0131 zamanda hayatlar\u0131na y\u00f6n veren de\u011ferli bir rehberlik ald\u0131klar\u0131n\u0131 vurgulad\u0131. Sara\u00e7o\u011flu, \u201cE\u011fitim s\u00fcrecinde her \u00f6\u011frencinin ki\u015fisel hedeflerine uygun bir yol haritas\u0131 \u00e7iziliyor ve b\u00f6yle onlar\u0131n ger\u00e7ek potansiyellerine ula\u015fmalar\u0131na yard\u0131mc\u0131 olunuyor. Bal\u0131kesir B\u00fcy\u00fck\u015fehir Belediyesi Konservatuar\u0131, her \u00f6\u011frencisinin hem sanat\u00e7\u0131 hem de g\u00fc\u00e7l\u00fc bir birey olarak yeti\u015fmesini hedefleyerek, sadece m\u00fczik e\u011fitimi de\u011fil, ya\u015fam boyu s\u00fcrecek ba\u015far\u0131lar i\u00e7in sa\u011flam temeller at\u0131yor\u201d dedi.<\/span><\/p>\n","protected":false},"excerpt":{"rendered":"<p>Bal\u0131kesir\u2019in Band\u0131rma il\u00e7esinde, Bal\u0131kesir B\u00fcy\u00fck\u015fehir Belediyesi Band\u0131rma Konservatuar\u0131, e\u011fitimdeki y\u00fcksek standartlar\u0131yla, \u00f6\u011frencilerini d\u00fcnya \u00e7ap\u0131nda ba\u015far\u0131l\u0131 sanat\u00e7\u0131lar olarak yeti\u015ftiriyor. B\u00fcy\u00fck\u015fehir Belediyesi<\/p>\n","protected":false},"author":3,"featured_media":27801,"comment_status":"open","ping_status":"open","sticky":false,"template":"","format":"standard","meta":{"colormag_page_container_layout":"default_layout","colormag_page_sidebar_layout":"default_layout","footnotes":""},"categories":[47,1,5,8,9],"tags":[],"class_list":["post-27800","post","type-post","status-publish","format-standard","has-post-thumbnail","hentry","category-dunya","category-genel","category-gundem","category-siyaset","category-spor"],"_links":{"self":[{"href":"https:\/\/marmarayerelhizmet.com\/index.php\/wp-json\/wp\/v2\/posts\/27800","targetHints":{"allow":["GET"]}}],"collection":[{"href":"https:\/\/marmarayerelhizmet.com\/index.php\/wp-json\/wp\/v2\/posts"}],"about":[{"href":"https:\/\/marmarayerelhizmet.com\/index.php\/wp-json\/wp\/v2\/types\/post"}],"author":[{"embeddable":true,"href":"https:\/\/marmarayerelhizmet.com\/index.php\/wp-json\/wp\/v2\/users\/3"}],"replies":[{"embeddable":true,"href":"https:\/\/marmarayerelhizmet.com\/index.php\/wp-json\/wp\/v2\/comments?post=27800"}],"version-history":[{"count":0,"href":"https:\/\/marmarayerelhizmet.com\/index.php\/wp-json\/wp\/v2\/posts\/27800\/revisions"}],"wp:featuredmedia":[{"embeddable":true,"href":"https:\/\/marmarayerelhizmet.com\/index.php\/wp-json\/wp\/v2\/media\/27801"}],"wp:attachment":[{"href":"https:\/\/marmarayerelhizmet.com\/index.php\/wp-json\/wp\/v2\/media?parent=27800"}],"wp:term":[{"taxonomy":"category","embeddable":true,"href":"https:\/\/marmarayerelhizmet.com\/index.php\/wp-json\/wp\/v2\/categories?post=27800"},{"taxonomy":"post_tag","embeddable":true,"href":"https:\/\/marmarayerelhizmet.com\/index.php\/wp-json\/wp\/v2\/tags?post=27800"}],"curies":[{"name":"wp","href":"https:\/\/api.w.org\/{rel}","templated":true}]}}