{"id":27383,"date":"2024-10-08T23:14:49","date_gmt":"2024-10-08T20:14:49","guid":{"rendered":"https:\/\/marmarayerelhizmet.com\/?p=27383"},"modified":"2024-10-10T23:15:44","modified_gmt":"2024-10-10T20:15:44","slug":"cevre-egitim-ve-bilim-merkezini-hizmete-acildi","status":"publish","type":"post","link":"https:\/\/marmarayerelhizmet.com\/index.php\/2024\/10\/08\/cevre-egitim-ve-bilim-merkezini-hizmete-acildi\/","title":{"rendered":"\u00c7evre E\u011fitim ve Bilim Merkezi\u2019ni Hizmete A\u00e7\u0131ld\u0131"},"content":{"rendered":"<p><strong><span style=\"font-family: arial, helvetica, sans-serif; font-size: 14px;\">Bal\u0131kesir B\u00fcy\u00fck\u015fehir Belediyesi taraf\u0131ndan Ahmet Edip U\u011fur Gen\u00e7lik K\u00fclt\u00fcr ve Aktivite Merkezi\u2019nde, \u00c7evre E\u011fitim ve Bilim Merkezi hizmete a\u00e7\u0131ld\u0131. \u00c7evreye ve do\u011faya y\u00f6nelik fark\u0131ndal\u0131\u011f\u0131n olu\u015fmas\u0131 i\u00e7in a\u00e7\u0131lan merkezde, \u00e7ocuklar e\u011flenerek \u00f6\u011frenecek.<\/span><\/strong><\/p>\n<p><span style=\"font-family: arial, helvetica, sans-serif; font-size: 14px;\">\u00c7evreye duyarl\u0131 \u00e7al\u0131\u015fmalarla gelecek nesillere temiz bir \u015fehir b\u0131rakma gayesiyle hareket eden Bal\u0131kesir B\u00fcy\u00fck\u015fehir Belediye Ba\u015fkan\u0131 Ahmet Ak\u0131n, Bal\u0131kesir\u2019de ba\u015flayan \u201cATMA Hareketi\u201d kapsam\u0131nda \u00c7aml\u0131k\u2019ta bulunan Ahmet Edip U\u011fur K\u00fclt\u00fcr ve Aktivite Merkezi\u2019nde \u00c7evre E\u011fitim ve Bilim Merkezi\u2019nin a\u00e7\u0131l\u0131\u015f\u0131n\u0131 ger\u00e7ekle\u015ftirdi. E\u015fi Arbil Ak\u0131n ve ATMA Derne\u011fi Y\u00f6netim Kurulu Ba\u015fkan\u0131 Pervin Ersoy ile birlikte merkezin a\u00e7\u0131l\u0131\u015f\u0131n\u0131 yapan Ba\u015fkan Ak\u0131n, \u00e7evreye duyarl\u0131 bireyler yeti\u015ftirmek i\u00e7in t\u00fcm imk\u00e2nlar\u0131 seferber edeceklerini dile getirdi.<\/span><\/p>\n<p><strong><span style=\"font-family: arial, helvetica, sans-serif; font-size: 14px;\">\u201cG\u00fczel \u0130\u015flere imza ataca\u011f\u0131z\u201d<br \/>\n<\/span><\/strong><span style=\"font-family: arial, helvetica, sans-serif; font-size: 14px;\">\u00c7evre E\u011fitim ve Bilim Merkezi\u2019nde d\u00fczenlenen at\u00f6lye \u00e7al\u0131\u015fmalar\u0131 ve son teknoloji deney cihazlar\u0131yla \u00e7ocuklar\u0131n e\u011flenerek \u00f6\u011freneceklerini s\u00f6yleyen Ba\u015fkan Ak\u0131n, \u201cBurada at\u0131k \u00fcr\u00fcnlerden yap\u0131lan bir s\u00fcr\u00fc malzemelerimiz var. Yan tarafta co\u011frafya ile ilgili, sizin e\u011fitiminiz ile ilgili bir\u00e7ok b\u00f6yle yerler a\u00e7\u0131l\u0131yor. Sizleri \u00e7ok seviyorum, tamam m\u0131? Hi\u00e7 unutmay\u0131n, hep beraberiz. \u0130n\u015fallah beraber \u00e7ok daha g\u00fczel i\u015flere imza ataca\u011f\u0131z. Hay\u0131rl\u0131 u\u011furlu olsun\u201d dedi.<br \/>\n<\/span><span style=\"font-family: arial, helvetica, sans-serif; font-size: 14px;\">Bal\u0131kesir B\u00fcy\u00fck\u015fehir Belediye Ba\u015fkan\u0131 Ahmet Ak\u0131n, a\u00e7\u0131l\u0131\u015f\u0131n ard\u0131ndan e\u015fi Arbil Ak\u0131n\u2019la birlikte merkezi gezdi. Merkezde bulunan d\u00fczeneklerle ilgili bilgi alan Ak\u0131n, \u00fc\u00e7 boyutlu yaz\u0131c\u0131lar ile geli\u015ftirilen robotu denedi.<\/span><\/p>\n","protected":false},"excerpt":{"rendered":"<p>Bal\u0131kesir B\u00fcy\u00fck\u015fehir Belediyesi taraf\u0131ndan Ahmet Edip U\u011fur Gen\u00e7lik K\u00fclt\u00fcr ve Aktivite Merkezi\u2019nde, \u00c7evre E\u011fitim ve Bilim Merkezi hizmete a\u00e7\u0131ld\u0131. \u00c7evreye<\/p>\n","protected":false},"author":3,"featured_media":27384,"comment_status":"open","ping_status":"open","sticky":false,"template":"","format":"standard","meta":{"colormag_page_container_layout":"default_layout","colormag_page_sidebar_layout":"default_layout","footnotes":""},"categories":[45,1,5,8],"tags":[],"class_list":["post-27383","post","type-post","status-publish","format-standard","has-post-thumbnail","hentry","category-egitim","category-genel","category-gundem","category-siyaset"],"_links":{"self":[{"href":"https:\/\/marmarayerelhizmet.com\/index.php\/wp-json\/wp\/v2\/posts\/27383","targetHints":{"allow":["GET"]}}],"collection":[{"href":"https:\/\/marmarayerelhizmet.com\/index.php\/wp-json\/wp\/v2\/posts"}],"about":[{"href":"https:\/\/marmarayerelhizmet.com\/index.php\/wp-json\/wp\/v2\/types\/post"}],"author":[{"embeddable":true,"href":"https:\/\/marmarayerelhizmet.com\/index.php\/wp-json\/wp\/v2\/users\/3"}],"replies":[{"embeddable":true,"href":"https:\/\/marmarayerelhizmet.com\/index.php\/wp-json\/wp\/v2\/comments?post=27383"}],"version-history":[{"count":0,"href":"https:\/\/marmarayerelhizmet.com\/index.php\/wp-json\/wp\/v2\/posts\/27383\/revisions"}],"wp:featuredmedia":[{"embeddable":true,"href":"https:\/\/marmarayerelhizmet.com\/index.php\/wp-json\/wp\/v2\/media\/27384"}],"wp:attachment":[{"href":"https:\/\/marmarayerelhizmet.com\/index.php\/wp-json\/wp\/v2\/media?parent=27383"}],"wp:term":[{"taxonomy":"category","embeddable":true,"href":"https:\/\/marmarayerelhizmet.com\/index.php\/wp-json\/wp\/v2\/categories?post=27383"},{"taxonomy":"post_tag","embeddable":true,"href":"https:\/\/marmarayerelhizmet.com\/index.php\/wp-json\/wp\/v2\/tags?post=27383"}],"curies":[{"name":"wp","href":"https:\/\/api.w.org\/{rel}","templated":true}]}}