{"id":27352,"date":"2024-10-05T12:02:51","date_gmt":"2024-10-05T09:02:51","guid":{"rendered":"https:\/\/marmarayerelhizmet.com\/?p=27352"},"modified":"2024-10-05T12:02:51","modified_gmt":"2024-10-05T09:02:51","slug":"ureticiye-sera-naylonu-destegi","status":"publish","type":"post","link":"https:\/\/marmarayerelhizmet.com\/index.php\/2024\/10\/05\/ureticiye-sera-naylonu-destegi\/","title":{"rendered":"\u00dcreticiye Sera Naylonu Deste\u011fi"},"content":{"rendered":"<p><strong><span style=\"font-family: arial, helvetica, sans-serif; font-size: 14px;\">Bal\u0131kesir B\u00fcy\u00fck\u015fehir Belediyesi \u00e7ift\u00e7inin y\u00fcz\u00fcn\u00fc g\u00fcld\u00fcrd\u00fc, 332 \u00fcreticiye y\u00fczde 50 hibeli sera naylonu deste\u011fi yap\u0131ld\u0131.<\/span><\/strong><\/p>\n<p><span style=\"font-family: arial, helvetica, sans-serif; font-size: 14px;\">S\u00fcrd\u00fcr\u00fclebilir tar\u0131m faaliyetlerini art\u0131rmak i\u00e7in \u00c7ift\u00e7i Destek Program\u0131 ile \u00fcreticilere can suyu olan Bal\u0131kesir B\u00fcy\u00fck\u015fehir Belediyesi, tar\u0131msal \u00fcretimin aksamamas\u0131 i\u00e7in sera \u00f6rt\u00fcleri y\u0131pranan ve kullan\u0131lamaz hale gelen 332 \u00e7ift\u00e7iye y\u00fczde 50 hibeli sera naylonu deste\u011fi sa\u011flad\u0131. Planl\u0131 \u00fcretim i\u00e7in yol haritas\u0131 olu\u015fturduklar\u0131n\u0131 belirten Ba\u015fkan Ak\u0131n \u201cSiz \u00fcretin, biz yan\u0131n\u0131zday\u0131z\u201d dedi.<br \/>\n<\/span><span style=\"font-family: arial, helvetica, sans-serif; font-size: 14px;\">Bal\u0131kesir B\u00fcy\u00fck\u015fehir Belediyesi, \u00c7ift\u00e7i Destek Program\u0131 kapsam\u0131nda; Alt\u0131eyl\u00fcl, Band\u0131rma, Bigadi\u00e7 ve Burhaniye\u2019deki \u00fcreticilere y\u00fczde 50 hibeli plastik sera naylonu da\u011f\u0131t\u0131m\u0131n\u0131 ger\u00e7ekle\u015ftirdi. Do\u011fal afet ve \u00e7e\u015fitli sebeplerden dolay\u0131 sera \u00f6rt\u00fcs\u00fc y\u0131pranan, eskiyen ve kullan\u0131lamayacak derece zarar g\u00f6rm\u00fc\u015f seralar\u0131n \u00f6rt\u00fclerinin yenilenerek yeniden \u00fcretime kazand\u0131r\u0131lmas\u0131 amac\u0131yla 332 \u00fcreticiye Bal\u0131kesir B\u00fcy\u00fck\u015fehir Belediyesi taraf\u0131ndan plastik sera naylonlar\u0131 da\u011f\u0131t\u0131ld\u0131. \u00dcreticilerin omuzlar\u0131ndaki y\u00fck\u00fc hafifletmeyi ama\u00e7lad\u0131klar\u0131n\u0131 s\u00f6yleyen Bal\u0131kesir B\u00fcy\u00fck\u015fehir Belediye Ba\u015fkan\u0131 Ahmet Ak\u0131n, \u00e7ift\u00e7ilere verecekleri desteklerin de her g\u00fcn, her hafta artarak devam edece\u011fini dile getirdi.<\/span><\/p>\n<p><strong><span style=\"font-family: arial, helvetica, sans-serif; font-size: 14px;\">\u201c\u00dcreticilerimize desteklerimiz s\u00fcr\u00fcyor\u201d<br \/>\n<\/span><\/strong><span style=\"font-family: arial, helvetica, sans-serif; font-size: 14px;\">Programda a\u00e7\u0131l\u0131\u015f konu\u015fmas\u0131n\u0131 ger\u00e7ekle\u015ftiren Bal\u0131kesir B\u00fcy\u00fck\u015fehir Belediyesi K\u0131rsal Hizmetler Daire Ba\u015fkan\u0131 G\u00fclnaz \u00c7elikyurt Uzuner, \u201cBal\u0131kesir B\u00fcy\u00fck\u015fehir Belediyesi K\u0131rsal Hizmetler Daire Ba\u015fkanl\u0131\u011f\u0131 olarak Say\u0131n B\u00fcy\u00fck\u015fehir Belediye Ba\u015fkan\u0131m\u0131z Ahmet Ak\u0131n\u2019\u0131n \u00f6nderli\u011finde ba\u015flatt\u0131\u011f\u0131m\u0131z \u00c7ift\u00e7iye Destek Program\u0131 kapsam\u0131nda \u00fcreticilerimizin hasat d\u00f6neminde i\u015flerini daha kolay yapabilmeleri i\u00e7in tarla ve zeytinlik yollar\u0131n\u0131n a\u00e7\u0131lmas\u0131, d\u00fczenlenmesi \u00e7al\u0131\u015fmalar\u0131, tohum temizleme selekt\u00f6r makinesi, ila\u00e7lama makinesi dolum tesisi, s\u00fct so\u011futma tank\u0131, yem ezme makinesi, ceviz i\u00e7i bo\u015f ve \u00e7\u00fcr\u00fck ay\u0131rma makinesi, toprak analiz deste\u011fi,sal\u00e7a makinesi deste\u011fi ve bin 500 \u00fcreticimize fidan deste\u011fi sa\u011flanm\u0131\u015ft\u0131r.Tar\u0131m \u00fcr\u00fcnlerinin de al\u0131mlar\u0131 ger\u00e7ekle\u015ftirilerek \u00e7ift\u00e7imize destek olmaya; Bal\u0131kesir B\u00fcy\u00fck\u015fehir Belediye Ba\u015fkan\u0131m\u0131z Say\u0131n Ahmet Ak\u0131n\u2019\u0131n vizyonu \u00f6nc\u00fcl\u00fc\u011f\u00fcnde de devam edece\u011fiz\u201d dedi.<\/span><\/p>\n<p><strong><span style=\"font-family: arial, helvetica, sans-serif; font-size: 14px;\">Kad\u0131n \u00e7ift\u00e7iden Ba\u015fkan Ak\u0131n\u2019a te\u015fekk\u00fcr<br \/>\n<\/span><\/strong><span style=\"font-family: arial, helvetica, sans-serif; font-size: 14px;\">\u00dcreticilere verdi\u011fi desteklerden dolay\u0131 Bal\u0131kesir B\u00fcy\u00fck\u015fehir Belediye Ba\u015fkan\u0131 Ahmet Ak\u0131n\u2019a te\u015fekk\u00fcr eden \u00fcretici Emine Perte\u015f \u201cBiz kad\u0131n \u00e7ift\u00e7ilerimize daha \u00e7ok destek verilmesini istiyoruz. Kendimiz \u00fcretip kendimiz sat\u0131yoruz. \u00dcrettiklerimi g\u00f6t\u00fcr\u00fcp pazarlarda sat\u0131yorum. Biz kad\u0131n \u00fcreticiler olarak bize verdi\u011fi desteklerden dolay\u0131 Ba\u015fkan\u0131m\u0131z Ahmet Ak\u0131n\u2019dan Allah raz\u0131 olsun, diyoruz. \u00c7ok te\u015fekk\u00fcr ediyoruz.\u201d \u015feklinde konu\u015ftu.<\/span><\/p>\n<p><strong><span style=\"font-family: arial, helvetica, sans-serif; font-size: 14px;\">\u201cKad\u0131nlar\u0131n tarlada eme\u011fi \u00e7ok b\u00fcy\u00fck\u201d<br \/>\n<\/span><\/strong><span style=\"font-family: arial, helvetica, sans-serif; font-size: 14px;\">Bal\u0131kesir B\u00fcy\u00fck\u015fehir Belediye Ba\u015fkan\u0131 Ahmet Ak\u0131n \u201c\u00dcretici ablam\u0131z \u2018Kad\u0131nlara daha \u00e7ok destek istiyoruz\u2019 dedi. Kesinlikle hakl\u0131 \u00e7\u00fcnk\u00fc tarlada kad\u0131nlar \u00e7ok \u00e7al\u0131\u015f\u0131yor. Hakikaten \u00f6yle, yani y\u0131llard\u0131r hep g\u00f6r\u00fcr\u00fcm, dola\u015f\u0131r\u0131m milletvekilli\u011fi s\u00fcrecimden ve \u00f6ncesinden beri; emekleri \u00e7ok b\u00fcy\u00fckt\u00fcr. Ben ba\u015fta ablalar\u0131m\u0131z olmak \u00fczere tar\u0131m ile u\u011fra\u015fan, topra\u011f\u0131ndan para kazanmaya \u00e7al\u0131\u015fan bu kadar girdi maliyetine ra\u011fmen hakikaten ayakta kalmaya \u00e7al\u0131\u015fan t\u00fcm \u00e7ift\u00e7ilerimizin \u00f6n\u00fcnde sayg\u0131yla e\u011filiyorum\u201d ifadelerini kulland\u0131.<\/span><\/p>\n<p><strong><span style=\"font-family: arial, helvetica, sans-serif; font-size: 14px;\">\u201c\u00dcreticilerimizin kazanc\u0131n\u0131 art\u0131rman\u0131n derdindeyiz\u201d<br \/>\n<\/span><\/strong><span style=\"font-family: arial, helvetica, sans-serif; font-size: 14px;\">Bal\u0131kesir\u2019in \u00e7ok verimli topraklara sahip oldu\u011funu s\u00f6yleyen Ba\u015fkan Ak\u0131n \u201cBiz topra\u011f\u0131m\u0131z\u0131 i\u015flemeye, \u00fcretmeye ve bu konuda kurumlar\u0131m\u0131zla, bakanl\u0131\u011f\u0131m\u0131zla, valili\u011fimizle birlikte omuz omuza \u00e7al\u0131\u015fmaya devam edece\u011fiz. \u0130thal eden de\u011fil, \u00fcretip kazanan bir \u00e7ift\u00e7ilik i\u00e7in \u00e7al\u0131\u015fmalar\u0131m\u0131za devam ediyoruz. Bizim g\u00f6rd\u00fc\u011f\u00fcm\u00fcz s\u0131k\u0131nt\u0131 \u015fu; bir planlama ve programlama yok. Planlama olmay\u0131nca ne oluyor? Domatesler, kavunlar, karpuzlar tarlada kal\u0131yor. Bunun i\u00e7in Planlama ve Kalk\u0131nma Ajans\u0131m\u0131z\u0131 kurduk. Burada konunun esas\u0131 tar\u0131msal kalk\u0131nmad\u0131r. Tar\u0131msal kalk\u0131nmay\u0131 esas meselemiz olarak al\u0131yoruz ve bu konuda potansiyelimizi de b\u00f6lge b\u00f6lge planl\u0131yoruz. Bunu uzmanlara dan\u0131\u015f\u0131yoruz, bilenlerle oturuyoruz, akademisyenlerimizle bir araya geliyoruz. Yol haritam\u0131z\u0131 haz\u0131rl\u0131yoruz. Se\u00e7imden sonraki haftadan itibaren bu planlamayla ilgili \u00e7ok uzun ve detayl\u0131 \u00e7al\u0131\u015fmalar yapt\u0131k. \u0130stiyoruz ki \u00e7ift\u00e7imizi en do\u011fru, s\u00fcrd\u00fcr\u00fclebilir bir \u015fekilde nas\u0131l destekleriz. Destek verirsiniz ama yerine gitmez onun i\u00e7in de bu desteklerin anlam\u0131 kalmaz. Onun i\u00e7in de bu destekleri verirken de tam yerine ula\u015ft\u0131r\u0131yoruz. Yak\u0131n zamanda \u2018\u00c7ift\u00e7i Destek Program\u0131\u2019m\u0131z\u0131 ba\u015flatt\u0131k. Bu program kapsam\u0131nda hem \u00e7ift\u00e7imize destek olacak hem de \u00e7ift\u00e7imizin \u00fcr\u00fcnlerini katma de\u011feri y\u00fcksek \u00fcr\u00fcnlere \u00e7evirerek yenilik\u00e7i projelerle de \u00e7ift\u00e7inin kazanc\u0131n\u0131 art\u0131rmak derdine d\u00fc\u015ft\u00fck\u201d dedi.<\/span><\/p>\n<p><strong><span style=\"font-family: arial, helvetica, sans-serif; font-size: 14px;\">\u201cHer zaman sizlerin yan\u0131nday\u0131z\u201d<br \/>\n<\/span><\/strong><span style=\"font-family: arial, helvetica, sans-serif; font-size: 14px;\">Serac\u0131l\u0131\u011f\u0131n her mevsim aksamadan yap\u0131labilmesi i\u00e7in bu destekleri sa\u011flad\u0131klar\u0131n\u0131 belirten Bal\u0131kesir B\u00fcy\u00fck\u015fehir Belediye Ba\u015fkan\u0131 Ahmet Ak\u0131n yapt\u0131\u011f\u0131 konu\u015fmada \u015funlar\u0131 kaydetti; \u201cTar\u0131msal \u00fcretim k\u0131\u015f mevsiminde aksamas\u0131n diye sizlerin \u00fcretimleriniz devam etsin diye girdi maliyetlerinizdeki y\u00fck\u00fc hafifletmek ad\u0131na da sera naylonu deste\u011fi hizmetimizi de sizlerin huzuruna ve hizmetlerinize sunuyoruz. \u00dcreticilerimize hay\u0131rl\u0131 u\u011furlu olsun ve \u00e7ok bereketli olsun. \u0130limizde yakla\u015f\u0131k bin 400 dekarda serac\u0131l\u0131k yap\u0131l\u0131yor. Yapm\u0131\u015f oldu\u011fumuz serac\u0131l\u0131k olumsuz iklime ra\u011fmen \u00fcr\u00fcnleri koruman\u0131n ve verimlili\u011fi art\u0131rman\u0131n en \u00f6nemli yollar\u0131ndan birisi. Biz de siz k\u0131ymetli \u00fcreticilerimizin sofralar\u0131m\u0131za yapt\u0131\u011f\u0131 b\u00fcy\u00fck katk\u0131lar\u0131n da fark\u0131nday\u0131z. T\u00fcrkiye\u2019mizde ya\u015fanan g\u0131da ile ilgili s\u0131k\u0131nt\u0131n\u0131n da fark\u0131nday\u0131z. \u0130\u015fte onun i\u00e7in T\u00fcrkiye\u2019ye bir \u00f6rnek olmas\u0131 i\u00e7in Bal\u0131kesir\u2019imizde tar\u0131msal kalk\u0131nmay\u0131 ba\u015flatt\u0131k. \u0130l Tar\u0131m ve Orman M\u00fcd\u00fcrl\u00fc\u011f\u00fcm\u00fczden elde etti\u011fimiz talepler do\u011frultusunda 58 bin kilogram plastik sera naylonu al\u0131m\u0131n\u0131 yapt\u0131k. Projemiz kapsam\u0131nda Band\u0131rma, Burhaniye, Alt\u0131eyl\u00fcl ve Bigadi\u00e7\u2019te toplam 332 \u00fcreticimize y\u00fczde 50 hibeli olarak bu sera naylonlar\u0131n\u0131 teslim edece\u011fiz. Sera naylonlar\u0131n\u0131n toplam maliyeti yakla\u015f\u0131k 6 milyon 800 bin lira. Bunu yar\u0131 yar\u0131ya \u00fcstlenerek \u00fcreticimizin omuzlar\u0131ndan 3,5 milyon liral\u0131k bir y\u00fck\u00fc B\u00fcy\u00fck\u015fehir Belediyesi olarak biz \u00fcstlenmi\u015f oluyoruz. Tar\u0131mda s\u00fcrd\u00fcr\u00fclebilirli\u011fi ve verimlili\u011fi art\u0131rmak i\u00e7in bug\u00fcn, yar\u0131n ve bundan sonraki g\u00fcnlerde de her zaman hizmetinizde ve emrinizde olmaya devam edece\u011fiz. \u00c7ift\u00e7imizin, \u00fcreticimizin rahat bir nefes almas\u0131 i\u00e7in m\u00fccadele ediyoruz. Siz yeter ki \u00fcretin biz B\u00fcy\u00fck\u015fehir olarak sonuna kadar yan\u0131n\u0131zday\u0131z, sonuna kadar hizmetinizdeyiz. Hepinize te\u015fekk\u00fcr ediyorum. Zor i\u015f. \u00dcretimin ne kadar zor oldu\u011funu ancak onu yapanlar bilir.\u201d<\/span><\/p>\n<p><strong><span style=\"font-family: arial, helvetica, sans-serif; font-size: 14px;\">&#8220;Bu destek biz \u00e7ift\u00e7iler i\u00e7in \u00e7ok \u00f6nemli\u201d<br \/>\n<\/span><\/strong><span style=\"font-family: arial, helvetica, sans-serif; font-size: 14px;\">Halalca k\u0131rsal mahallesinde \u00e7ift\u00e7ilik yapan Fahri Haso\u011flu \u201cBu i\u015f \u00e7ok iyi oldu bizim i\u00e7in. Naylonu par\u00e7alanan seralar\u0131m\u0131z\u0131 tamir ederek \u00fcretime devam edece\u011fiz in\u015fallah.\u201d Diyerek destekten dolay\u0131 Ba\u015fkan Ak\u0131n\u2019a te\u015fekk\u00fcr etti.<br \/>\n<\/span><span style=\"font-family: arial, helvetica, sans-serif; font-size: 14px;\">Bal\u0131kesir B\u00fcy\u00fck\u015fehir Belediyesi\u2019nin \u00fcreticilere sa\u011flad\u0131\u011f\u0131 sera naylonu deste\u011fi i\u00e7in \u00e7ok mutlu oldu\u011funu belirten Nagihan \u015een \u201c45 seneden beri \u00fcreticiyim. Kendim s\u00fcr\u00fcyorum, kendim \u00fcretiyorum, kendim sat\u0131yorum. 4 seram var, iki tanesinin \u00fczeri y\u0131rt\u0131ld\u0131. B\u00f6yle yard\u0131m g\u00f6r\u00fcnce de \u00e7ok sevindik\u201d dedi.<br \/>\n<\/span><span style=\"font-family: arial, helvetica, sans-serif; font-size: 14px;\">Ay\u015febac\u0131 Mahallesi\u2019nden Erdo\u011fan Ayaz\u201cBu destek biz \u00e7ift\u00e7iler i\u00e7in \u00e7ok \u00f6nemli. \u00c7\u00fcnk\u00fc \u00fcretim maliyetleri artt\u0131, \u00e7ift\u00e7i kazanam\u0131yor. Hi\u00e7 olmazsa bu naylon deste\u011fi bir nebze de olsa \u00e7ift\u00e7iyi rahatlatacak.\u201d ifadelerini kulland\u0131.<br \/>\n<\/span><span style=\"font-family: arial, helvetica, sans-serif; font-size: 14px;\">Pamuk\u00e7u\u2019da \u00fcretim yapan \u0130brahim Akdeniz \u201cBenim seram\u0131n naylonu eskimi\u015f, y\u0131rt\u0131lm\u0131\u015ft\u0131. Bu destek bana can simidi oldu desem yeridir. Ahmet Bey\u2019in bize verdi\u011fi bu destekten dolay\u0131 \u00e7ok te\u015fekk\u00fcr ederim\u201d \u015feklinde konu\u015ftu.<\/span><\/p>\n<p>&nbsp;<\/p>\n","protected":false},"excerpt":{"rendered":"<p>Bal\u0131kesir B\u00fcy\u00fck\u015fehir Belediyesi \u00e7ift\u00e7inin y\u00fcz\u00fcn\u00fc g\u00fcld\u00fcrd\u00fc, 332 \u00fcreticiye y\u00fczde 50 hibeli sera naylonu deste\u011fi yap\u0131ld\u0131. S\u00fcrd\u00fcr\u00fclebilir tar\u0131m faaliyetlerini art\u0131rmak i\u00e7in<\/p>\n","protected":false},"author":3,"featured_media":27353,"comment_status":"open","ping_status":"open","sticky":false,"template":"","format":"standard","meta":{"colormag_page_container_layout":"default_layout","colormag_page_sidebar_layout":"default_layout","footnotes":""},"categories":[1,5,8],"tags":[],"class_list":["post-27352","post","type-post","status-publish","format-standard","has-post-thumbnail","hentry","category-genel","category-gundem","category-siyaset"],"_links":{"self":[{"href":"https:\/\/marmarayerelhizmet.com\/index.php\/wp-json\/wp\/v2\/posts\/27352","targetHints":{"allow":["GET"]}}],"collection":[{"href":"https:\/\/marmarayerelhizmet.com\/index.php\/wp-json\/wp\/v2\/posts"}],"about":[{"href":"https:\/\/marmarayerelhizmet.com\/index.php\/wp-json\/wp\/v2\/types\/post"}],"author":[{"embeddable":true,"href":"https:\/\/marmarayerelhizmet.com\/index.php\/wp-json\/wp\/v2\/users\/3"}],"replies":[{"embeddable":true,"href":"https:\/\/marmarayerelhizmet.com\/index.php\/wp-json\/wp\/v2\/comments?post=27352"}],"version-history":[{"count":0,"href":"https:\/\/marmarayerelhizmet.com\/index.php\/wp-json\/wp\/v2\/posts\/27352\/revisions"}],"wp:featuredmedia":[{"embeddable":true,"href":"https:\/\/marmarayerelhizmet.com\/index.php\/wp-json\/wp\/v2\/media\/27353"}],"wp:attachment":[{"href":"https:\/\/marmarayerelhizmet.com\/index.php\/wp-json\/wp\/v2\/media?parent=27352"}],"wp:term":[{"taxonomy":"category","embeddable":true,"href":"https:\/\/marmarayerelhizmet.com\/index.php\/wp-json\/wp\/v2\/categories?post=27352"},{"taxonomy":"post_tag","embeddable":true,"href":"https:\/\/marmarayerelhizmet.com\/index.php\/wp-json\/wp\/v2\/tags?post=27352"}],"curies":[{"name":"wp","href":"https:\/\/api.w.org\/{rel}","templated":true}]}}