{"id":27193,"date":"2024-09-15T05:56:22","date_gmt":"2024-09-15T02:56:22","guid":{"rendered":"https:\/\/marmarayerelhizmet.com\/?p=27193"},"modified":"2024-09-15T10:57:57","modified_gmt":"2024-09-15T07:57:57","slug":"balikesirli-ogrenciler-teknofest-roket-yarismasinda","status":"publish","type":"post","link":"https:\/\/marmarayerelhizmet.com\/index.php\/2024\/09\/15\/balikesirli-ogrenciler-teknofest-roket-yarismasinda\/","title":{"rendered":"Bal\u0131kesirli \u00d6\u011frenciler, TEKNOFEST Roket Yar\u0131\u015fmas\u0131nda"},"content":{"rendered":"<p><strong><span style=\"font-family: arial, helvetica, sans-serif; font-size: 14px;\">Bal\u0131kesir \u00dcniversitesi M\u00fchendislik Fak\u00fcltesi \u00f6\u011frencilerinden olu\u015fan Misya Havac\u0131l\u0131k ve Uzay Teknolojileri Toplulu\u011fu, TEKNOFEST 2024 Roket Yar\u0131\u015fmalar\u0131 Finalleri\u2019nde ilk at\u0131\u015flar\u0131n\u0131 ba\u015far\u0131yla ger\u00e7ekle\u015ftirdi. \u00d6\u011frencilerin att\u0131klar\u0131 roket 5 bin metre irtifaya ula\u015ft\u0131.<\/span><\/strong><\/p>\n<p><span style=\"font-family: arial, helvetica, sans-serif; font-size: 14px;\">Topluluk Akademik Dan\u0131\u015fman\u0131 Prof. Dr. Ayhan \u0130stanbullu ve \u015e\u0130-RA Roket Tak\u0131m Dan\u0131\u015fman\u0131 Do\u00e7. Dr. Fatih Bal\u0131ko\u011flu koordinat\u00f6rl\u00fc\u011f\u00fcnde Aksaray\u2019daki final yar\u0131\u015fmalar\u0131nda 2 tak\u0131mla birlikte m\u00fccadele veren \u00f6\u011frenciler, ilk at\u0131\u015flar\u0131nda 5 bin metre \u00fcst\u00fc irtifaya \u00e7\u0131kmay\u0131 ba\u015fard\u0131.<br \/>\n<\/span><span style=\"font-family: arial, helvetica, sans-serif; font-size: 14px;\">860 tak\u0131m\u0131n ba\u015fvurdu\u011fu TEKNOFEST Roket Yar\u0131\u015fmas\u0131\u2019nda y\u00fcksek irtifa kategorisinde dan 80 tak\u0131m aras\u0131ndan iki tak\u0131m\u0131yla birlikte 12 tak\u0131m\u0131n yer ald\u0131\u011f\u0131 finale kalan Misya Toplulu\u011fu, ikinci at\u0131\u015f\u0131n\u0131 da ikinci at\u0131\u015flar\u0131n\u0131 da \u015e\u0130RA Roket tak\u0131m\u0131 ile ger\u00e7ekle\u015ftirecek.<br \/>\n<\/span><span style=\"font-family: arial, helvetica, sans-serif; font-size: 14px;\">TEKNOFEST Y\u00f6netim Kurulu ve T\u00fcrkiye Teknoloji Tak\u0131m\u0131 Vakf\u0131 M\u00fctevelli Heyeti Ba\u015fkan\u0131 Sel\u00e7uk Bayraktar da Aksaray\u2019da ger\u00e7ekle\u015ftirilen at\u0131\u015flar\u0131 izleyerek, yar\u0131\u015fmada m\u00fccadele veren tak\u0131mlarla bir araya geldi.<br \/>\n<\/span><span style=\"font-family: arial, helvetica, sans-serif; font-size: 14px;\">Roketsan Y\u00f6netim Kurulu Ba\u015fkan\u0131 Prof. Dr. Faruk Yi\u011fit ve Roketsan Genel M\u00fcd\u00fcr\u00fc Murat \u0130kinci de Roketsan\u2019\u0131n vizyonunu anlatarak i\u015fe al\u0131m s\u00fcre\u00e7leri hakk\u0131nda bilgi verdikleri Bal\u0131kesir \u00dcniversiteli \u00f6\u011frencilere tavsiyelerde bulundu.<\/span><\/p>\n","protected":false},"excerpt":{"rendered":"<p>Bal\u0131kesir \u00dcniversitesi M\u00fchendislik Fak\u00fcltesi \u00f6\u011frencilerinden olu\u015fan Misya Havac\u0131l\u0131k ve Uzay Teknolojileri Toplulu\u011fu, TEKNOFEST 2024 Roket Yar\u0131\u015fmalar\u0131 Finalleri\u2019nde ilk at\u0131\u015flar\u0131n\u0131 ba\u015far\u0131yla<\/p>\n","protected":false},"author":3,"featured_media":27194,"comment_status":"open","ping_status":"open","sticky":false,"template":"","format":"standard","meta":{"colormag_page_container_layout":"default_layout","colormag_page_sidebar_layout":"default_layout","footnotes":""},"categories":[46,45,1,5],"tags":[],"class_list":["post-27193","post","type-post","status-publish","format-standard","has-post-thumbnail","hentry","category-bilim-teknoloji","category-egitim","category-genel","category-gundem"],"_links":{"self":[{"href":"https:\/\/marmarayerelhizmet.com\/index.php\/wp-json\/wp\/v2\/posts\/27193","targetHints":{"allow":["GET"]}}],"collection":[{"href":"https:\/\/marmarayerelhizmet.com\/index.php\/wp-json\/wp\/v2\/posts"}],"about":[{"href":"https:\/\/marmarayerelhizmet.com\/index.php\/wp-json\/wp\/v2\/types\/post"}],"author":[{"embeddable":true,"href":"https:\/\/marmarayerelhizmet.com\/index.php\/wp-json\/wp\/v2\/users\/3"}],"replies":[{"embeddable":true,"href":"https:\/\/marmarayerelhizmet.com\/index.php\/wp-json\/wp\/v2\/comments?post=27193"}],"version-history":[{"count":0,"href":"https:\/\/marmarayerelhizmet.com\/index.php\/wp-json\/wp\/v2\/posts\/27193\/revisions"}],"wp:featuredmedia":[{"embeddable":true,"href":"https:\/\/marmarayerelhizmet.com\/index.php\/wp-json\/wp\/v2\/media\/27194"}],"wp:attachment":[{"href":"https:\/\/marmarayerelhizmet.com\/index.php\/wp-json\/wp\/v2\/media?parent=27193"}],"wp:term":[{"taxonomy":"category","embeddable":true,"href":"https:\/\/marmarayerelhizmet.com\/index.php\/wp-json\/wp\/v2\/categories?post=27193"},{"taxonomy":"post_tag","embeddable":true,"href":"https:\/\/marmarayerelhizmet.com\/index.php\/wp-json\/wp\/v2\/tags?post=27193"}],"curies":[{"name":"wp","href":"https:\/\/api.w.org\/{rel}","templated":true}]}}