{"id":27187,"date":"2024-09-15T10:53:32","date_gmt":"2024-09-15T07:53:32","guid":{"rendered":"https:\/\/marmarayerelhizmet.com\/?p=27187"},"modified":"2024-09-15T10:53:32","modified_gmt":"2024-09-15T07:53:32","slug":"halkin-belediyesi-ciftcinin-yaninda","status":"publish","type":"post","link":"https:\/\/marmarayerelhizmet.com\/index.php\/2024\/09\/15\/halkin-belediyesi-ciftcinin-yaninda\/","title":{"rendered":"Halk\u0131n Belediyesi \u00c7ift\u00e7inin Yan\u0131nda"},"content":{"rendered":"<p><strong><span style=\"font-family: arial, helvetica, sans-serif; font-size: 14px;\">\u00c7ekmek\u00f6y Belediye Ba\u015fkan\u0131 Orhan \u00c7erkez, T\u00fcrkiye\u2019nin en \u00f6nemli kavun \u00fcretim merkezlerinden birisi olan Sivas\u2019\u0131n Ak\u0131nc\u0131lar \u0130l\u00e7esi\u2019nde her y\u0131l yap\u0131lan Kavun Festivaline kat\u0131l\u0131m sa\u011flayarak \u00e7ift\u00e7ilerden ald\u0131\u011f\u0131 25 ton kavunu \u00c7ekmek\u00f6y\u2019de ya\u015fayan vatanda\u015flara da\u011f\u0131tt\u0131.<\/span><\/strong><\/p>\n<p><span style=\"font-family: arial, helvetica, sans-serif; font-size: 14px;\">\u00c7ekmek\u00f6y Belediye Ba\u015fkan\u0131 Orhan \u00c7erkez, Sivas\u2019\u0131n Ak\u0131nc\u0131lar il\u00e7esinde her y\u0131l geleneksel olarak d\u00fczenlenen Kavun Festivali\u2019ne kat\u0131l\u0131m sa\u011flad\u0131. Sivas Vadi Federasyonu Genel Ba\u015fkan\u0131 ve \u00c7ekmek\u00f6y Sivasl\u0131lar Dernek Ba\u015fkan\u0131 \u0130\u015f insan\u0131 Y\u00fccel Ayd\u0131n\u2019\u0131n da yer ald\u0131\u011f\u0131 festivalde Ba\u015fkan \u00c7erkez, k\u00f6yl\u00fclerden yakla\u015f\u0131k 25 ton kavun al\u0131p, \u00c7ekmek\u00f6y\u2019de da\u011f\u0131tt\u0131.<\/span><\/p>\n<p><strong><span style=\"font-family: arial, helvetica, sans-serif; font-size: 14px;\">&#8220;\u00c7ekmek\u00f6y Belediyesi olarak kar\u0131nca karar\u0131nca i\u015f\u00e7ilerimize destek olmak i\u00e7in buraya geldik&#8221;<br \/>\n<\/span><\/strong><span style=\"font-family: arial, helvetica, sans-serif; font-size: 14px;\">Festivalin ev sahipli\u011fini yapan Ak\u0131nc\u0131lar Belediye Ba\u015fkan\u0131 Murat Sevin\u00e7\u2019in davetiyle k\u00fcrs\u00fcye \u00e7\u0131kan \u00c7erkez, T\u00fcrkiye\u2019de \u00f6zellikle \u00e7ift\u00e7ilerin ya\u015fad\u0131\u011f\u0131 sorunlar\u0131, s\u0131k\u0131nt\u0131lar\u0131 yak\u0131ndan takip etti\u011fini belirterek \u015funlar\u0131 s\u00f6yledi: \u201c\u00d6zellikle tar\u0131m politikalar\u0131ndan dolay\u0131 \u00e7ift\u00e7imiz b\u00fcy\u00fck zorluklarla kar\u015f\u0131 kar\u015f\u0131ya kal\u0131yor. T\u00fcrkiye\u2019nin hemen her yerinde \u00e7ift\u00e7ilerimiz tarladan hasad\u0131n\u0131 toplayam\u0131yor. G\u00fcbre, mazot ve i\u015f\u00e7ilik bedellerinin artmas\u0131 nedeniyle \u00fcr\u00fcnlerini toplamakta s\u0131k\u0131nt\u0131 \u00e7ektiklerini g\u00f6r\u00fcyoruz. Bu kapsamda biz de \u00c7ekmek\u00f6y Belediyesi olarak kar\u0131nca karar\u0131nca i\u015f\u00e7ilerimize destek olmak i\u00e7in buraya geldik. \u00c7ekmek\u00f6y\u2019de ya\u015fayan hem\u015fehrilerimize burada sizlerin \u00fcretti\u011fi kavunlar\u0131 da\u011f\u0131taca\u011f\u0131z. Bu kapsamda yakla\u015f\u0131k 25 ton kavun ald\u0131k\u201d diye konu\u015ftu. \u0130HA<\/span><\/p>\n","protected":false},"excerpt":{"rendered":"<p>\u00c7ekmek\u00f6y Belediye Ba\u015fkan\u0131 Orhan \u00c7erkez, T\u00fcrkiye\u2019nin en \u00f6nemli kavun \u00fcretim merkezlerinden birisi olan Sivas\u2019\u0131n Ak\u0131nc\u0131lar \u0130l\u00e7esi\u2019nde her y\u0131l yap\u0131lan Kavun<\/p>\n","protected":false},"author":3,"featured_media":27188,"comment_status":"open","ping_status":"open","sticky":false,"template":"","format":"standard","meta":{"colormag_page_container_layout":"default_layout","colormag_page_sidebar_layout":"default_layout","footnotes":""},"categories":[1,5,8],"tags":[],"class_list":["post-27187","post","type-post","status-publish","format-standard","has-post-thumbnail","hentry","category-genel","category-gundem","category-siyaset"],"_links":{"self":[{"href":"https:\/\/marmarayerelhizmet.com\/index.php\/wp-json\/wp\/v2\/posts\/27187","targetHints":{"allow":["GET"]}}],"collection":[{"href":"https:\/\/marmarayerelhizmet.com\/index.php\/wp-json\/wp\/v2\/posts"}],"about":[{"href":"https:\/\/marmarayerelhizmet.com\/index.php\/wp-json\/wp\/v2\/types\/post"}],"author":[{"embeddable":true,"href":"https:\/\/marmarayerelhizmet.com\/index.php\/wp-json\/wp\/v2\/users\/3"}],"replies":[{"embeddable":true,"href":"https:\/\/marmarayerelhizmet.com\/index.php\/wp-json\/wp\/v2\/comments?post=27187"}],"version-history":[{"count":0,"href":"https:\/\/marmarayerelhizmet.com\/index.php\/wp-json\/wp\/v2\/posts\/27187\/revisions"}],"wp:featuredmedia":[{"embeddable":true,"href":"https:\/\/marmarayerelhizmet.com\/index.php\/wp-json\/wp\/v2\/media\/27188"}],"wp:attachment":[{"href":"https:\/\/marmarayerelhizmet.com\/index.php\/wp-json\/wp\/v2\/media?parent=27187"}],"wp:term":[{"taxonomy":"category","embeddable":true,"href":"https:\/\/marmarayerelhizmet.com\/index.php\/wp-json\/wp\/v2\/categories?post=27187"},{"taxonomy":"post_tag","embeddable":true,"href":"https:\/\/marmarayerelhizmet.com\/index.php\/wp-json\/wp\/v2\/tags?post=27187"}],"curies":[{"name":"wp","href":"https:\/\/api.w.org\/{rel}","templated":true}]}}